{"id":3659,"date":"2025-10-29T16:06:15","date_gmt":"2025-10-29T19:06:15","guid":{"rendered":"https:\/\/pos.uel.br\/direito-negocial\/?p=3659"},"modified":"2025-10-29T16:06:15","modified_gmt":"2025-10-29T19:06:15","slug":"profa-dra-tania-lobo-muniz-visita-a-espanha-para-tratar-de-parcerias-academicas-na-area-do-direito-internacional-do-ppgdn-uel","status":"publish","type":"post","link":"https:\/\/pos.uel.br\/direito-negocial\/sem-categoria\/2025\/10\/29\/profa-dra-tania-lobo-muniz-visita-a-espanha-para-tratar-de-parcerias-academicas-na-area-do-direito-internacional-do-ppgdn-uel\/","title":{"rendered":"Profa. Dra. T\u00e2nia Lobo Muniz visita a Espanha para tratar de parcerias acad\u00eamicas na \u00e1rea do direito internacional do PPGDN-UEL"},"content":{"rendered":"\n<p>No dia 21\/10\/2025, a Professora Dra. T\u00e2nia Lobo Muniz foi recebida na Univesidad Rey Juan Carlos pelo Professor Catedr\u00e1tico C\u00e1stor Miguel D\u00edaz Barrado para tratar de parcerias acad\u00eamicas na \u00e1rea do direito internacional do PPGDN-UEL.<\/p>\n\n\n\n<p>Al\u00e9m disso, a Profa. Dra. T\u00e2nia Lobo Muniz esteve na sexta-feira (24\/10) na Secci\u00f3n de Derecho Internacional P\u00fabico da Real Academia de Jurisprudencia y Legislaci\u00f3n de Espa\u00f1a a convite do Prof. C\u00e1stor Miguel D\u00edaz Barrado para network com autoridades espanholas em direito internacional.<\/p>\n\n\n\n<p>A visita \u00e0 Espanha da Profa. Dra. T\u00e2nia Lobo Muniz representa um importante marco para a cont\u00ednua internacionaliza\u00e7\u00e3o do PPGDN, bem como para a abertura de novas parcerias com Universidades da Espanha e da Europa, assim como j\u00e1 ocorre com a Universidade de Vigo\/ESP, a qual o PPGDN possui conv\u00eanio vigente at\u00e9 2029.<\/p>\n\n\n\n<div class=\"wp-block-group is-nowrap is-layout-flex wp-container-core-group-is-layout-ad2f72ca wp-block-group-is-layout-flex\">\n<figure class=\"wp-block-image size-large\"><img loading=\"lazy\" decoding=\"async\" width=\"1024\" height=\"779\" src=\"https:\/\/pos.uel.br\/direito-negocial\/wp-content\/uploads\/2025\/10\/WhatsApp-Image-2025-10-24-at-11.40.55-1-1024x779.jpeg\" alt=\"\" class=\"wp-image-3660\" srcset=\"https:\/\/pos.uel.br\/direito-negocial\/wp-content\/uploads\/2025\/10\/WhatsApp-Image-2025-10-24-at-11.40.55-1-1024x779.jpeg 1024w, https:\/\/pos.uel.br\/direito-negocial\/wp-content\/uploads\/2025\/10\/WhatsApp-Image-2025-10-24-at-11.40.55-1-300x228.jpeg 300w, https:\/\/pos.uel.br\/direito-negocial\/wp-content\/uploads\/2025\/10\/WhatsApp-Image-2025-10-24-at-11.40.55-1-768x584.jpeg 768w, https:\/\/pos.uel.br\/direito-negocial\/wp-content\/uploads\/2025\/10\/WhatsApp-Image-2025-10-24-at-11.40.55-1.jpeg 1279w\" sizes=\"auto, (max-width: 1024px) 100vw, 1024px\" \/><\/figure>\n\n\n\n<figure class=\"wp-block-image size-large\"><img loading=\"lazy\" decoding=\"async\" width=\"1024\" height=\"768\" src=\"https:\/\/pos.uel.br\/direito-negocial\/wp-content\/uploads\/2025\/10\/WhatsApp-Image-2025-10-24-at-11.40.55-1024x768.jpeg\" alt=\"\" class=\"wp-image-3661\" srcset=\"https:\/\/pos.uel.br\/direito-negocial\/wp-content\/uploads\/2025\/10\/WhatsApp-Image-2025-10-24-at-11.40.55-1024x768.jpeg 1024w, https:\/\/pos.uel.br\/direito-negocial\/wp-content\/uploads\/2025\/10\/WhatsApp-Image-2025-10-24-at-11.40.55-300x225.jpeg 300w, https:\/\/pos.uel.br\/direito-negocial\/wp-content\/uploads\/2025\/10\/WhatsApp-Image-2025-10-24-at-11.40.55-768x576.jpeg 768w, https:\/\/pos.uel.br\/direito-negocial\/wp-content\/uploads\/2025\/10\/WhatsApp-Image-2025-10-24-at-11.40.55.jpeg 1280w\" sizes=\"auto, (max-width: 1024px) 100vw, 1024px\" \/><\/figure>\n<\/div>\n","protected":false},"excerpt":{"rendered":"<p>No dia 21\/10\/2025, a Professora Dra. T\u00e2nia Lobo Muniz foi recebida na Univesidad Rey Juan Carlos pelo Professor Catedr\u00e1tico C\u00e1stor Miguel D\u00edaz Barrado para tratar de parcerias acad\u00eamicas na \u00e1rea do direito internacional do PPGDN-UEL. Al\u00e9m disso, a Profa. Dra. T\u00e2nia Lobo Muniz esteve na sexta-feira (24\/10) na Secci\u00f3n de Derecho Internacional P\u00fabico da Real [&hellip;]<\/p>\n","protected":false},"author":32,"featured_media":3661,"comment_status":"open","ping_status":"open","sticky":false,"template":"","format":"standard","meta":{"_acf_changed":false,"footnotes":""},"categories":[1],"tags":[],"class_list":["post-3659","post","type-post","status-publish","format-standard","has-post-thumbnail","hentry","category-sem-categoria"],"acf":[],"_links":{"self":[{"href":"https:\/\/pos.uel.br\/direito-negocial\/wp-json\/wp\/v2\/posts\/3659","targetHints":{"allow":["GET"]}}],"collection":[{"href":"https:\/\/pos.uel.br\/direito-negocial\/wp-json\/wp\/v2\/posts"}],"about":[{"href":"https:\/\/pos.uel.br\/direito-negocial\/wp-json\/wp\/v2\/types\/post"}],"author":[{"embeddable":true,"href":"https:\/\/pos.uel.br\/direito-negocial\/wp-json\/wp\/v2\/users\/32"}],"replies":[{"embeddable":true,"href":"https:\/\/pos.uel.br\/direito-negocial\/wp-json\/wp\/v2\/comments?post=3659"}],"version-history":[{"count":6,"href":"https:\/\/pos.uel.br\/direito-negocial\/wp-json\/wp\/v2\/posts\/3659\/revisions"}],"predecessor-version":[{"id":3667,"href":"https:\/\/pos.uel.br\/direito-negocial\/wp-json\/wp\/v2\/posts\/3659\/revisions\/3667"}],"wp:featuredmedia":[{"embeddable":true,"href":"https:\/\/pos.uel.br\/direito-negocial\/wp-json\/wp\/v2\/media\/3661"}],"wp:attachment":[{"href":"https:\/\/pos.uel.br\/direito-negocial\/wp-json\/wp\/v2\/media?parent=3659"}],"wp:term":[{"taxonomy":"category","embeddable":true,"href":"https:\/\/pos.uel.br\/direito-negocial\/wp-json\/wp\/v2\/categories?post=3659"},{"taxonomy":"post_tag","embeddable":true,"href":"https:\/\/pos.uel.br\/direito-negocial\/wp-json\/wp\/v2\/tags?post=3659"}],"curies":[{"name":"wp","href":"https:\/\/api.w.org\/{rel}","templated":true}]}}