{"id":3654,"date":"2025-10-24T18:33:22","date_gmt":"2025-10-24T21:33:22","guid":{"rendered":"https:\/\/pos.uel.br\/direito-negocial\/?p=3654"},"modified":"2025-10-24T18:33:22","modified_gmt":"2025-10-24T21:33:22","slug":"prof-dr-fabiano-fernando-da-silva-participa-do-sexto-encontro-do-projeto-de-pesquisa-coordenado-pelo-prof-dr-lourival-jose-de-oliveira-na-uel","status":"publish","type":"post","link":"https:\/\/pos.uel.br\/direito-negocial\/sem-categoria\/2025\/10\/24\/prof-dr-fabiano-fernando-da-silva-participa-do-sexto-encontro-do-projeto-de-pesquisa-coordenado-pelo-prof-dr-lourival-jose-de-oliveira-na-uel\/","title":{"rendered":"Prof. Dr. Fabiano Fernando da Silva participa do sexto encontro do projeto de pesquisa coordenado pelo Prof. Dr. Lourival Jos\u00e9 de Oliveira na UEL"},"content":{"rendered":"\n<p>Na segunda-feira, o projeto de pesquisa coordenado pelo Prof. Dr. Lourival Jos\u00e9 de Oliveira e a disciplina Seminarios, ministrada pelo mesmo professor e professora Renata Meda, recebeu o Prof. Dr. Fabiano Fernando da Silva, que ministrou a palestra \u201cDesemprego tecnol\u00f3gico e previd\u00eancia social na sociedade dromol\u00f3gica: \u00e9 preciso regulamentar o direito constitucional da prote\u00e7\u00e3o do trabalhador em face da automa\u00e7\u00e3o (art. 7\u00ba, XVII, CF)\u201d.<\/p>\n\n\n\n<p>O encontro contou com a participa\u00e7\u00e3o do prof. Dr. Fabiano Fernando da Silva, que ministrou a palestra \u201cDesemprego tecnol\u00f3gico e previd\u00eancia social na sociedade dromol\u00f3gica: \u00e9 preciso regulamentar o direito constitucional da prote\u00e7\u00e3o do trabalhador em face da automa\u00e7\u00e3o (art. 7\u00ba, XVII, CF)\u201d.<\/p>\n\n\n\n<p>O prof. Fabiano \u00e9 Doutor e Mestre em Direito pela Universidade de Mar\u00edlia (UNIMAR\/SP), docente da Faculdade Alffa Prime Cuiab\u00e1 e Coordenador de Projetos e P\u00f3s-Gradua\u00e7\u00e3o da FACIPAN. \u00c9 ainda Especialista em Direito Civil e Processo Civil (UNIRONDON), Direito Penal e Processo Penal (AVM) e Direito Administrativo e Administra\u00e7\u00e3o P\u00fablica (UFMT). Atua como Assessor Jur\u00eddico Revisor no Tribunal de Justi\u00e7a de Mato Grosso, al\u00e9m de ser autor jur\u00eddico, parecerista e avaliador cient\u00edfico. \u00c9 membro do Instituto Iberoamericano de Estudos Jur\u00eddicos (IBEROJUR), do Conselho Nacional de Pesquisa e P\u00f3s-Gradua\u00e7\u00e3o em Direito (CONPEDI) e da Associa\u00e7\u00e3o Iberoamericana de Direito e Intelig\u00eancia Artificial (AID-IA).<\/p>\n\n\n\n<p>Durante sua exposi\u00e7\u00e3o, o prof. Fabiano abordou um tema de grande relev\u00e2ncia contempor\u00e2nea: o desemprego tecnol\u00f3gico. \u00c0 medida que as novas tecnologias avan\u00e7am e transformam os modelos produtivos por meio da automa\u00e7\u00e3o, cresce o n\u00famero de trabalhadores substitu\u00eddos por m\u00e1quinas e sistemas digitais \u2014 fen\u00f4meno que suscita reflex\u00f5es sobre o valor social do trabalho, a liberdade econ\u00f4mica e os impactos sobre a previd\u00eancia social.<\/p>\n\n\n\n<p>Com a redu\u00e7\u00e3o do n\u00famero de empregos formais, diminui tamb\u00e9m a base de contribui\u00e7\u00f5es previdenci\u00e1rias, o que pode comprometer a sustentabilidade do sistema. Esse e outros desafios foram debatidos de forma intensa e produtiva durante o encontro, que contou com a ativa participa\u00e7\u00e3o do prof. Lourival Jos\u00e9 de Oliveira e dos integrantes do projeto.<\/p>\n\n\n\n<div class=\"wp-block-group is-nowrap is-layout-flex wp-container-core-group-is-layout-ad2f72ca wp-block-group-is-layout-flex\">\n<p><\/p>\n<\/div>\n\n\n\n<figure class=\"wp-block-image size-large\"><img loading=\"lazy\" decoding=\"async\" width=\"1024\" height=\"466\" src=\"https:\/\/pos.uel.br\/direito-negocial\/wp-content\/uploads\/2025\/10\/WhatsApp-Image-2025-10-24-at-15.52.58-1-1024x466.jpeg\" alt=\"\" class=\"wp-image-3655\" srcset=\"https:\/\/pos.uel.br\/direito-negocial\/wp-content\/uploads\/2025\/10\/WhatsApp-Image-2025-10-24-at-15.52.58-1-1024x466.jpeg 1024w, https:\/\/pos.uel.br\/direito-negocial\/wp-content\/uploads\/2025\/10\/WhatsApp-Image-2025-10-24-at-15.52.58-1-300x136.jpeg 300w, https:\/\/pos.uel.br\/direito-negocial\/wp-content\/uploads\/2025\/10\/WhatsApp-Image-2025-10-24-at-15.52.58-1-768x349.jpeg 768w, https:\/\/pos.uel.br\/direito-negocial\/wp-content\/uploads\/2025\/10\/WhatsApp-Image-2025-10-24-at-15.52.58-1.jpeg 1280w\" sizes=\"auto, (max-width: 1024px) 100vw, 1024px\" \/><\/figure>\n\n\n\n<figure class=\"wp-block-image size-large\"><img loading=\"lazy\" decoding=\"async\" width=\"1024\" height=\"339\" src=\"https:\/\/pos.uel.br\/direito-negocial\/wp-content\/uploads\/2025\/10\/WhatsApp-Image-2025-10-24-at-15.52.58-1024x339.jpeg\" alt=\"\" class=\"wp-image-3656\" srcset=\"https:\/\/pos.uel.br\/direito-negocial\/wp-content\/uploads\/2025\/10\/WhatsApp-Image-2025-10-24-at-15.52.58-1024x339.jpeg 1024w, https:\/\/pos.uel.br\/direito-negocial\/wp-content\/uploads\/2025\/10\/WhatsApp-Image-2025-10-24-at-15.52.58-300x99.jpeg 300w, https:\/\/pos.uel.br\/direito-negocial\/wp-content\/uploads\/2025\/10\/WhatsApp-Image-2025-10-24-at-15.52.58-768x254.jpeg 768w, https:\/\/pos.uel.br\/direito-negocial\/wp-content\/uploads\/2025\/10\/WhatsApp-Image-2025-10-24-at-15.52.58-1536x509.jpeg 1536w, https:\/\/pos.uel.br\/direito-negocial\/wp-content\/uploads\/2025\/10\/WhatsApp-Image-2025-10-24-at-15.52.58.jpeg 1600w\" sizes=\"auto, (max-width: 1024px) 100vw, 1024px\" \/><\/figure>\n","protected":false},"excerpt":{"rendered":"<p>Na segunda-feira, o projeto de pesquisa coordenado pelo Prof. Dr. Lourival Jos\u00e9 de Oliveira e a disciplina Seminarios, ministrada pelo mesmo professor e professora Renata Meda, recebeu o Prof. Dr. Fabiano Fernando da Silva, que ministrou a palestra \u201cDesemprego tecnol\u00f3gico e previd\u00eancia social na sociedade dromol\u00f3gica: \u00e9 preciso regulamentar o direito constitucional da prote\u00e7\u00e3o do [&hellip;]<\/p>\n","protected":false},"author":32,"featured_media":3655,"comment_status":"open","ping_status":"open","sticky":false,"template":"","format":"standard","meta":{"_acf_changed":false,"footnotes":""},"categories":[1],"tags":[],"class_list":["post-3654","post","type-post","status-publish","format-standard","has-post-thumbnail","hentry","category-sem-categoria"],"acf":[],"_links":{"self":[{"href":"https:\/\/pos.uel.br\/direito-negocial\/wp-json\/wp\/v2\/posts\/3654","targetHints":{"allow":["GET"]}}],"collection":[{"href":"https:\/\/pos.uel.br\/direito-negocial\/wp-json\/wp\/v2\/posts"}],"about":[{"href":"https:\/\/pos.uel.br\/direito-negocial\/wp-json\/wp\/v2\/types\/post"}],"author":[{"embeddable":true,"href":"https:\/\/pos.uel.br\/direito-negocial\/wp-json\/wp\/v2\/users\/32"}],"replies":[{"embeddable":true,"href":"https:\/\/pos.uel.br\/direito-negocial\/wp-json\/wp\/v2\/comments?post=3654"}],"version-history":[{"count":1,"href":"https:\/\/pos.uel.br\/direito-negocial\/wp-json\/wp\/v2\/posts\/3654\/revisions"}],"predecessor-version":[{"id":3657,"href":"https:\/\/pos.uel.br\/direito-negocial\/wp-json\/wp\/v2\/posts\/3654\/revisions\/3657"}],"wp:featuredmedia":[{"embeddable":true,"href":"https:\/\/pos.uel.br\/direito-negocial\/wp-json\/wp\/v2\/media\/3655"}],"wp:attachment":[{"href":"https:\/\/pos.uel.br\/direito-negocial\/wp-json\/wp\/v2\/media?parent=3654"}],"wp:term":[{"taxonomy":"category","embeddable":true,"href":"https:\/\/pos.uel.br\/direito-negocial\/wp-json\/wp\/v2\/categories?post=3654"},{"taxonomy":"post_tag","embeddable":true,"href":"https:\/\/pos.uel.br\/direito-negocial\/wp-json\/wp\/v2\/tags?post=3654"}],"curies":[{"name":"wp","href":"https:\/\/api.w.org\/{rel}","templated":true}]}}