{"id":3640,"date":"2025-10-22T17:18:04","date_gmt":"2025-10-22T20:18:04","guid":{"rendered":"https:\/\/pos.uel.br\/direito-negocial\/?p=3640"},"modified":"2025-10-23T08:48:04","modified_gmt":"2025-10-23T11:48:04","slug":"alunos-egressos-do-ppgdn-ministram-aulas-nas-disciplinas-de-doutorado-na-uel","status":"publish","type":"post","link":"https:\/\/pos.uel.br\/direito-negocial\/sem-categoria\/2025\/10\/22\/alunos-egressos-do-ppgdn-ministram-aulas-nas-disciplinas-de-doutorado-na-uel\/","title":{"rendered":"Alunos egressos do PPGDN ministram aulas nas disciplinas de Doutorado na UEL"},"content":{"rendered":"\n<p><\/p>\n\n\n\n<p>No dia 22 de outubro (quarta-feira), os egressos do Programa de Mestrado de P\u00f3s-Gradua\u00e7\u00e3o em Direito Negocial pela UEL, o Professor Dr. Rud\u00e1 Ryuiti Furukita Baptista e o Professor Me. Am\u00e9rico Ribeiro Magro, ministraram aulas em disciplinas do Programa de Mestrado e Doutorado em Direito Negocial da UEL.<\/p>\n\n\n\n<p>O Professor Rud\u00e1 Ryuiti Furukita Baptista \u00e9 Mestre em Direito Negocial pela Universidade Estadual de Londrina, Doutor pela Universidade Federal de Santa Catarina e professor da Pontif\u00edcia Universidade Cat\u00f3lica do Paran\u00e1 (PUCPR) Campus Londrina. Ele ministrou aula sobre &#8220;Direito internacional na contemporaneidade&#8221;, na disciplina Estado e Economia na Contemporaneidade, contribuindo com reflex\u00f5es cr\u00edticas sobre a tem\u00e1tica.<\/p>\n\n\n\n<p>O Professor Am\u00e9rico Ribeiro Magro \u00e9 Mestre em Direito Negocial pela Universidade Estadual de Londrina e ministrou virtualmente a aula sobre &#8220;Tratamento judicial das \u201cbig techs\u201d: casos nacionais e influ\u00eancias comparadas&#8221;, na disciplina Neg\u00f3cios jur\u00eddicos e responsabilidade civil, compartilhando seus conhecimentos te\u00f3ricos e pr\u00e1ticos sobre o tema.<\/p>\n\n\n\n<p>A participa\u00e7\u00e3o dos Professores Dr. Rud\u00e1 Ryuiti Furukita Baptista e Me. Am\u00e9rico Ribeiro Magro demonstra o impacto e contribui\u00e7\u00e3o do PPGDN na forma\u00e7\u00e3o de profissionais comprometidos com a pesquisa. Essa parceria com egressos do programa fortalece a troca de experi\u00eancias e o desenvolvimento da pesquisa jur\u00eddica.<\/p>\n\n\n\n<div class=\"wp-block-group is-nowrap is-layout-flex wp-container-core-group-is-layout-ad2f72ca wp-block-group-is-layout-flex\">\n<figure class=\"wp-block-image size-large\"><img loading=\"lazy\" decoding=\"async\" width=\"576\" height=\"1024\" src=\"https:\/\/pos.uel.br\/direito-negocial\/wp-content\/uploads\/2025\/10\/WhatsApp-Image-2025-10-22-at-10.58.22-576x1024.jpeg\" alt=\"\" class=\"wp-image-3625\" srcset=\"https:\/\/pos.uel.br\/direito-negocial\/wp-content\/uploads\/2025\/10\/WhatsApp-Image-2025-10-22-at-10.58.22-576x1024.jpeg 576w, https:\/\/pos.uel.br\/direito-negocial\/wp-content\/uploads\/2025\/10\/WhatsApp-Image-2025-10-22-at-10.58.22-169x300.jpeg 169w, https:\/\/pos.uel.br\/direito-negocial\/wp-content\/uploads\/2025\/10\/WhatsApp-Image-2025-10-22-at-10.58.22-768x1365.jpeg 768w, https:\/\/pos.uel.br\/direito-negocial\/wp-content\/uploads\/2025\/10\/WhatsApp-Image-2025-10-22-at-10.58.22-864x1536.jpeg 864w, https:\/\/pos.uel.br\/direito-negocial\/wp-content\/uploads\/2025\/10\/WhatsApp-Image-2025-10-22-at-10.58.22.jpeg 900w\" sizes=\"auto, (max-width: 576px) 100vw, 576px\" \/><\/figure>\n\n\n\n<figure class=\"wp-block-image size-large\"><img loading=\"lazy\" decoding=\"async\" width=\"576\" height=\"1024\" src=\"https:\/\/pos.uel.br\/direito-negocial\/wp-content\/uploads\/2025\/10\/WhatsApp-Image-2025-10-20-at-13.50.25-576x1024.jpeg\" alt=\"\" class=\"wp-image-3616\" \/><\/figure>\n\n\n\n<p><\/p>\n\n\n\n<p><\/p>\n\n\n\n<p><\/p>\n<\/div>\n\n\n\n<div class=\"wp-block-group\"><div class=\"wp-block-group__inner-container is-layout-constrained wp-block-group-is-layout-constrained\">\n<p><\/p>\n\n\n\n<div class=\"wp-block-group alignwide is-vertical is-content-justification-left is-nowrap is-layout-flex wp-container-core-group-is-layout-c5ee878a wp-block-group-is-layout-flex\">\n<div class=\"wp-block-group alignfull wp-container-content-9cfa9a5a is-layout-flex wp-container-core-group-is-layout-d83f7d17 wp-block-group-is-layout-flex\">\n<figure class=\"wp-block-image size-full is-resized wp-container-content-9cfa9a5a\"><img loading=\"lazy\" decoding=\"async\" width=\"1600\" height=\"675\" src=\"https:\/\/pos.uel.br\/direito-negocial\/wp-content\/uploads\/2025\/10\/WhatsApp-Image-2025-10-22-at-21.34.23.jpeg\" alt=\"\" class=\"wp-image-3645\" style=\"object-fit:cover;width:753px;height:auto\" srcset=\"https:\/\/pos.uel.br\/direito-negocial\/wp-content\/uploads\/2025\/10\/WhatsApp-Image-2025-10-22-at-21.34.23.jpeg 1600w, https:\/\/pos.uel.br\/direito-negocial\/wp-content\/uploads\/2025\/10\/WhatsApp-Image-2025-10-22-at-21.34.23-300x127.jpeg 300w, https:\/\/pos.uel.br\/direito-negocial\/wp-content\/uploads\/2025\/10\/WhatsApp-Image-2025-10-22-at-21.34.23-1024x432.jpeg 1024w, https:\/\/pos.uel.br\/direito-negocial\/wp-content\/uploads\/2025\/10\/WhatsApp-Image-2025-10-22-at-21.34.23-768x324.jpeg 768w, https:\/\/pos.uel.br\/direito-negocial\/wp-content\/uploads\/2025\/10\/WhatsApp-Image-2025-10-22-at-21.34.23-1536x648.jpeg 1536w\" sizes=\"auto, (max-width: 1600px) 100vw, 1600px\" \/><\/figure>\n<\/div>\n\n\n\n<p><\/p>\n<\/div>\n\n\n\n<figure class=\"wp-block-image size-large is-resized\"><img loading=\"lazy\" decoding=\"async\" width=\"1024\" height=\"768\" src=\"https:\/\/pos.uel.br\/direito-negocial\/wp-content\/uploads\/2025\/10\/c19ee85e-95f5-4aae-b8b6-b432946c6445-1024x768.jpeg\" alt=\"\" class=\"wp-image-3641\" style=\"width:753px;height:auto\" srcset=\"https:\/\/pos.uel.br\/direito-negocial\/wp-content\/uploads\/2025\/10\/c19ee85e-95f5-4aae-b8b6-b432946c6445-1024x768.jpeg 1024w, https:\/\/pos.uel.br\/direito-negocial\/wp-content\/uploads\/2025\/10\/c19ee85e-95f5-4aae-b8b6-b432946c6445-300x225.jpeg 300w, https:\/\/pos.uel.br\/direito-negocial\/wp-content\/uploads\/2025\/10\/c19ee85e-95f5-4aae-b8b6-b432946c6445-768x576.jpeg 768w, https:\/\/pos.uel.br\/direito-negocial\/wp-content\/uploads\/2025\/10\/c19ee85e-95f5-4aae-b8b6-b432946c6445-1536x1152.jpeg 1536w, https:\/\/pos.uel.br\/direito-negocial\/wp-content\/uploads\/2025\/10\/c19ee85e-95f5-4aae-b8b6-b432946c6445.jpeg 1600w\" sizes=\"auto, (max-width: 1024px) 100vw, 1024px\" \/><\/figure>\n<\/div><\/div>\n","protected":false},"excerpt":{"rendered":"<p>No dia 22 de outubro (quarta-feira), os egressos do Programa de Mestrado de P\u00f3s-Gradua\u00e7\u00e3o em Direito Negocial pela UEL, o Professor Dr. Rud\u00e1 Ryuiti Furukita Baptista e o Professor Me. Am\u00e9rico Ribeiro Magro, ministraram aulas em disciplinas do Programa de Mestrado e Doutorado em Direito Negocial da UEL. O Professor Rud\u00e1 Ryuiti Furukita Baptista \u00e9 [&hellip;]<\/p>\n","protected":false},"author":32,"featured_media":3643,"comment_status":"open","ping_status":"open","sticky":false,"template":"","format":"standard","meta":{"_acf_changed":false,"footnotes":""},"categories":[1],"tags":[],"class_list":["post-3640","post","type-post","status-publish","format-standard","has-post-thumbnail","hentry","category-sem-categoria"],"acf":[],"_links":{"self":[{"href":"https:\/\/pos.uel.br\/direito-negocial\/wp-json\/wp\/v2\/posts\/3640","targetHints":{"allow":["GET"]}}],"collection":[{"href":"https:\/\/pos.uel.br\/direito-negocial\/wp-json\/wp\/v2\/posts"}],"about":[{"href":"https:\/\/pos.uel.br\/direito-negocial\/wp-json\/wp\/v2\/types\/post"}],"author":[{"embeddable":true,"href":"https:\/\/pos.uel.br\/direito-negocial\/wp-json\/wp\/v2\/users\/32"}],"replies":[{"embeddable":true,"href":"https:\/\/pos.uel.br\/direito-negocial\/wp-json\/wp\/v2\/comments?post=3640"}],"version-history":[{"count":3,"href":"https:\/\/pos.uel.br\/direito-negocial\/wp-json\/wp\/v2\/posts\/3640\/revisions"}],"predecessor-version":[{"id":3647,"href":"https:\/\/pos.uel.br\/direito-negocial\/wp-json\/wp\/v2\/posts\/3640\/revisions\/3647"}],"wp:featuredmedia":[{"embeddable":true,"href":"https:\/\/pos.uel.br\/direito-negocial\/wp-json\/wp\/v2\/media\/3643"}],"wp:attachment":[{"href":"https:\/\/pos.uel.br\/direito-negocial\/wp-json\/wp\/v2\/media?parent=3640"}],"wp:term":[{"taxonomy":"category","embeddable":true,"href":"https:\/\/pos.uel.br\/direito-negocial\/wp-json\/wp\/v2\/categories?post=3640"},{"taxonomy":"post_tag","embeddable":true,"href":"https:\/\/pos.uel.br\/direito-negocial\/wp-json\/wp\/v2\/tags?post=3640"}],"curies":[{"name":"wp","href":"https:\/\/api.w.org\/{rel}","templated":true}]}}