{"id":3637,"date":"2025-10-22T15:47:28","date_gmt":"2025-10-22T18:47:28","guid":{"rendered":"https:\/\/pos.uel.br\/direito-negocial\/?p=3637"},"modified":"2025-10-22T15:47:28","modified_gmt":"2025-10-22T18:47:28","slug":"profa-dra-tania-lobo-muniz-do-ppgdn-apresenta-tres-estudos-em-congresso-internacional-na-espanha","status":"publish","type":"post","link":"https:\/\/pos.uel.br\/direito-negocial\/sem-categoria\/2025\/10\/22\/profa-dra-tania-lobo-muniz-do-ppgdn-apresenta-tres-estudos-em-congresso-internacional-na-espanha\/","title":{"rendered":"Profa. Dra. T\u00e2nia Lobo Muniz do PPGDN apresenta tr\u00eas estudos em Congresso Internacional na Espanha"},"content":{"rendered":"\n<p><\/p>\n\n\n\n<p>Comprometido com a internacionaliza\u00e7\u00e3o e consolida\u00e7\u00e3o de redes de pesquisa internacional sobre gest\u00e3o de conflitos, o\u00a0<a href=\"https:\/\/pos.uel.br\/direito-negocial\/\">Programa de P\u00f3s-Gradua\u00e7\u00e3o em Direito Negocial da UEL<\/a>\u00a0esteve presente no X Congreso Internacional para el Estudio de Mediaci\u00f3n y Conflicto \u2013 CUEMYC, sediado em Alicante, na Espanha, entre os dias 16 e 18 de outubro de 2025, por meio da participa\u00e7\u00e3o da professora T\u00e2nia Lobo Muniz, do\u00a0<a href=\"https:\/\/departamentos.uel.br\/direito-publico\/\">Departamento de Direito P\u00fablico<\/a>.<\/p>\n\n\n\n<p>Foram aprovadas e apresentadas tr\u00eas comunica\u00e7\u00f5es orais que posteriormente ser\u00e3o publicados, garantindo a dissemina\u00e7\u00e3o da pesquisa realizada no PPGDN-UEL. O primeiro trabalho relatou a experi\u00eancia de consensualidade da UEL na gest\u00e3o de conflitos na conviv\u00eancia universit\u00e1ria. Esse trabalho tem como t\u00edtulo \u201cUniversidades p\u00fablicas do Brasil e Conviv\u00eancia Universit\u00e1ria: Conflitos e sua gest\u00e3o\u201d e tem autoria das professoras Silvia Regina Tacla, T\u00e2nia Lobo Muniz e Patricia Ayub da Costa, todas do Departamento de Direito P\u00fablico.<\/p>\n\n\n\n<p>Tamb\u00e9m foi apresentado um trabalho intitulado \u201cLa mediaci\u00f3n en Brasil y Paraguay: estudio comparativo para la pacificaci\u00f3n social\u201d, fruto da parceria e conv\u00eanio entre o PPGDN-UEL e a UNICAN (Paraguai), em coautoria das professoras T\u00e2nia Lobo<br>Muniz e Patricia Ayub da Costa da UEL, e Maria Esmeralda Britez Miranda e Zulma\u00a0Esther Caba\u00f1as Britos, da Universidad Nacional de Canindey\u00fa. Esta pesquisa tamb\u00e9m \u00e9 resultado preliminar do est\u00e1gio de p\u00f3s-doutorado da professora Maria Esmeralda Britez Miranda no PPGDN-UEL, por meio da rede universit\u00e1ria Zicosur, financiada pela\u00a0<a href=\"http:\/\/ppgdn-uel\/\">Funda\u00e7\u00e3o Arauc\u00e1ria<\/a>\u00a0e\u00a0<a href=\"https:\/\/www.seti.pr.gov.br\/\">SETI<\/a>.<\/p>\n\n\n\n<p>Por \u00faltimo, foi tratado tamb\u00e9m da \u201cObrigatoriedade da negocia\u00e7\u00e3o pr\u00e9via: an\u00e1lise comparada entre Brasil e Espanha\u201d, estudo realizado em conjunto entre a mestranda Ana Beatriz de Souza Slobodticov do PPGDN-UEL e as professoras T\u00e2nia Lobo Muniz e Patricia Ayub da Costa.<\/p>\n\n\n\n<p>Para al\u00e9m destas atividades acad\u00eamicas, a professora T\u00e2nia Muniz tamb\u00e9m representou a UEL na assembleia anual da CUEMYC, rede universit\u00e1ria internacional de estudos da media\u00e7\u00e3o e do conflito, fortalecendo la\u00e7os com pesquisadores de diversos pa\u00edses.<\/p>\n\n\n\n<figure class=\"wp-block-image size-large\"><img loading=\"lazy\" decoding=\"async\" width=\"768\" height=\"1024\" src=\"https:\/\/pos.uel.br\/direito-negocial\/wp-content\/uploads\/2025\/10\/Imagem-do-WhatsApp-de-2025-10-17-as-16.47.12_7f61c253.jpg-768x1024.webp\" alt=\"\" class=\"wp-image-3638\" \/><\/figure>\n","protected":false},"excerpt":{"rendered":"<p>Comprometido com a internacionaliza\u00e7\u00e3o e consolida\u00e7\u00e3o de redes de pesquisa internacional sobre gest\u00e3o de conflitos, o\u00a0Programa de P\u00f3s-Gradua\u00e7\u00e3o em Direito Negocial da UEL\u00a0esteve presente no X Congreso Internacional para el Estudio de Mediaci\u00f3n y Conflicto \u2013 CUEMYC, sediado em Alicante, na Espanha, entre os dias 16 e 18 de outubro de 2025, por meio da [&hellip;]<\/p>\n","protected":false},"author":32,"featured_media":3638,"comment_status":"open","ping_status":"open","sticky":false,"template":"","format":"standard","meta":{"_acf_changed":false,"footnotes":""},"categories":[1],"tags":[],"class_list":["post-3637","post","type-post","status-publish","format-standard","has-post-thumbnail","hentry","category-sem-categoria"],"acf":[],"_links":{"self":[{"href":"https:\/\/pos.uel.br\/direito-negocial\/wp-json\/wp\/v2\/posts\/3637","targetHints":{"allow":["GET"]}}],"collection":[{"href":"https:\/\/pos.uel.br\/direito-negocial\/wp-json\/wp\/v2\/posts"}],"about":[{"href":"https:\/\/pos.uel.br\/direito-negocial\/wp-json\/wp\/v2\/types\/post"}],"author":[{"embeddable":true,"href":"https:\/\/pos.uel.br\/direito-negocial\/wp-json\/wp\/v2\/users\/32"}],"replies":[{"embeddable":true,"href":"https:\/\/pos.uel.br\/direito-negocial\/wp-json\/wp\/v2\/comments?post=3637"}],"version-history":[{"count":1,"href":"https:\/\/pos.uel.br\/direito-negocial\/wp-json\/wp\/v2\/posts\/3637\/revisions"}],"predecessor-version":[{"id":3639,"href":"https:\/\/pos.uel.br\/direito-negocial\/wp-json\/wp\/v2\/posts\/3637\/revisions\/3639"}],"wp:featuredmedia":[{"embeddable":true,"href":"https:\/\/pos.uel.br\/direito-negocial\/wp-json\/wp\/v2\/media\/3638"}],"wp:attachment":[{"href":"https:\/\/pos.uel.br\/direito-negocial\/wp-json\/wp\/v2\/media?parent=3637"}],"wp:term":[{"taxonomy":"category","embeddable":true,"href":"https:\/\/pos.uel.br\/direito-negocial\/wp-json\/wp\/v2\/categories?post=3637"},{"taxonomy":"post_tag","embeddable":true,"href":"https:\/\/pos.uel.br\/direito-negocial\/wp-json\/wp\/v2\/tags?post=3637"}],"curies":[{"name":"wp","href":"https:\/\/api.w.org\/{rel}","templated":true}]}}