{"id":3584,"date":"2025-10-16T15:42:35","date_gmt":"2025-10-16T18:42:35","guid":{"rendered":"https:\/\/pos.uel.br\/direito-negocial\/?p=3584"},"modified":"2025-10-16T15:42:35","modified_gmt":"2025-10-16T18:42:35","slug":"ppgdn-uel-promove-aula-sobre-desemprego-tecnologico-e-protecao-social","status":"publish","type":"post","link":"https:\/\/pos.uel.br\/direito-negocial\/sem-categoria\/2025\/10\/16\/ppgdn-uel-promove-aula-sobre-desemprego-tecnologico-e-protecao-social\/","title":{"rendered":"PPGDN\/UEL promove aula sobre desemprego tecnol\u00f3gico e prote\u00e7\u00e3o social"},"content":{"rendered":"\n<p><\/p>\n\n\n\n<p>Atividade integra a disciplina Semin\u00e1rios em Temas Jur\u00eddicos Contempor\u00e2neos &#8211; A constru\u00e7\u00e3o de prote\u00e7\u00f5es sociais para o trabalho no s\u00e9culo XXI: necessidade de um di\u00e1logo tripartite-, ministrada pelo Prof. Dr. Lourival Jos\u00e9 de Oliveira e pela Profa. Dra. Renata Vieira Meda.<\/p>\n\n\n\n<p>O Programa de P\u00f3s-Gradua\u00e7\u00e3o em Direito Negocial (PPGDN) da Universidade Estadual de Londrina (UEL) promove, na pr\u00f3xima segunda-feira, dia 20, \u00e0s 19h30, uma aula on-line com a participa\u00e7\u00e3o do Prof. Dr. Fabiano Fernando da Silva (UFMT), que ministrar\u00e1 a palestra intitulada \u201cDesemprego Tecnol\u00f3gico e Previd\u00eancia Social na Sociedade Dromol\u00f3gica: \u00e9 preciso regulamentar o direito constitucional da prote\u00e7\u00e3o do trabalhador em face da automa\u00e7\u00e3o (art. 7\u00ba, XVII, CF)\u201d.<\/p>\n\n\n\n<p>O encontro abordar\u00e1 os impactos das transforma\u00e7\u00f5es tecnol\u00f3gicas sobre o mundo do trabalho, especialmente diante da crescente automa\u00e7\u00e3o e da incorpora\u00e7\u00e3o da intelig\u00eancia artificial em processos produtivos. A proposta \u00e9 refletir sobre os desafios jur\u00eddicos e sociais decorrentes da substitui\u00e7\u00e3o da for\u00e7a humana por m\u00e1quinas e sistemas automatizados, e sobre a urg\u00eancia de regulamentar instrumentos de prote\u00e7\u00e3o constitucional ao trabalhador.<\/p>\n\n\n\n<p>Segundo a coordena\u00e7\u00e3o do Programa, o tema dialoga diretamente com as discuss\u00f5es atuais sobre a reconfigura\u00e7\u00e3o das rela\u00e7\u00f5es laborais, a revis\u00e3o dos modelos previdenci\u00e1rios e o papel do Direito na media\u00e7\u00e3o entre tecnologia, economia e dignidade humana.<\/p>\n\n\n\n<p>A aula integra as atividades regulares do PPGDN\/UEL, refor\u00e7ando o compromisso do programa com a promo\u00e7\u00e3o de debates contempor\u00e2neos e com a forma\u00e7\u00e3o cr\u00edtica e inovadora de seus p\u00f3s-graduandos.<\/p>\n\n\n\n<figure class=\"wp-block-image size-large is-resized\"><img loading=\"lazy\" decoding=\"async\" width=\"768\" height=\"1024\" src=\"https:\/\/pos.uel.br\/direito-negocial\/wp-content\/uploads\/2025\/10\/WhatsApp-Image-2025-10-16-at-14.39.33-1-768x1024.jpeg\" alt=\"\" class=\"wp-image-3585\" style=\"width:337px;height:auto\" srcset=\"https:\/\/pos.uel.br\/direito-negocial\/wp-content\/uploads\/2025\/10\/WhatsApp-Image-2025-10-16-at-14.39.33-1-768x1024.jpeg 768w, https:\/\/pos.uel.br\/direito-negocial\/wp-content\/uploads\/2025\/10\/WhatsApp-Image-2025-10-16-at-14.39.33-1-225x300.jpeg 225w, https:\/\/pos.uel.br\/direito-negocial\/wp-content\/uploads\/2025\/10\/WhatsApp-Image-2025-10-16-at-14.39.33-1.jpeg 960w\" sizes=\"auto, (max-width: 768px) 100vw, 768px\" \/><\/figure>\n\n\n\n<p><\/p>\n","protected":false},"excerpt":{"rendered":"<p>A atividade contar\u00e1 com a participa\u00e7\u00e3o do Prof. Dr. Fabiano Fernando da Silva, que ministrar\u00e1 a palestra intitulada \u201cDesemprego Tecnol\u00f3gico e Previd\u00eancia Social na Sociedade Dromol\u00f3gica: \u00e9 preciso regulamentar o direito constitucional da prote\u00e7\u00e3o do trabalhador em face da automa\u00e7\u00e3o (art. 7\u00ba, XVII, CF)\u201d<\/p>\n","protected":false},"author":34,"featured_media":3586,"comment_status":"open","ping_status":"open","sticky":false,"template":"","format":"standard","meta":{"_acf_changed":false,"footnotes":""},"categories":[1],"tags":[],"class_list":["post-3584","post","type-post","status-publish","format-standard","has-post-thumbnail","hentry","category-sem-categoria"],"acf":[],"_links":{"self":[{"href":"https:\/\/pos.uel.br\/direito-negocial\/wp-json\/wp\/v2\/posts\/3584","targetHints":{"allow":["GET"]}}],"collection":[{"href":"https:\/\/pos.uel.br\/direito-negocial\/wp-json\/wp\/v2\/posts"}],"about":[{"href":"https:\/\/pos.uel.br\/direito-negocial\/wp-json\/wp\/v2\/types\/post"}],"author":[{"embeddable":true,"href":"https:\/\/pos.uel.br\/direito-negocial\/wp-json\/wp\/v2\/users\/34"}],"replies":[{"embeddable":true,"href":"https:\/\/pos.uel.br\/direito-negocial\/wp-json\/wp\/v2\/comments?post=3584"}],"version-history":[{"count":2,"href":"https:\/\/pos.uel.br\/direito-negocial\/wp-json\/wp\/v2\/posts\/3584\/revisions"}],"predecessor-version":[{"id":3590,"href":"https:\/\/pos.uel.br\/direito-negocial\/wp-json\/wp\/v2\/posts\/3584\/revisions\/3590"}],"wp:featuredmedia":[{"embeddable":true,"href":"https:\/\/pos.uel.br\/direito-negocial\/wp-json\/wp\/v2\/media\/3586"}],"wp:attachment":[{"href":"https:\/\/pos.uel.br\/direito-negocial\/wp-json\/wp\/v2\/media?parent=3584"}],"wp:term":[{"taxonomy":"category","embeddable":true,"href":"https:\/\/pos.uel.br\/direito-negocial\/wp-json\/wp\/v2\/categories?post=3584"},{"taxonomy":"post_tag","embeddable":true,"href":"https:\/\/pos.uel.br\/direito-negocial\/wp-json\/wp\/v2\/tags?post=3584"}],"curies":[{"name":"wp","href":"https:\/\/api.w.org\/{rel}","templated":true}]}}