{"id":3559,"date":"2025-10-09T13:43:14","date_gmt":"2025-10-09T16:43:14","guid":{"rendered":"https:\/\/pos.uel.br\/direito-negocial\/?p=3559"},"modified":"2025-10-09T13:43:14","modified_gmt":"2025-10-09T16:43:14","slug":"programa-de-pos-graduacao-em-direito-negocial-da-inicio-a-disciplina-seminarios-em-temas-juridicos-contemporaneos-direito-registral","status":"publish","type":"post","link":"https:\/\/pos.uel.br\/direito-negocial\/noticias-ppgdn\/2025\/10\/09\/programa-de-pos-graduacao-em-direito-negocial-da-inicio-a-disciplina-seminarios-em-temas-juridicos-contemporaneos-direito-registral\/","title":{"rendered":"Programa de P\u00f3s-Gradua\u00e7\u00e3o em Direito Negocial d\u00e1 in\u00edcio \u00e0 disciplina &#8220;Semin\u00e1rios em Temas Jur\u00eddicos Contempor\u00e2neos &#8211; Direito Registral&#8221;"},"content":{"rendered":"\n<p>A disciplina teve sua primeira aula no dia 9 de outubro, ministrada pela professora Carol Ferri.<\/p>\n\n\n\n<p>A disciplina proporciona reflex\u00f5es profundas sobre os desafios e transforma\u00e7\u00f5es do Direito Registral abordando suas interfaces com a tecnologia, a seguran\u00e7a jur\u00eddica e a efetividade dos atos registrais no contexto social atual.<br><br>Agradecemos \u00e0 professora Caroline pela condu\u00e7\u00e3o did\u00e1tica e instigante, que fomenta o debate acad\u00eamico e contribui para o aprimoramento dos mestrandos sobre os rumos do Direito Registral no cen\u00e1rio jur\u00eddico contempor\u00e2neo.<\/p>\n\n\n\n<figure class=\"wp-block-gallery has-nested-images columns-default is-cropped wp-block-gallery-1 is-layout-flex wp-block-gallery-is-layout-flex\">\n<figure class=\"wp-block-image size-large\"><img loading=\"lazy\" decoding=\"async\" width=\"1024\" height=\"768\" data-id=\"3560\" src=\"https:\/\/pos.uel.br\/direito-negocial\/wp-content\/uploads\/2025\/10\/1000225364-1024x768.jpg\" alt=\"\" class=\"wp-image-3560\" srcset=\"https:\/\/pos.uel.br\/direito-negocial\/wp-content\/uploads\/2025\/10\/1000225364-1024x768.jpg 1024w, https:\/\/pos.uel.br\/direito-negocial\/wp-content\/uploads\/2025\/10\/1000225364-300x225.jpg 300w, https:\/\/pos.uel.br\/direito-negocial\/wp-content\/uploads\/2025\/10\/1000225364-768x576.jpg 768w, https:\/\/pos.uel.br\/direito-negocial\/wp-content\/uploads\/2025\/10\/1000225364.jpg 1280w\" sizes=\"auto, (max-width: 1024px) 100vw, 1024px\" \/><\/figure>\n\n\n\n<figure class=\"wp-block-image size-large\"><img loading=\"lazy\" decoding=\"async\" width=\"1024\" height=\"768\" data-id=\"3562\" src=\"https:\/\/pos.uel.br\/direito-negocial\/wp-content\/uploads\/2025\/10\/1000225363-1024x768.jpg\" alt=\"\" class=\"wp-image-3562\" srcset=\"https:\/\/pos.uel.br\/direito-negocial\/wp-content\/uploads\/2025\/10\/1000225363-1024x768.jpg 1024w, https:\/\/pos.uel.br\/direito-negocial\/wp-content\/uploads\/2025\/10\/1000225363-300x225.jpg 300w, https:\/\/pos.uel.br\/direito-negocial\/wp-content\/uploads\/2025\/10\/1000225363-768x576.jpg 768w, https:\/\/pos.uel.br\/direito-negocial\/wp-content\/uploads\/2025\/10\/1000225363.jpg 1280w\" sizes=\"auto, (max-width: 1024px) 100vw, 1024px\" \/><\/figure>\n\n\n\n<figure class=\"wp-block-image size-large\"><img loading=\"lazy\" decoding=\"async\" width=\"1024\" height=\"768\" data-id=\"3561\" src=\"https:\/\/pos.uel.br\/direito-negocial\/wp-content\/uploads\/2025\/10\/1000225362-1024x768.jpg\" alt=\"\" class=\"wp-image-3561\" srcset=\"https:\/\/pos.uel.br\/direito-negocial\/wp-content\/uploads\/2025\/10\/1000225362-1024x768.jpg 1024w, https:\/\/pos.uel.br\/direito-negocial\/wp-content\/uploads\/2025\/10\/1000225362-300x225.jpg 300w, https:\/\/pos.uel.br\/direito-negocial\/wp-content\/uploads\/2025\/10\/1000225362-768x576.jpg 768w, https:\/\/pos.uel.br\/direito-negocial\/wp-content\/uploads\/2025\/10\/1000225362.jpg 1280w\" sizes=\"auto, (max-width: 1024px) 100vw, 1024px\" \/><\/figure>\n<\/figure>\n\n\n\n<p><\/p>\n","protected":false},"excerpt":{"rendered":"<p>A disciplina teve sua primeira aula no dia 9 de outubro, ministrada pela professora Carol Ferri. A disciplina proporciona reflex\u00f5es profundas sobre os desafios e transforma\u00e7\u00f5es do Direito Registral abordando suas interfaces com a tecnologia, a seguran\u00e7a jur\u00eddica e a efetividade dos atos registrais no contexto social atual. Agradecemos \u00e0 professora Caroline pela condu\u00e7\u00e3o did\u00e1tica [&hellip;]<\/p>\n","protected":false},"author":16,"featured_media":3561,"comment_status":"open","ping_status":"open","sticky":false,"template":"","format":"standard","meta":{"_acf_changed":false,"footnotes":""},"categories":[31,12,18],"tags":[],"class_list":["post-3559","post","type-post","status-publish","format-standard","has-post-thumbnail","hentry","category-aulas","category-noticias-ppgdn","category-registros"],"acf":[],"_links":{"self":[{"href":"https:\/\/pos.uel.br\/direito-negocial\/wp-json\/wp\/v2\/posts\/3559","targetHints":{"allow":["GET"]}}],"collection":[{"href":"https:\/\/pos.uel.br\/direito-negocial\/wp-json\/wp\/v2\/posts"}],"about":[{"href":"https:\/\/pos.uel.br\/direito-negocial\/wp-json\/wp\/v2\/types\/post"}],"author":[{"embeddable":true,"href":"https:\/\/pos.uel.br\/direito-negocial\/wp-json\/wp\/v2\/users\/16"}],"replies":[{"embeddable":true,"href":"https:\/\/pos.uel.br\/direito-negocial\/wp-json\/wp\/v2\/comments?post=3559"}],"version-history":[{"count":1,"href":"https:\/\/pos.uel.br\/direito-negocial\/wp-json\/wp\/v2\/posts\/3559\/revisions"}],"predecessor-version":[{"id":3563,"href":"https:\/\/pos.uel.br\/direito-negocial\/wp-json\/wp\/v2\/posts\/3559\/revisions\/3563"}],"wp:featuredmedia":[{"embeddable":true,"href":"https:\/\/pos.uel.br\/direito-negocial\/wp-json\/wp\/v2\/media\/3561"}],"wp:attachment":[{"href":"https:\/\/pos.uel.br\/direito-negocial\/wp-json\/wp\/v2\/media?parent=3559"}],"wp:term":[{"taxonomy":"category","embeddable":true,"href":"https:\/\/pos.uel.br\/direito-negocial\/wp-json\/wp\/v2\/categories?post=3559"},{"taxonomy":"post_tag","embeddable":true,"href":"https:\/\/pos.uel.br\/direito-negocial\/wp-json\/wp\/v2\/tags?post=3559"}],"curies":[{"name":"wp","href":"https:\/\/api.w.org\/{rel}","templated":true}]}}