{"id":3457,"date":"2025-10-02T12:04:05","date_gmt":"2025-10-02T15:04:05","guid":{"rendered":"https:\/\/pos.uel.br\/direito-negocial\/?p=3457"},"modified":"2025-10-09T13:23:08","modified_gmt":"2025-10-09T16:23:08","slug":"ppgdn-e-universidade-catolica-de-santa-maria-promovem-em-convenio-eventos-de-alta-relevancia-voltados-ao-incentivo-e-a-qualificacao-da-pesquisa-cientifica","status":"publish","type":"post","link":"https:\/\/pos.uel.br\/direito-negocial\/sem-categoria\/2025\/10\/02\/ppgdn-e-universidade-catolica-de-santa-maria-promovem-em-convenio-eventos-de-alta-relevancia-voltados-ao-incentivo-e-a-qualificacao-da-pesquisa-cientifica\/","title":{"rendered":"PPGDN e Universidade Cat\u00f3lica de Santa Maria promovem em conv\u00eanio eventos de alta relev\u00e2ncia voltados ao incentivo e \u00e0 qualifica\u00e7\u00e3o da pesquisa cient\u00edfica"},"content":{"rendered":"\n<p>A Universidade Cat\u00f3lica de Santa Maria, que possui um conv\u00eanio para internacionaliza\u00e7\u00e3o juntamente com o Programa de P\u00f3s-gradua\u00e7\u00e3o em Direito Negocial da Universidade Estadual de Londrina (PPGDN\/UEL), em parceria com o doutorando do PPGDN\/UEL, Jos\u00e9 Ricardo Suter, promoveu uma iniciativa voltada ao incentivo e \u00e0 qualifica\u00e7\u00e3o da pesquisa cient\u00edfica, que refor\u00e7a o papel transformador da ci\u00eancia no ambiente acad\u00eamico e social.<\/p>\n\n\n\n<p>Em 01 de outubro de 2025, Jos\u00e9 Ricardo Suter foi palestrante da V Semana da Pesquisa, Inova\u00e7\u00e3o e Empreendedorismo, realizada na Universidade Cat\u00f3lica de Santa Maria, onde abordou o tema \u201cO poder da pesquisa: como mudar o mundo a partir da universidade\u201d.<\/p>\n\n\n\n<p>A atividade destaca a import\u00e2ncia da internacionaliza\u00e7\u00e3o dos programas de p\u00f3s-gradua\u00e7\u00e3o como estrat\u00e9gia para ampliar o impacto positivo da universidade na sociedade.<\/p>\n\n\n\n<figure class=\"wp-block-image size-large is-resized\"><img loading=\"lazy\" decoding=\"async\" width=\"1024\" height=\"1014\" src=\"https:\/\/pos.uel.br\/direito-negocial\/wp-content\/uploads\/2025\/10\/Captura-de-Tela-2025-10-09-a\u0300s-13.20.56-1024x1014.png\" alt=\"\" class=\"wp-image-3547\" style=\"width:406px;height:auto\" srcset=\"https:\/\/pos.uel.br\/direito-negocial\/wp-content\/uploads\/2025\/10\/Captura-de-Tela-2025-10-09-a\u0300s-13.20.56-1024x1014.png 1024w, https:\/\/pos.uel.br\/direito-negocial\/wp-content\/uploads\/2025\/10\/Captura-de-Tela-2025-10-09-a\u0300s-13.20.56-300x297.png 300w, https:\/\/pos.uel.br\/direito-negocial\/wp-content\/uploads\/2025\/10\/Captura-de-Tela-2025-10-09-a\u0300s-13.20.56-150x150.png 150w, https:\/\/pos.uel.br\/direito-negocial\/wp-content\/uploads\/2025\/10\/Captura-de-Tela-2025-10-09-a\u0300s-13.20.56-768x760.png 768w, https:\/\/pos.uel.br\/direito-negocial\/wp-content\/uploads\/2025\/10\/Captura-de-Tela-2025-10-09-a\u0300s-13.20.56.png 1400w\" sizes=\"auto, (max-width: 1024px) 100vw, 1024px\" \/><\/figure>\n\n\n\n<div class=\"wp-block-columns is-layout-flex wp-container-core-columns-is-layout-9d6595d7 wp-block-columns-is-layout-flex\">\n<div class=\"wp-block-column is-layout-flow wp-block-column-is-layout-flow\" style=\"flex-basis:100%\">\n<figure class=\"wp-block-image size-large is-resized\"><img loading=\"lazy\" decoding=\"async\" width=\"956\" height=\"1024\" src=\"https:\/\/pos.uel.br\/direito-negocial\/wp-content\/uploads\/2025\/10\/Captura-de-Tela-2025-10-09-a\u0300s-13.21.11-956x1024.png\" alt=\"\" class=\"wp-image-3548\" style=\"width:403px;height:auto\" srcset=\"https:\/\/pos.uel.br\/direito-negocial\/wp-content\/uploads\/2025\/10\/Captura-de-Tela-2025-10-09-a\u0300s-13.21.11-956x1024.png 956w, https:\/\/pos.uel.br\/direito-negocial\/wp-content\/uploads\/2025\/10\/Captura-de-Tela-2025-10-09-a\u0300s-13.21.11-280x300.png 280w, https:\/\/pos.uel.br\/direito-negocial\/wp-content\/uploads\/2025\/10\/Captura-de-Tela-2025-10-09-a\u0300s-13.21.11-768x823.png 768w, https:\/\/pos.uel.br\/direito-negocial\/wp-content\/uploads\/2025\/10\/Captura-de-Tela-2025-10-09-a\u0300s-13.21.11.png 1290w\" sizes=\"auto, (max-width: 956px) 100vw, 956px\" \/><\/figure>\n<\/div>\n<\/div>\n\n\n\n<figure class=\"wp-block-image size-large is-resized\"><img loading=\"lazy\" decoding=\"async\" width=\"956\" height=\"1024\" src=\"https:\/\/pos.uel.br\/direito-negocial\/wp-content\/uploads\/2025\/10\/Captura-de-Tela-2025-10-09-a\u0300s-13.21.11-1-956x1024.png\" alt=\"\" class=\"wp-image-3549\" style=\"width:403px;height:auto\" srcset=\"https:\/\/pos.uel.br\/direito-negocial\/wp-content\/uploads\/2025\/10\/Captura-de-Tela-2025-10-09-a\u0300s-13.21.11-1-956x1024.png 956w, https:\/\/pos.uel.br\/direito-negocial\/wp-content\/uploads\/2025\/10\/Captura-de-Tela-2025-10-09-a\u0300s-13.21.11-1-280x300.png 280w, https:\/\/pos.uel.br\/direito-negocial\/wp-content\/uploads\/2025\/10\/Captura-de-Tela-2025-10-09-a\u0300s-13.21.11-1-768x823.png 768w, https:\/\/pos.uel.br\/direito-negocial\/wp-content\/uploads\/2025\/10\/Captura-de-Tela-2025-10-09-a\u0300s-13.21.11-1.png 1290w\" sizes=\"auto, (max-width: 956px) 100vw, 956px\" \/><\/figure>\n","protected":false},"excerpt":{"rendered":"<p>A Universidade Cat\u00f3lica de Santa Maria, que possui um conv\u00eanio para internacionaliza\u00e7\u00e3o juntamente com o Programa de P\u00f3s-gradua\u00e7\u00e3o em Direito Negocial da Universidade Estadual de Londrina (PPGDN\/UEL), em parceria com o doutorando do PPGDN\/UEL, Jos\u00e9 Ricardo Suter, promoveu uma iniciativa voltada ao incentivo e \u00e0 qualifica\u00e7\u00e3o da pesquisa cient\u00edfica, que refor\u00e7a o papel transformador da [&hellip;]<\/p>\n","protected":false},"author":32,"featured_media":3458,"comment_status":"open","ping_status":"open","sticky":false,"template":"","format":"standard","meta":{"_acf_changed":false,"footnotes":""},"categories":[1],"tags":[],"class_list":["post-3457","post","type-post","status-publish","format-standard","has-post-thumbnail","hentry","category-sem-categoria"],"acf":[],"_links":{"self":[{"href":"https:\/\/pos.uel.br\/direito-negocial\/wp-json\/wp\/v2\/posts\/3457","targetHints":{"allow":["GET"]}}],"collection":[{"href":"https:\/\/pos.uel.br\/direito-negocial\/wp-json\/wp\/v2\/posts"}],"about":[{"href":"https:\/\/pos.uel.br\/direito-negocial\/wp-json\/wp\/v2\/types\/post"}],"author":[{"embeddable":true,"href":"https:\/\/pos.uel.br\/direito-negocial\/wp-json\/wp\/v2\/users\/32"}],"replies":[{"embeddable":true,"href":"https:\/\/pos.uel.br\/direito-negocial\/wp-json\/wp\/v2\/comments?post=3457"}],"version-history":[{"count":7,"href":"https:\/\/pos.uel.br\/direito-negocial\/wp-json\/wp\/v2\/posts\/3457\/revisions"}],"predecessor-version":[{"id":3550,"href":"https:\/\/pos.uel.br\/direito-negocial\/wp-json\/wp\/v2\/posts\/3457\/revisions\/3550"}],"wp:featuredmedia":[{"embeddable":true,"href":"https:\/\/pos.uel.br\/direito-negocial\/wp-json\/wp\/v2\/media\/3458"}],"wp:attachment":[{"href":"https:\/\/pos.uel.br\/direito-negocial\/wp-json\/wp\/v2\/media?parent=3457"}],"wp:term":[{"taxonomy":"category","embeddable":true,"href":"https:\/\/pos.uel.br\/direito-negocial\/wp-json\/wp\/v2\/categories?post=3457"},{"taxonomy":"post_tag","embeddable":true,"href":"https:\/\/pos.uel.br\/direito-negocial\/wp-json\/wp\/v2\/tags?post=3457"}],"curies":[{"name":"wp","href":"https:\/\/api.w.org\/{rel}","templated":true}]}}