{"id":3447,"date":"2025-10-01T17:01:46","date_gmt":"2025-10-01T20:01:46","guid":{"rendered":"https:\/\/pos.uel.br\/direito-negocial\/?p=3447"},"modified":"2025-10-09T13:33:58","modified_gmt":"2025-10-09T16:33:58","slug":"finalizada-a-disciplina-de-seminarios-ministrada-professor-dr-anton-lois-fernandez-alvarez-da-universidade-de-vigo-espanha","status":"publish","type":"post","link":"https:\/\/pos.uel.br\/direito-negocial\/sem-categoria\/2025\/10\/01\/finalizada-a-disciplina-de-seminarios-ministrada-professor-dr-anton-lois-fernandez-alvarez-da-universidade-de-vigo-espanha\/","title":{"rendered":"Finalizada a disciplina de Semin\u00e1rios ministrada pelo Prof. Dr. Ant\u00f3n Lois Fern\u00e1ndez \u00c1lvarez da Universidade de Vigo (Espanha)\u00a0"},"content":{"rendered":"\n<p><\/p>\n\n\n\n<p>Na sexta-feira, dia 26, foi conclu\u00edda a disciplina ministrada pelo Professor Dr. Ant\u00f3n Lois Fern\u00e1ndez \u00c1lvarez no Programa de P\u00f3s-Gradua\u00e7\u00e3o em Direito Negocial da UEL.<\/p>\n\n\n\n<p>Com o tema &#8220;Justi\u00e7a social, Estado do bem-estar e igualdade&#8221;, a disciplina trouxe reflex\u00f5es valiosas e contribuiu de forma significativa para o programa.<\/p>\n\n\n\n<p>O professor Dr. Ant\u00f3n Lois Fern\u00e1ndez \u00c1lvarez ainda marcou presen\u00e7a no Simp\u00f3sio de Internacionaliza\u00e7\u00e3o do PPGDN\/UEL.<\/p>\n\n\n\n<p>O PPGDN agradece a presen\u00e7a do professor e esperamos reencontr\u00e1-lo no pr\u00f3ximo ano, na Espanha, para o VII SIDeCiED.<\/p>\n\n\n\n<figure class=\"wp-block-image size-full is-style-default\"><img loading=\"lazy\" decoding=\"async\" width=\"1600\" height=\"1066\" src=\"https:\/\/pos.uel.br\/direito-negocial\/wp-content\/uploads\/2025\/10\/WhatsApp-Image-2025-10-01-at-10.11.28.jpeg\" alt=\"\" class=\"wp-image-3448\" srcset=\"https:\/\/pos.uel.br\/direito-negocial\/wp-content\/uploads\/2025\/10\/WhatsApp-Image-2025-10-01-at-10.11.28.jpeg 1600w, https:\/\/pos.uel.br\/direito-negocial\/wp-content\/uploads\/2025\/10\/WhatsApp-Image-2025-10-01-at-10.11.28-300x200.jpeg 300w, https:\/\/pos.uel.br\/direito-negocial\/wp-content\/uploads\/2025\/10\/WhatsApp-Image-2025-10-01-at-10.11.28-1024x682.jpeg 1024w, https:\/\/pos.uel.br\/direito-negocial\/wp-content\/uploads\/2025\/10\/WhatsApp-Image-2025-10-01-at-10.11.28-768x512.jpeg 768w, https:\/\/pos.uel.br\/direito-negocial\/wp-content\/uploads\/2025\/10\/WhatsApp-Image-2025-10-01-at-10.11.28-1536x1023.jpeg 1536w\" sizes=\"auto, (max-width: 1600px) 100vw, 1600px\" \/><\/figure>\n","protected":false},"excerpt":{"rendered":"<p>Na sexta-feira, dia 26, foi conclu\u00edda a disciplina ministrada pelo Professor Dr. Ant\u00f3n Lois Fern\u00e1ndez \u00c1lvarez no Programa de P\u00f3s-Gradua\u00e7\u00e3o em Direito Negocial da UEL. Com o tema &#8220;Justi\u00e7a social, Estado do bem-estar e igualdade&#8221;, a disciplina trouxe reflex\u00f5es valiosas e contribuiu de forma significativa para o programa. O professor Dr. Ant\u00f3n Lois Fern\u00e1ndez \u00c1lvarez [&hellip;]<\/p>\n","protected":false},"author":32,"featured_media":3448,"comment_status":"open","ping_status":"open","sticky":false,"template":"","format":"standard","meta":{"_acf_changed":false,"footnotes":""},"categories":[1],"tags":[],"class_list":["post-3447","post","type-post","status-publish","format-standard","has-post-thumbnail","hentry","category-sem-categoria"],"acf":[],"_links":{"self":[{"href":"https:\/\/pos.uel.br\/direito-negocial\/wp-json\/wp\/v2\/posts\/3447","targetHints":{"allow":["GET"]}}],"collection":[{"href":"https:\/\/pos.uel.br\/direito-negocial\/wp-json\/wp\/v2\/posts"}],"about":[{"href":"https:\/\/pos.uel.br\/direito-negocial\/wp-json\/wp\/v2\/types\/post"}],"author":[{"embeddable":true,"href":"https:\/\/pos.uel.br\/direito-negocial\/wp-json\/wp\/v2\/users\/32"}],"replies":[{"embeddable":true,"href":"https:\/\/pos.uel.br\/direito-negocial\/wp-json\/wp\/v2\/comments?post=3447"}],"version-history":[{"count":4,"href":"https:\/\/pos.uel.br\/direito-negocial\/wp-json\/wp\/v2\/posts\/3447\/revisions"}],"predecessor-version":[{"id":3556,"href":"https:\/\/pos.uel.br\/direito-negocial\/wp-json\/wp\/v2\/posts\/3447\/revisions\/3556"}],"wp:featuredmedia":[{"embeddable":true,"href":"https:\/\/pos.uel.br\/direito-negocial\/wp-json\/wp\/v2\/media\/3448"}],"wp:attachment":[{"href":"https:\/\/pos.uel.br\/direito-negocial\/wp-json\/wp\/v2\/media?parent=3447"}],"wp:term":[{"taxonomy":"category","embeddable":true,"href":"https:\/\/pos.uel.br\/direito-negocial\/wp-json\/wp\/v2\/categories?post=3447"},{"taxonomy":"post_tag","embeddable":true,"href":"https:\/\/pos.uel.br\/direito-negocial\/wp-json\/wp\/v2\/tags?post=3447"}],"curies":[{"name":"wp","href":"https:\/\/api.w.org\/{rel}","templated":true}]}}