{"id":3430,"date":"2025-10-01T15:53:47","date_gmt":"2025-10-01T18:53:47","guid":{"rendered":"https:\/\/pos.uel.br\/direito-negocial\/?p=3430"},"modified":"2025-10-01T15:57:17","modified_gmt":"2025-10-01T18:57:17","slug":"a-universidade-estadual-de-londrina-uel-recebeu-na-ultima-sexta-feira-26-09-o-simposio-de-internacionalizacao-do-ppgdn-uel","status":"publish","type":"post","link":"https:\/\/pos.uel.br\/direito-negocial\/sem-categoria\/2025\/10\/01\/a-universidade-estadual-de-londrina-uel-recebeu-na-ultima-sexta-feira-26-09-o-simposio-de-internacionalizacao-do-ppgdn-uel\/","title":{"rendered":"A Universidade Estadual de Londrina \u2013 UEL recebeu na \u00faltima sexta-feira (26.09) o Simp\u00f3sio de Internacionaliza\u00e7\u00e3o do PPGDN\/UEL"},"content":{"rendered":"\n<p>Na sexta-feira (26.09), a Universidade Estadual de Londrina \u2013 UEL realizou o Simp\u00f3sio de Internacionaliza\u00e7\u00e3o do PPGDN\/UEL, no anfiteatro do CESA\/UEL.<\/p>\n\n\n\n<p>O evento contou com a participa\u00e7\u00e3o de professores da Espanha, Peru, Paraguai e Brasil, e teve apoio da Zona de Integraci\u00f3n del Centro Oeste da Am\u00e9rica del Sur (ZICOSUR), especialmente da Profa. Dra. Maria Esmeralda Britez Miranda (Paraguay) e do Prof. Dr. Adyr Garcia Ferreira Netto (Brasil).<\/p>\n\n\n\n<p>Contribu\u00edram com palestras para o evento os professores: Prof. Dr. \u00c1nton Lois Fernandez Alvarez (Espanha), Prof. Dr. Alberto Olivares Gallardo (Espanha), Profa. Dra. Laura Magalh\u00e3es de Andrade (Espanha), Prof. Dr. Juan Carlos Nalvarte Lozada (Peru), Prof. Dr. Edy E. Cuevas Arizaca (Peru), Profa. Dra. Maria Esmeralda Britez Miranda (Paraguay), Profa. Ma. Noelia Bernadett Ozuna Gonz\u00e1lez (Paraguay) e Profa. Ma. Mirian Beatriz Acosta (Paraguay).<\/p>\n\n\n\n<p>O evento representa o compromisso do Programa de Mestrado e Doutorado em Direito Negocial \u2013 UEL com a internacionaliza\u00e7\u00e3o, cuja participa\u00e7\u00e3o da Zona de Integraci\u00f3n del Centro Oeste da Am\u00e9rica del Sur (ZICOSUR) foi essencial \u00e0 integra\u00e7\u00e3o do PPGDN\/UEL com pa\u00edses da Am\u00e9rica Latina.<\/p>\n\n\n\n<div class=\"wp-block-group alignfull\"><div class=\"wp-block-group__inner-container is-layout-constrained wp-block-group-is-layout-constrained\">\n<div class=\"wp-block-group alignwide is-layout-grid wp-container-core-group-is-layout-9649a0d9 wp-block-group-is-layout-grid\">\n<figure class=\"wp-block-image size-large wp-container-content-69bc4bdf\"><img loading=\"lazy\" decoding=\"async\" width=\"1024\" height=\"768\" src=\"https:\/\/pos.uel.br\/direito-negocial\/wp-content\/uploads\/2025\/10\/WhatsApp-Image-2025-09-30-at-20.06.44-1024x768.jpeg\" alt=\"\" class=\"wp-image-3431\" style=\"aspect-ratio:9\/16;object-fit:cover\" srcset=\"https:\/\/pos.uel.br\/direito-negocial\/wp-content\/uploads\/2025\/10\/WhatsApp-Image-2025-09-30-at-20.06.44-1024x768.jpeg 1024w, https:\/\/pos.uel.br\/direito-negocial\/wp-content\/uploads\/2025\/10\/WhatsApp-Image-2025-09-30-at-20.06.44-300x225.jpeg 300w, https:\/\/pos.uel.br\/direito-negocial\/wp-content\/uploads\/2025\/10\/WhatsApp-Image-2025-09-30-at-20.06.44-768x576.jpeg 768w, https:\/\/pos.uel.br\/direito-negocial\/wp-content\/uploads\/2025\/10\/WhatsApp-Image-2025-09-30-at-20.06.44-1536x1152.jpeg 1536w, https:\/\/pos.uel.br\/direito-negocial\/wp-content\/uploads\/2025\/10\/WhatsApp-Image-2025-09-30-at-20.06.44.jpeg 1600w\" sizes=\"auto, (max-width: 1024px) 100vw, 1024px\" \/><\/figure>\n\n\n\n<div class=\"wp-block-group\"><div class=\"wp-block-group__inner-container is-layout-constrained wp-block-group-is-layout-constrained\">\n<figure class=\"wp-block-image size-large\"><img loading=\"lazy\" decoding=\"async\" width=\"576\" height=\"1024\" src=\"https:\/\/pos.uel.br\/direito-negocial\/wp-content\/uploads\/2025\/10\/WhatsApp-Image-2025-09-30-at-20.06.45-1-576x1024.jpeg\" alt=\"\" class=\"wp-image-3432\" srcset=\"https:\/\/pos.uel.br\/direito-negocial\/wp-content\/uploads\/2025\/10\/WhatsApp-Image-2025-09-30-at-20.06.45-1-576x1024.jpeg 576w, https:\/\/pos.uel.br\/direito-negocial\/wp-content\/uploads\/2025\/10\/WhatsApp-Image-2025-09-30-at-20.06.45-1-169x300.jpeg 169w, https:\/\/pos.uel.br\/direito-negocial\/wp-content\/uploads\/2025\/10\/WhatsApp-Image-2025-09-30-at-20.06.45-1.jpeg 720w\" sizes=\"auto, (max-width: 576px) 100vw, 576px\" \/><\/figure>\n<\/div><\/div>\n\n\n\n<figure class=\"wp-block-image size-full\"><img loading=\"lazy\" decoding=\"async\" width=\"1200\" height=\"1600\" src=\"https:\/\/pos.uel.br\/direito-negocial\/wp-content\/uploads\/2025\/10\/WhatsApp-Image-2025-10-01-at-10.27.19.jpeg\" alt=\"\" class=\"wp-image-3433\" style=\"aspect-ratio:9\/16;object-fit:cover\" srcset=\"https:\/\/pos.uel.br\/direito-negocial\/wp-content\/uploads\/2025\/10\/WhatsApp-Image-2025-10-01-at-10.27.19.jpeg 1200w, https:\/\/pos.uel.br\/direito-negocial\/wp-content\/uploads\/2025\/10\/WhatsApp-Image-2025-10-01-at-10.27.19-225x300.jpeg 225w, https:\/\/pos.uel.br\/direito-negocial\/wp-content\/uploads\/2025\/10\/WhatsApp-Image-2025-10-01-at-10.27.19-768x1024.jpeg 768w, https:\/\/pos.uel.br\/direito-negocial\/wp-content\/uploads\/2025\/10\/WhatsApp-Image-2025-10-01-at-10.27.19-1152x1536.jpeg 1152w\" sizes=\"auto, (max-width: 1200px) 100vw, 1200px\" \/><\/figure>\n\n\n\n<figure class=\"wp-block-image size-large\"><img loading=\"lazy\" decoding=\"async\" width=\"768\" height=\"1024\" src=\"https:\/\/pos.uel.br\/direito-negocial\/wp-content\/uploads\/2025\/10\/WhatsApp-Image-2025-10-01-at-10.27.20-2-768x1024.jpeg\" alt=\"\" class=\"wp-image-3434\" style=\"aspect-ratio:9\/16;object-fit:cover\" srcset=\"https:\/\/pos.uel.br\/direito-negocial\/wp-content\/uploads\/2025\/10\/WhatsApp-Image-2025-10-01-at-10.27.20-2-768x1024.jpeg 768w, https:\/\/pos.uel.br\/direito-negocial\/wp-content\/uploads\/2025\/10\/WhatsApp-Image-2025-10-01-at-10.27.20-2-225x300.jpeg 225w, https:\/\/pos.uel.br\/direito-negocial\/wp-content\/uploads\/2025\/10\/WhatsApp-Image-2025-10-01-at-10.27.20-2-1152x1536.jpeg 1152w, https:\/\/pos.uel.br\/direito-negocial\/wp-content\/uploads\/2025\/10\/WhatsApp-Image-2025-10-01-at-10.27.20-2.jpeg 1200w\" sizes=\"auto, (max-width: 768px) 100vw, 768px\" \/><\/figure>\n\n\n\n<figure class=\"wp-block-image size-large wp-container-content-69bc4bdf\"><img loading=\"lazy\" decoding=\"async\" width=\"464\" height=\"1024\" src=\"https:\/\/pos.uel.br\/direito-negocial\/wp-content\/uploads\/2025\/10\/WhatsApp-Image-2025-10-01-at-10.27.21-1-464x1024.jpeg\" alt=\"\" class=\"wp-image-3435\" style=\"aspect-ratio:9\/16;object-fit:cover\" srcset=\"https:\/\/pos.uel.br\/direito-negocial\/wp-content\/uploads\/2025\/10\/WhatsApp-Image-2025-10-01-at-10.27.21-1-464x1024.jpeg 464w, https:\/\/pos.uel.br\/direito-negocial\/wp-content\/uploads\/2025\/10\/WhatsApp-Image-2025-10-01-at-10.27.21-1-136x300.jpeg 136w, https:\/\/pos.uel.br\/direito-negocial\/wp-content\/uploads\/2025\/10\/WhatsApp-Image-2025-10-01-at-10.27.21-1-696x1536.jpeg 696w, https:\/\/pos.uel.br\/direito-negocial\/wp-content\/uploads\/2025\/10\/WhatsApp-Image-2025-10-01-at-10.27.21-1.jpeg 725w\" sizes=\"auto, (max-width: 464px) 100vw, 464px\" \/><\/figure>\n\n\n\n<figure class=\"wp-block-image size-full\"><img loading=\"lazy\" decoding=\"async\" width=\"1200\" height=\"1600\" src=\"https:\/\/pos.uel.br\/direito-negocial\/wp-content\/uploads\/2025\/10\/WhatsApp-Image-2025-10-01-at-10.27.21.jpeg\" alt=\"\" class=\"wp-image-3436\" style=\"aspect-ratio:9\/16;object-fit:cover\" srcset=\"https:\/\/pos.uel.br\/direito-negocial\/wp-content\/uploads\/2025\/10\/WhatsApp-Image-2025-10-01-at-10.27.21.jpeg 1200w, https:\/\/pos.uel.br\/direito-negocial\/wp-content\/uploads\/2025\/10\/WhatsApp-Image-2025-10-01-at-10.27.21-225x300.jpeg 225w, https:\/\/pos.uel.br\/direito-negocial\/wp-content\/uploads\/2025\/10\/WhatsApp-Image-2025-10-01-at-10.27.21-768x1024.jpeg 768w, https:\/\/pos.uel.br\/direito-negocial\/wp-content\/uploads\/2025\/10\/WhatsApp-Image-2025-10-01-at-10.27.21-1152x1536.jpeg 1152w\" sizes=\"auto, (max-width: 1200px) 100vw, 1200px\" \/><\/figure>\n\n\n\n<figure class=\"wp-block-image size-full\"><img loading=\"lazy\" decoding=\"async\" width=\"1200\" height=\"1600\" src=\"https:\/\/pos.uel.br\/direito-negocial\/wp-content\/uploads\/2025\/10\/WhatsApp-Image-2025-10-01-at-10.27.24-1.jpeg\" alt=\"\" class=\"wp-image-3437\" style=\"aspect-ratio:9\/16;object-fit:cover\" srcset=\"https:\/\/pos.uel.br\/direito-negocial\/wp-content\/uploads\/2025\/10\/WhatsApp-Image-2025-10-01-at-10.27.24-1.jpeg 1200w, https:\/\/pos.uel.br\/direito-negocial\/wp-content\/uploads\/2025\/10\/WhatsApp-Image-2025-10-01-at-10.27.24-1-225x300.jpeg 225w, https:\/\/pos.uel.br\/direito-negocial\/wp-content\/uploads\/2025\/10\/WhatsApp-Image-2025-10-01-at-10.27.24-1-768x1024.jpeg 768w, https:\/\/pos.uel.br\/direito-negocial\/wp-content\/uploads\/2025\/10\/WhatsApp-Image-2025-10-01-at-10.27.24-1-1152x1536.jpeg 1152w\" sizes=\"auto, (max-width: 1200px) 100vw, 1200px\" \/><\/figure>\n\n\n\n<figure class=\"wp-block-image size-large\"><img loading=\"lazy\" decoding=\"async\" width=\"768\" height=\"1024\" src=\"https:\/\/pos.uel.br\/direito-negocial\/wp-content\/uploads\/2025\/10\/WhatsApp-Image-2025-10-01-at-10.27.24-2-768x1024.jpeg\" alt=\"\" class=\"wp-image-3438\" style=\"aspect-ratio:9\/16;object-fit:cover\" srcset=\"https:\/\/pos.uel.br\/direito-negocial\/wp-content\/uploads\/2025\/10\/WhatsApp-Image-2025-10-01-at-10.27.24-2-768x1024.jpeg 768w, https:\/\/pos.uel.br\/direito-negocial\/wp-content\/uploads\/2025\/10\/WhatsApp-Image-2025-10-01-at-10.27.24-2-225x300.jpeg 225w, https:\/\/pos.uel.br\/direito-negocial\/wp-content\/uploads\/2025\/10\/WhatsApp-Image-2025-10-01-at-10.27.24-2-1152x1536.jpeg 1152w, https:\/\/pos.uel.br\/direito-negocial\/wp-content\/uploads\/2025\/10\/WhatsApp-Image-2025-10-01-at-10.27.24-2.jpeg 1200w\" sizes=\"auto, (max-width: 768px) 100vw, 768px\" \/><\/figure>\n\n\n\n<figure class=\"wp-block-image size-large\"><img loading=\"lazy\" decoding=\"async\" width=\"768\" height=\"1024\" src=\"https:\/\/pos.uel.br\/direito-negocial\/wp-content\/uploads\/2025\/10\/WhatsApp-Image-2025-10-01-at-10.27.24-768x1024.jpeg\" alt=\"\" class=\"wp-image-3443\" style=\"aspect-ratio:9\/16;object-fit:cover\" srcset=\"https:\/\/pos.uel.br\/direito-negocial\/wp-content\/uploads\/2025\/10\/WhatsApp-Image-2025-10-01-at-10.27.24-768x1024.jpeg 768w, https:\/\/pos.uel.br\/direito-negocial\/wp-content\/uploads\/2025\/10\/WhatsApp-Image-2025-10-01-at-10.27.24-225x300.jpeg 225w, https:\/\/pos.uel.br\/direito-negocial\/wp-content\/uploads\/2025\/10\/WhatsApp-Image-2025-10-01-at-10.27.24-1152x1536.jpeg 1152w, https:\/\/pos.uel.br\/direito-negocial\/wp-content\/uploads\/2025\/10\/WhatsApp-Image-2025-10-01-at-10.27.24.jpeg 1200w\" sizes=\"auto, (max-width: 768px) 100vw, 768px\" \/><\/figure>\n\n\n\n<figure class=\"wp-block-image size-large\"><img loading=\"lazy\" decoding=\"async\" width=\"768\" height=\"1024\" src=\"https:\/\/pos.uel.br\/direito-negocial\/wp-content\/uploads\/2025\/10\/WhatsApp-Image-2025-10-01-at-10.27.26-768x1024.jpeg\" alt=\"\" class=\"wp-image-3440\" style=\"aspect-ratio:9\/16;object-fit:cover\" srcset=\"https:\/\/pos.uel.br\/direito-negocial\/wp-content\/uploads\/2025\/10\/WhatsApp-Image-2025-10-01-at-10.27.26-768x1024.jpeg 768w, https:\/\/pos.uel.br\/direito-negocial\/wp-content\/uploads\/2025\/10\/WhatsApp-Image-2025-10-01-at-10.27.26-225x300.jpeg 225w, https:\/\/pos.uel.br\/direito-negocial\/wp-content\/uploads\/2025\/10\/WhatsApp-Image-2025-10-01-at-10.27.26-1152x1536.jpeg 1152w, https:\/\/pos.uel.br\/direito-negocial\/wp-content\/uploads\/2025\/10\/WhatsApp-Image-2025-10-01-at-10.27.26.jpeg 1200w\" sizes=\"auto, (max-width: 768px) 100vw, 768px\" \/><\/figure>\n\n\n\n<figure class=\"wp-block-image size-large\"><img loading=\"lazy\" decoding=\"async\" width=\"768\" height=\"1024\" src=\"https:\/\/pos.uel.br\/direito-negocial\/wp-content\/uploads\/2025\/10\/WhatsApp-Image-2025-10-01-at-10.27.29-1-768x1024.jpeg\" alt=\"\" class=\"wp-image-3441\" style=\"aspect-ratio:9\/16;object-fit:cover\" srcset=\"https:\/\/pos.uel.br\/direito-negocial\/wp-content\/uploads\/2025\/10\/WhatsApp-Image-2025-10-01-at-10.27.29-1-768x1024.jpeg 768w, https:\/\/pos.uel.br\/direito-negocial\/wp-content\/uploads\/2025\/10\/WhatsApp-Image-2025-10-01-at-10.27.29-1-225x300.jpeg 225w, https:\/\/pos.uel.br\/direito-negocial\/wp-content\/uploads\/2025\/10\/WhatsApp-Image-2025-10-01-at-10.27.29-1-1152x1536.jpeg 1152w, https:\/\/pos.uel.br\/direito-negocial\/wp-content\/uploads\/2025\/10\/WhatsApp-Image-2025-10-01-at-10.27.29-1.jpeg 1200w\" sizes=\"auto, (max-width: 768px) 100vw, 768px\" \/><\/figure>\n\n\n\n<figure class=\"wp-block-image size-large\"><img loading=\"lazy\" decoding=\"async\" width=\"464\" height=\"1024\" src=\"https:\/\/pos.uel.br\/direito-negocial\/wp-content\/uploads\/2025\/10\/WhatsApp-Image-2025-10-01-at-10.27.21-2-464x1024.jpeg\" alt=\"\" class=\"wp-image-3442\" style=\"aspect-ratio:9\/16;object-fit:cover\" srcset=\"https:\/\/pos.uel.br\/direito-negocial\/wp-content\/uploads\/2025\/10\/WhatsApp-Image-2025-10-01-at-10.27.21-2-464x1024.jpeg 464w, https:\/\/pos.uel.br\/direito-negocial\/wp-content\/uploads\/2025\/10\/WhatsApp-Image-2025-10-01-at-10.27.21-2-136x300.jpeg 136w, https:\/\/pos.uel.br\/direito-negocial\/wp-content\/uploads\/2025\/10\/WhatsApp-Image-2025-10-01-at-10.27.21-2-696x1536.jpeg 696w, https:\/\/pos.uel.br\/direito-negocial\/wp-content\/uploads\/2025\/10\/WhatsApp-Image-2025-10-01-at-10.27.21-2.jpeg 725w\" sizes=\"auto, (max-width: 464px) 100vw, 464px\" \/><\/figure>\n<\/div>\n<\/div><\/div>\n","protected":false},"excerpt":{"rendered":"<p>Na sexta-feira (26.09), a Universidade Estadual de Londrina \u2013 UEL realizou o Simp\u00f3sio de Internacionaliza\u00e7\u00e3o do PPGDN\/UEL, no anfiteatro do CESA\/UEL. O evento contou com a participa\u00e7\u00e3o de professores da Espanha, Peru, Paraguai e Brasil, e teve apoio da Zona de Integraci\u00f3n del Centro Oeste da Am\u00e9rica del Sur (ZICOSUR), especialmente da Profa. Dra. Maria [&hellip;]<\/p>\n","protected":false},"author":32,"featured_media":3432,"comment_status":"open","ping_status":"open","sticky":false,"template":"","format":"standard","meta":{"_acf_changed":false,"footnotes":""},"categories":[1],"tags":[],"class_list":["post-3430","post","type-post","status-publish","format-standard","has-post-thumbnail","hentry","category-sem-categoria"],"acf":[],"_links":{"self":[{"href":"https:\/\/pos.uel.br\/direito-negocial\/wp-json\/wp\/v2\/posts\/3430","targetHints":{"allow":["GET"]}}],"collection":[{"href":"https:\/\/pos.uel.br\/direito-negocial\/wp-json\/wp\/v2\/posts"}],"about":[{"href":"https:\/\/pos.uel.br\/direito-negocial\/wp-json\/wp\/v2\/types\/post"}],"author":[{"embeddable":true,"href":"https:\/\/pos.uel.br\/direito-negocial\/wp-json\/wp\/v2\/users\/32"}],"replies":[{"embeddable":true,"href":"https:\/\/pos.uel.br\/direito-negocial\/wp-json\/wp\/v2\/comments?post=3430"}],"version-history":[{"count":3,"href":"https:\/\/pos.uel.br\/direito-negocial\/wp-json\/wp\/v2\/posts\/3430\/revisions"}],"predecessor-version":[{"id":3446,"href":"https:\/\/pos.uel.br\/direito-negocial\/wp-json\/wp\/v2\/posts\/3430\/revisions\/3446"}],"wp:featuredmedia":[{"embeddable":true,"href":"https:\/\/pos.uel.br\/direito-negocial\/wp-json\/wp\/v2\/media\/3432"}],"wp:attachment":[{"href":"https:\/\/pos.uel.br\/direito-negocial\/wp-json\/wp\/v2\/media?parent=3430"}],"wp:term":[{"taxonomy":"category","embeddable":true,"href":"https:\/\/pos.uel.br\/direito-negocial\/wp-json\/wp\/v2\/categories?post=3430"},{"taxonomy":"post_tag","embeddable":true,"href":"https:\/\/pos.uel.br\/direito-negocial\/wp-json\/wp\/v2\/tags?post=3430"}],"curies":[{"name":"wp","href":"https:\/\/api.w.org\/{rel}","templated":true}]}}