{"id":3426,"date":"2025-10-01T15:11:06","date_gmt":"2025-10-01T18:11:06","guid":{"rendered":"https:\/\/pos.uel.br\/direito-negocial\/?p=3426"},"modified":"2025-10-01T15:11:06","modified_gmt":"2025-10-01T18:11:06","slug":"vice-coordenadora-do-ppgdn-participa-da-v-semana-internacional-de-investigacion-innovacion-y-emprendimento-da-universidade-catolica-de-santa-maria-arequipa-peru","status":"publish","type":"post","link":"https:\/\/pos.uel.br\/direito-negocial\/sem-categoria\/2025\/10\/01\/vice-coordenadora-do-ppgdn-participa-da-v-semana-internacional-de-investigacion-innovacion-y-emprendimento-da-universidade-catolica-de-santa-maria-arequipa-peru\/","title":{"rendered":"Vice-coordenadora do PPGDN participa da V Semana Internacional de Investigacion, Innovacion y Emprendimento da Universidade cat\u00f3lica de Santa Maria, Arequipa\/PERU."},"content":{"rendered":"\n<p><\/p>\n\n\n\n<p>No dia 30 de setembro, a vice-coordenadora do PPGDN, Profa. Dra. Patr\u00edcia Ayub da Costa, participou do evento V Semana Internacional de Investigacion, Innovacion y Emprendimento da Universidade cat\u00f3lica de Santa Maria, Arequipa\/PERU.<\/p>\n\n\n\n<p> A Profa. Dra. Patr\u00edcia Ayub da Costa participou no evento, palestrando sobre o tema La importancia de la investigaci\u00f3n para elegir el mejor m\u00e9todo de gesti\u00f3n de conflitos.<\/p>\n\n\n\n<p>A participa\u00e7\u00e3o da vice-coordenadora representa o fortalecimento dos la\u00e7os internacionais do PPGDN com a comunidade internacional, servindo de importante ponte para a troca de experi\u00eancias e amadurecimento da pesquisa acad\u00eamica.<\/p>\n\n\n\n<p><\/p>\n\n\n\n<div class=\"wp-block-group alignwide is-nowrap is-layout-flex wp-container-core-group-is-layout-ad2f72ca wp-block-group-is-layout-flex\">\n<div class=\"wp-block-group\"><div class=\"wp-block-group__inner-container is-layout-constrained wp-block-group-is-layout-constrained\">\n<div class=\"wp-block-columns is-layout-flex wp-container-core-columns-is-layout-9d6595d7 wp-block-columns-is-layout-flex\">\n<div class=\"wp-block-column is-layout-flow wp-block-column-is-layout-flow\" style=\"flex-basis:100%\">\n<figure class=\"wp-block-image size-large\"><img loading=\"lazy\" decoding=\"async\" width=\"1024\" height=\"729\" src=\"https:\/\/pos.uel.br\/direito-negocial\/wp-content\/uploads\/2025\/10\/WhatsApp-Image-2025-09-30-at-18.38.08-1-1024x729.jpeg\" alt=\"\" class=\"wp-image-3427\" srcset=\"https:\/\/pos.uel.br\/direito-negocial\/wp-content\/uploads\/2025\/10\/WhatsApp-Image-2025-09-30-at-18.38.08-1-1024x729.jpeg 1024w, https:\/\/pos.uel.br\/direito-negocial\/wp-content\/uploads\/2025\/10\/WhatsApp-Image-2025-09-30-at-18.38.08-1-300x213.jpeg 300w, https:\/\/pos.uel.br\/direito-negocial\/wp-content\/uploads\/2025\/10\/WhatsApp-Image-2025-09-30-at-18.38.08-1-768x546.jpeg 768w, https:\/\/pos.uel.br\/direito-negocial\/wp-content\/uploads\/2025\/10\/WhatsApp-Image-2025-09-30-at-18.38.08-1.jpeg 1206w\" sizes=\"auto, (max-width: 1024px) 100vw, 1024px\" \/><\/figure>\n<\/div>\n<\/div>\n<\/div><\/div>\n\n\n\n<figure class=\"wp-block-image size-large\"><img loading=\"lazy\" decoding=\"async\" width=\"819\" height=\"1024\" src=\"https:\/\/pos.uel.br\/direito-negocial\/wp-content\/uploads\/2025\/10\/WhatsApp-Image-2025-09-30-at-18.38.08-819x1024.jpeg\" alt=\"\" class=\"wp-image-3428\" srcset=\"https:\/\/pos.uel.br\/direito-negocial\/wp-content\/uploads\/2025\/10\/WhatsApp-Image-2025-09-30-at-18.38.08-819x1024.jpeg 819w, https:\/\/pos.uel.br\/direito-negocial\/wp-content\/uploads\/2025\/10\/WhatsApp-Image-2025-09-30-at-18.38.08-240x300.jpeg 240w, https:\/\/pos.uel.br\/direito-negocial\/wp-content\/uploads\/2025\/10\/WhatsApp-Image-2025-09-30-at-18.38.08-768x961.jpeg 768w, https:\/\/pos.uel.br\/direito-negocial\/wp-content\/uploads\/2025\/10\/WhatsApp-Image-2025-09-30-at-18.38.08-1228x1536.jpeg 1228w, https:\/\/pos.uel.br\/direito-negocial\/wp-content\/uploads\/2025\/10\/WhatsApp-Image-2025-09-30-at-18.38.08.jpeg 1279w\" sizes=\"auto, (max-width: 819px) 100vw, 819px\" \/><\/figure>\n\n\n\n<p><\/p>\n<\/div>\n","protected":false},"excerpt":{"rendered":"<p>No dia 30 de setembro, a vice-coordenadora do PPGDN, Profa. Dra. Patr\u00edcia Ayub da Costa, participou do evento V Semana Internacional de Investigacion, Innovacion y Emprendimento da Universidade cat\u00f3lica de Santa Maria, Arequipa\/PERU. A Profa. Dra. Patr\u00edcia Ayub da Costa participou no evento, palestrando sobre o tema La importancia de la investigaci\u00f3n para elegir el [&hellip;]<\/p>\n","protected":false},"author":32,"featured_media":3427,"comment_status":"open","ping_status":"open","sticky":false,"template":"","format":"standard","meta":{"_acf_changed":false,"footnotes":""},"categories":[1],"tags":[],"class_list":["post-3426","post","type-post","status-publish","format-standard","has-post-thumbnail","hentry","category-sem-categoria"],"acf":[],"_links":{"self":[{"href":"https:\/\/pos.uel.br\/direito-negocial\/wp-json\/wp\/v2\/posts\/3426","targetHints":{"allow":["GET"]}}],"collection":[{"href":"https:\/\/pos.uel.br\/direito-negocial\/wp-json\/wp\/v2\/posts"}],"about":[{"href":"https:\/\/pos.uel.br\/direito-negocial\/wp-json\/wp\/v2\/types\/post"}],"author":[{"embeddable":true,"href":"https:\/\/pos.uel.br\/direito-negocial\/wp-json\/wp\/v2\/users\/32"}],"replies":[{"embeddable":true,"href":"https:\/\/pos.uel.br\/direito-negocial\/wp-json\/wp\/v2\/comments?post=3426"}],"version-history":[{"count":2,"href":"https:\/\/pos.uel.br\/direito-negocial\/wp-json\/wp\/v2\/posts\/3426\/revisions"}],"predecessor-version":[{"id":3456,"href":"https:\/\/pos.uel.br\/direito-negocial\/wp-json\/wp\/v2\/posts\/3426\/revisions\/3456"}],"wp:featuredmedia":[{"embeddable":true,"href":"https:\/\/pos.uel.br\/direito-negocial\/wp-json\/wp\/v2\/media\/3427"}],"wp:attachment":[{"href":"https:\/\/pos.uel.br\/direito-negocial\/wp-json\/wp\/v2\/media?parent=3426"}],"wp:term":[{"taxonomy":"category","embeddable":true,"href":"https:\/\/pos.uel.br\/direito-negocial\/wp-json\/wp\/v2\/categories?post=3426"},{"taxonomy":"post_tag","embeddable":true,"href":"https:\/\/pos.uel.br\/direito-negocial\/wp-json\/wp\/v2\/tags?post=3426"}],"curies":[{"name":"wp","href":"https:\/\/api.w.org\/{rel}","templated":true}]}}