{"id":3387,"date":"2025-09-24T15:20:09","date_gmt":"2025-09-24T18:20:09","guid":{"rendered":"https:\/\/pos.uel.br\/direito-negocial\/?p=3387"},"modified":"2025-09-24T15:22:58","modified_gmt":"2025-09-24T18:22:58","slug":"ppgdn-recebe-a-participacao-especial-do-professor-dr-anton-lois-fernandez-alvarez-da-universidade-de-vigo-espanha-para-a-disciplina-de-seminarios-em-temas-juridicos-contemporaneos","status":"publish","type":"post","link":"https:\/\/pos.uel.br\/direito-negocial\/sem-categoria\/2025\/09\/24\/ppgdn-recebe-a-participacao-especial-do-professor-dr-anton-lois-fernandez-alvarez-da-universidade-de-vigo-espanha-para-a-disciplina-de-seminarios-em-temas-juridicos-contemporaneos\/","title":{"rendered":"PPGDN recebe a participa\u00e7\u00e3o especial do Professor Dr. \u00c1nton Lois Fernandez Alvarez da Universidade de Vigo (Espanha) para a disciplina de Semin\u00e1rios em Temas Jur\u00eddicos Contempor\u00e2neos"},"content":{"rendered":"\n<p>Entre os dias 22\/09\/2025 e 26\/09\/2025, o PPGDN est\u00e1 recebendo o Prof. Dr. \u00c1nton Lois Fernandez Alvarez da Universidade de Vigo (Espanha), que ministrar\u00e1 a disciplina SEMIN\u00c1RIOS EM TEMAS JUR\u00cdDICOS CONTEMPOR\u00c2NEOS &#8211; Justi\u00e7a social, Estado do Bem-Estar e Igualdade.<\/p>\n\n\n\n<p>A disciplina tem por objetivo estudar aprofundadamente os conceitos e fundamentos te\u00f3ricos da justi\u00e7a social, com foco nas teorias contempor\u00e2neas da justi\u00e7a e seus desdobramentos normativos e pol\u00edticos, sem perder de vista a an\u00e1lise do estado de Bem-Estar Social e suas dimens\u00f5es, entre outros pontos importantes.<\/p>\n\n\n\n<p>A participa\u00e7\u00e3o especial do professor representa o compromisso do PPGDN na integra\u00e7\u00e3o cient\u00edfica a n\u00edvel de direito comparado, servindo de important\u00edssima contribui\u00e7\u00e3o a forma\u00e7\u00e3o acad\u00eamica dos alunos do Programa de Mestrado e Doutorado.<\/p>\n\n\n\n<div class=\"wp-block-group alignwide is-vertical is-layout-flex wp-container-core-group-is-layout-8cf370e7 wp-block-group-is-layout-flex\">\n<figure class=\"wp-block-image size-full\"><img loading=\"lazy\" decoding=\"async\" width=\"1200\" height=\"1600\" src=\"https:\/\/pos.uel.br\/direito-negocial\/wp-content\/uploads\/2025\/09\/FOTO-1.jpeg\" alt=\"\" class=\"wp-image-3399\" srcset=\"https:\/\/pos.uel.br\/direito-negocial\/wp-content\/uploads\/2025\/09\/FOTO-1.jpeg 1200w, https:\/\/pos.uel.br\/direito-negocial\/wp-content\/uploads\/2025\/09\/FOTO-1-225x300.jpeg 225w, https:\/\/pos.uel.br\/direito-negocial\/wp-content\/uploads\/2025\/09\/FOTO-1-768x1024.jpeg 768w, https:\/\/pos.uel.br\/direito-negocial\/wp-content\/uploads\/2025\/09\/FOTO-1-1152x1536.jpeg 1152w\" sizes=\"auto, (max-width: 1200px) 100vw, 1200px\" \/><\/figure>\n\n\n\n<figure class=\"wp-block-image size-large\"><img loading=\"lazy\" decoding=\"async\" width=\"1024\" height=\"768\" src=\"https:\/\/pos.uel.br\/direito-negocial\/wp-content\/uploads\/2025\/09\/WhatsApp-Image-2025-09-23-at-10.14.03-1024x768.jpeg\" alt=\"\" class=\"wp-image-3390\" srcset=\"https:\/\/pos.uel.br\/direito-negocial\/wp-content\/uploads\/2025\/09\/WhatsApp-Image-2025-09-23-at-10.14.03-1024x768.jpeg 1024w, https:\/\/pos.uel.br\/direito-negocial\/wp-content\/uploads\/2025\/09\/WhatsApp-Image-2025-09-23-at-10.14.03-300x225.jpeg 300w, https:\/\/pos.uel.br\/direito-negocial\/wp-content\/uploads\/2025\/09\/WhatsApp-Image-2025-09-23-at-10.14.03-768x576.jpeg 768w, https:\/\/pos.uel.br\/direito-negocial\/wp-content\/uploads\/2025\/09\/WhatsApp-Image-2025-09-23-at-10.14.03.jpeg 1280w\" sizes=\"auto, (max-width: 1024px) 100vw, 1024px\" \/><\/figure>\n\n\n\n<figure class=\"wp-block-image size-large\"><img loading=\"lazy\" decoding=\"async\" width=\"768\" height=\"1024\" src=\"https:\/\/pos.uel.br\/direito-negocial\/wp-content\/uploads\/2025\/09\/WhatsApp-Image-2025-09-23-at-10.14.23-768x1024.jpeg\" alt=\"\" class=\"wp-image-3391\" srcset=\"https:\/\/pos.uel.br\/direito-negocial\/wp-content\/uploads\/2025\/09\/WhatsApp-Image-2025-09-23-at-10.14.23-768x1024.jpeg 768w, https:\/\/pos.uel.br\/direito-negocial\/wp-content\/uploads\/2025\/09\/WhatsApp-Image-2025-09-23-at-10.14.23-225x300.jpeg 225w, https:\/\/pos.uel.br\/direito-negocial\/wp-content\/uploads\/2025\/09\/WhatsApp-Image-2025-09-23-at-10.14.23.jpeg 960w\" sizes=\"auto, (max-width: 768px) 100vw, 768px\" \/><\/figure>\n\n\n\n<figure class=\"wp-block-image size-large\"><img loading=\"lazy\" decoding=\"async\" width=\"768\" height=\"1024\" src=\"https:\/\/pos.uel.br\/direito-negocial\/wp-content\/uploads\/2025\/09\/WhatsApp-Image-2025-09-23-at-10.05.53-1-768x1024.jpeg\" alt=\"\" class=\"wp-image-3394\" srcset=\"https:\/\/pos.uel.br\/direito-negocial\/wp-content\/uploads\/2025\/09\/WhatsApp-Image-2025-09-23-at-10.05.53-1-768x1024.jpeg 768w, https:\/\/pos.uel.br\/direito-negocial\/wp-content\/uploads\/2025\/09\/WhatsApp-Image-2025-09-23-at-10.05.53-1-225x300.jpeg 225w, https:\/\/pos.uel.br\/direito-negocial\/wp-content\/uploads\/2025\/09\/WhatsApp-Image-2025-09-23-at-10.05.53-1-1152x1536.jpeg 1152w, https:\/\/pos.uel.br\/direito-negocial\/wp-content\/uploads\/2025\/09\/WhatsApp-Image-2025-09-23-at-10.05.53-1.jpeg 1200w\" sizes=\"auto, (max-width: 768px) 100vw, 768px\" \/><\/figure>\n\n\n\n<p><\/p>\n<\/div>\n\n\n\n<figure class=\"wp-block-image size-large\"><img loading=\"lazy\" decoding=\"async\" width=\"1024\" height=\"768\" src=\"https:\/\/pos.uel.br\/direito-negocial\/wp-content\/uploads\/2025\/09\/WhatsApp-Image-2025-09-23-at-10.05.09-1-1024x768.jpeg\" alt=\"\" class=\"wp-image-3395\" srcset=\"https:\/\/pos.uel.br\/direito-negocial\/wp-content\/uploads\/2025\/09\/WhatsApp-Image-2025-09-23-at-10.05.09-1-1024x768.jpeg 1024w, https:\/\/pos.uel.br\/direito-negocial\/wp-content\/uploads\/2025\/09\/WhatsApp-Image-2025-09-23-at-10.05.09-1-300x225.jpeg 300w, https:\/\/pos.uel.br\/direito-negocial\/wp-content\/uploads\/2025\/09\/WhatsApp-Image-2025-09-23-at-10.05.09-1-768x576.jpeg 768w, https:\/\/pos.uel.br\/direito-negocial\/wp-content\/uploads\/2025\/09\/WhatsApp-Image-2025-09-23-at-10.05.09-1-1536x1152.jpeg 1536w, https:\/\/pos.uel.br\/direito-negocial\/wp-content\/uploads\/2025\/09\/WhatsApp-Image-2025-09-23-at-10.05.09-1.jpeg 1600w\" sizes=\"auto, (max-width: 1024px) 100vw, 1024px\" \/><\/figure>\n","protected":false},"excerpt":{"rendered":"<p>Entre os dias 22\/09\/2025 e 26\/09\/2025, o PPGDN est\u00e1 recebendo o Prof. Dr. \u00c1nton Lois Fernandez Alvarez da Universidade de Vigo (Espanha), que ministrar\u00e1 a disciplina SEMIN\u00c1RIOS EM TEMAS JUR\u00cdDICOS CONTEMPOR\u00c2NEOS &#8211; Justi\u00e7a social, Estado do Bem-Estar e Igualdade. A disciplina tem por objetivo estudar aprofundadamente os conceitos e fundamentos te\u00f3ricos da justi\u00e7a social, com [&hellip;]<\/p>\n","protected":false},"author":32,"featured_media":3396,"comment_status":"open","ping_status":"open","sticky":false,"template":"","format":"standard","meta":{"_acf_changed":false,"footnotes":""},"categories":[1],"tags":[],"class_list":["post-3387","post","type-post","status-publish","format-standard","has-post-thumbnail","hentry","category-sem-categoria"],"acf":[],"_links":{"self":[{"href":"https:\/\/pos.uel.br\/direito-negocial\/wp-json\/wp\/v2\/posts\/3387","targetHints":{"allow":["GET"]}}],"collection":[{"href":"https:\/\/pos.uel.br\/direito-negocial\/wp-json\/wp\/v2\/posts"}],"about":[{"href":"https:\/\/pos.uel.br\/direito-negocial\/wp-json\/wp\/v2\/types\/post"}],"author":[{"embeddable":true,"href":"https:\/\/pos.uel.br\/direito-negocial\/wp-json\/wp\/v2\/users\/32"}],"replies":[{"embeddable":true,"href":"https:\/\/pos.uel.br\/direito-negocial\/wp-json\/wp\/v2\/comments?post=3387"}],"version-history":[{"count":3,"href":"https:\/\/pos.uel.br\/direito-negocial\/wp-json\/wp\/v2\/posts\/3387\/revisions"}],"predecessor-version":[{"id":3401,"href":"https:\/\/pos.uel.br\/direito-negocial\/wp-json\/wp\/v2\/posts\/3387\/revisions\/3401"}],"wp:featuredmedia":[{"embeddable":true,"href":"https:\/\/pos.uel.br\/direito-negocial\/wp-json\/wp\/v2\/media\/3396"}],"wp:attachment":[{"href":"https:\/\/pos.uel.br\/direito-negocial\/wp-json\/wp\/v2\/media?parent=3387"}],"wp:term":[{"taxonomy":"category","embeddable":true,"href":"https:\/\/pos.uel.br\/direito-negocial\/wp-json\/wp\/v2\/categories?post=3387"},{"taxonomy":"post_tag","embeddable":true,"href":"https:\/\/pos.uel.br\/direito-negocial\/wp-json\/wp\/v2\/tags?post=3387"}],"curies":[{"name":"wp","href":"https:\/\/api.w.org\/{rel}","templated":true}]}}