{"id":3370,"date":"2025-09-23T00:37:01","date_gmt":"2025-09-23T03:37:01","guid":{"rendered":"https:\/\/pos.uel.br\/direito-negocial\/?p=3370"},"modified":"2025-09-23T00:37:01","modified_gmt":"2025-09-23T03:37:01","slug":"primeiro-livro-originado-de-tese-de-doutorado-desenvolvido-no-programa-de-doutorado-do-ppgdn-e-publicado-por-aluno-egresso","status":"publish","type":"post","link":"https:\/\/pos.uel.br\/direito-negocial\/sem-categoria\/2025\/09\/23\/primeiro-livro-originado-de-tese-de-doutorado-desenvolvido-no-programa-de-doutorado-do-ppgdn-e-publicado-por-aluno-egresso\/","title":{"rendered":"Primeiro livro originado de Tese de Doutorado desenvolvido no programa de Doutorado do PPGDN \u00e9 publicado por aluno egresso"},"content":{"rendered":"\n<p>Fellipe Cianca Fortes, aluno egresso do Programa de Doutorado do PPGDN, publicou o livro de t\u00edtulo Contribui\u00e7\u00e3o Ambiental de Interven\u00e7\u00e3o sobre o Dom\u00ednio Econ\u00f4mico.<\/p>\n\n\n\n<p>Trata-se de importante estudo desenvolvido junto de sua professora orientadora, Dra. Marlene Kempfer, cujo objeto de estudo foi abordar o contexto da interven\u00e7\u00e3o estatal sobre o dom\u00ednio econ\u00f4mico, a conjuga\u00e7\u00e3o dos Princ\u00edpios do Estado Democr\u00e1tico-Ambiental de Direito com os Princ\u00edpios que norteiam a atividade tribut\u00e1ria resultam no regime jur\u00eddico tribut\u00e1rio-ambiental, o qual permite a constru\u00e7\u00e3o de um modelo de tributo, a Contribui\u00e7\u00e3o Ambiental de Interven\u00e7\u00e3o sobre o Dom\u00ednio Econ\u00f4mico, sob premissas que buscam conect\u00e1-lo com a racionalidade ecol\u00f3gica do planeta Terra e atingir a realidade socioecon\u00f4mica, com vistas a assegurar a sua efetividade para servir de instrumento para real defesa e preserva\u00e7\u00e3o do meio ambiente.<\/p>\n\n\n\n<p>O PPGDN celebra o lan\u00e7amento da obra, cuja publica\u00e7\u00e3o demonstra o compromisso do programa de P\u00f3s-Gradua\u00e7\u00e3o em Direito Negocial com o desenvolvimento da pesquisa acad\u00eamica e com seus alunos ingressos e egressos, e com toda a sociedade. &nbsp;<\/p>\n\n\n<div class=\"wp-block-image\">\n<figure class=\"alignleft size-full\"><img loading=\"lazy\" decoding=\"async\" width=\"542\" height=\"802\" src=\"https:\/\/pos.uel.br\/direito-negocial\/wp-content\/uploads\/2025\/09\/Captura-de-Tela-2025-09-22-a\u0300s-17.32.22.png\" alt=\"\" class=\"wp-image-3368\" srcset=\"https:\/\/pos.uel.br\/direito-negocial\/wp-content\/uploads\/2025\/09\/Captura-de-Tela-2025-09-22-a\u0300s-17.32.22.png 542w, https:\/\/pos.uel.br\/direito-negocial\/wp-content\/uploads\/2025\/09\/Captura-de-Tela-2025-09-22-a\u0300s-17.32.22-203x300.png 203w\" sizes=\"auto, (max-width: 542px) 100vw, 542px\" \/><\/figure>\n<\/div>","protected":false},"excerpt":{"rendered":"<p>Fellipe Cianca Fortes, aluno egresso do Programa de Doutorado do PPGDN, publicou o livro de t\u00edtulo Contribui\u00e7\u00e3o Ambiental de Interven\u00e7\u00e3o sobre o Dom\u00ednio Econ\u00f4mico. Trata-se de importante estudo desenvolvido junto de sua professora orientadora, Dra. Marlene Kempfer, cujo objeto de estudo foi abordar o contexto da interven\u00e7\u00e3o estatal sobre o dom\u00ednio econ\u00f4mico, a conjuga\u00e7\u00e3o dos [&hellip;]<\/p>\n","protected":false},"author":32,"featured_media":3368,"comment_status":"open","ping_status":"open","sticky":false,"template":"","format":"standard","meta":{"_acf_changed":false,"footnotes":""},"categories":[1],"tags":[],"class_list":["post-3370","post","type-post","status-publish","format-standard","has-post-thumbnail","hentry","category-sem-categoria"],"acf":[],"_links":{"self":[{"href":"https:\/\/pos.uel.br\/direito-negocial\/wp-json\/wp\/v2\/posts\/3370","targetHints":{"allow":["GET"]}}],"collection":[{"href":"https:\/\/pos.uel.br\/direito-negocial\/wp-json\/wp\/v2\/posts"}],"about":[{"href":"https:\/\/pos.uel.br\/direito-negocial\/wp-json\/wp\/v2\/types\/post"}],"author":[{"embeddable":true,"href":"https:\/\/pos.uel.br\/direito-negocial\/wp-json\/wp\/v2\/users\/32"}],"replies":[{"embeddable":true,"href":"https:\/\/pos.uel.br\/direito-negocial\/wp-json\/wp\/v2\/comments?post=3370"}],"version-history":[{"count":2,"href":"https:\/\/pos.uel.br\/direito-negocial\/wp-json\/wp\/v2\/posts\/3370\/revisions"}],"predecessor-version":[{"id":3372,"href":"https:\/\/pos.uel.br\/direito-negocial\/wp-json\/wp\/v2\/posts\/3370\/revisions\/3372"}],"wp:featuredmedia":[{"embeddable":true,"href":"https:\/\/pos.uel.br\/direito-negocial\/wp-json\/wp\/v2\/media\/3368"}],"wp:attachment":[{"href":"https:\/\/pos.uel.br\/direito-negocial\/wp-json\/wp\/v2\/media?parent=3370"}],"wp:term":[{"taxonomy":"category","embeddable":true,"href":"https:\/\/pos.uel.br\/direito-negocial\/wp-json\/wp\/v2\/categories?post=3370"},{"taxonomy":"post_tag","embeddable":true,"href":"https:\/\/pos.uel.br\/direito-negocial\/wp-json\/wp\/v2\/tags?post=3370"}],"curies":[{"name":"wp","href":"https:\/\/api.w.org\/{rel}","templated":true}]}}