{"id":3360,"date":"2025-09-19T17:23:14","date_gmt":"2025-09-19T20:23:14","guid":{"rendered":"https:\/\/pos.uel.br\/direito-negocial\/?p=3360"},"modified":"2025-09-19T17:23:14","modified_gmt":"2025-09-19T20:23:14","slug":"v-congresso-de-direito-das-familias-e-sucessoes-de-londrina-reflexoes-para-o-direito-negocial","status":"publish","type":"post","link":"https:\/\/pos.uel.br\/direito-negocial\/noticias-ppgdn\/2025\/09\/19\/v-congresso-de-direito-das-familias-e-sucessoes-de-londrina-reflexoes-para-o-direito-negocial\/","title":{"rendered":"V Congresso de Direito das Fam\u00edlias e Sucess\u00f5es de Londrina: reflex\u00f5es para o Direito Negocial"},"content":{"rendered":"\n<p><\/p>\n\n\n\n<p>Entre os dias 17 e 19 de setembro de 2025, Londrina sediou o V Congresso de Direito das Fam\u00edlias e Sucess\u00f5es, promovido pelo IBDFAM-Paran\u00e1 e realizado na sede da OAB Londrina. O evento reuniu especialistas de renome nacional, professores, estudantes e profissionais, com o tema \u201cOs Novos Horizontes do Direito das Fam\u00edlias e Sucess\u00f5es Contempor\u00e2neos\u201d.<\/p>\n\n\n\n<p>Entre os palestrantes convidados, estiveram Carlos Pianovski, Silvia Marzag\u00e3o, Rozane da Rosa Cachapuz, Juliana Ramos Fernandes Braga, Eliz\u00e2ngela Ribeiro, Rodrigo da Cunha Pereira, Rodrigo Mazzei, Arthur Lustosa Strozzi, Eduardo Cambi, Marcelo Truzi e Rolf Madaleno, que trouxeram reflex\u00f5es sobre parentalidade, sucess\u00f5es, afetividade, media\u00e7\u00e3o e as novas configura\u00e7\u00f5es familiares.<\/p>\n\n\n\n<p>Para o Programa de P\u00f3s-Gradua\u00e7\u00e3o em Direito Negocial da UEL, o congresso representou uma oportunidade de atualiza\u00e7\u00e3o cient\u00edfica e de fortalecimento institucional. Professores e alunos tiveram contato com debates que dialogam diretamente com a pesquisa e a pr\u00e1tica do Direito Negocial, especialmente no que se refere \u00e0s repercuss\u00f5es patrimoniais das rela\u00e7\u00f5es familiares e sucess\u00f3rias.<\/p>\n\n\n\n<p>O PPGDN-UEL reafirma sua miss\u00e3o de incentivar a reflex\u00e3o cr\u00edtica, promover a interdisciplinaridade e estimular a produ\u00e7\u00e3o acad\u00eamica de excel\u00eancia. A participa\u00e7\u00e3o em eventos como este fortalece a conex\u00e3o entre universidade, advocacia, magistratura e institui\u00e7\u00f5es jur\u00eddicas, ampliando horizontes para a pesquisa e para a pr\u00e1tica&nbsp;profissional.<\/p>\n\n\n\n<figure class=\"wp-block-image size-large is-resized\"><img loading=\"lazy\" decoding=\"async\" width=\"768\" height=\"1024\" src=\"https:\/\/pos.uel.br\/direito-negocial\/wp-content\/uploads\/2025\/09\/Imagem-do-WhatsApp-de-2025-09-19-as-17.20.08_b9530448-768x1024.jpg\" alt=\"\" class=\"wp-image-3361\" style=\"width:542px;height:auto\" srcset=\"https:\/\/pos.uel.br\/direito-negocial\/wp-content\/uploads\/2025\/09\/Imagem-do-WhatsApp-de-2025-09-19-as-17.20.08_b9530448-768x1024.jpg 768w, https:\/\/pos.uel.br\/direito-negocial\/wp-content\/uploads\/2025\/09\/Imagem-do-WhatsApp-de-2025-09-19-as-17.20.08_b9530448-225x300.jpg 225w, https:\/\/pos.uel.br\/direito-negocial\/wp-content\/uploads\/2025\/09\/Imagem-do-WhatsApp-de-2025-09-19-as-17.20.08_b9530448-1152x1536.jpg 1152w, https:\/\/pos.uel.br\/direito-negocial\/wp-content\/uploads\/2025\/09\/Imagem-do-WhatsApp-de-2025-09-19-as-17.20.08_b9530448.jpg 1200w\" sizes=\"auto, (max-width: 768px) 100vw, 768px\" \/><\/figure>\n\n\n\n<figure class=\"wp-block-image size-large is-resized\"><img loading=\"lazy\" decoding=\"async\" width=\"768\" height=\"1024\" src=\"https:\/\/pos.uel.br\/direito-negocial\/wp-content\/uploads\/2025\/09\/Imagem-do-WhatsApp-de-2025-09-19-as-17.20.08_9ec92fe9-768x1024.jpg\" alt=\"\" class=\"wp-image-3363\" style=\"width:541px;height:auto\" srcset=\"https:\/\/pos.uel.br\/direito-negocial\/wp-content\/uploads\/2025\/09\/Imagem-do-WhatsApp-de-2025-09-19-as-17.20.08_9ec92fe9-768x1024.jpg 768w, https:\/\/pos.uel.br\/direito-negocial\/wp-content\/uploads\/2025\/09\/Imagem-do-WhatsApp-de-2025-09-19-as-17.20.08_9ec92fe9-225x300.jpg 225w, https:\/\/pos.uel.br\/direito-negocial\/wp-content\/uploads\/2025\/09\/Imagem-do-WhatsApp-de-2025-09-19-as-17.20.08_9ec92fe9-1152x1536.jpg 1152w, https:\/\/pos.uel.br\/direito-negocial\/wp-content\/uploads\/2025\/09\/Imagem-do-WhatsApp-de-2025-09-19-as-17.20.08_9ec92fe9.jpg 1200w\" sizes=\"auto, (max-width: 768px) 100vw, 768px\" \/><\/figure>\n\n\n\n<figure class=\"wp-block-image size-large is-resized\"><img loading=\"lazy\" decoding=\"async\" width=\"768\" height=\"1024\" src=\"https:\/\/pos.uel.br\/direito-negocial\/wp-content\/uploads\/2025\/09\/Imagem-do-WhatsApp-de-2025-09-19-as-17.20.08_28e6f3d3-768x1024.jpg\" alt=\"\" class=\"wp-image-3362\" style=\"width:541px;height:auto\" srcset=\"https:\/\/pos.uel.br\/direito-negocial\/wp-content\/uploads\/2025\/09\/Imagem-do-WhatsApp-de-2025-09-19-as-17.20.08_28e6f3d3-768x1024.jpg 768w, https:\/\/pos.uel.br\/direito-negocial\/wp-content\/uploads\/2025\/09\/Imagem-do-WhatsApp-de-2025-09-19-as-17.20.08_28e6f3d3-225x300.jpg 225w, https:\/\/pos.uel.br\/direito-negocial\/wp-content\/uploads\/2025\/09\/Imagem-do-WhatsApp-de-2025-09-19-as-17.20.08_28e6f3d3.jpg 960w\" sizes=\"auto, (max-width: 768px) 100vw, 768px\" \/><\/figure>\n","protected":false},"excerpt":{"rendered":"<p>Entre os dias 17 e 19 de setembro de 2025, Londrina sediou o V Congresso de Direito das Fam\u00edlias e Sucess\u00f5es, promovido pelo IBDFAM-Paran\u00e1 e realizado na sede da OAB Londrina. O evento reuniu especialistas de renome nacional, professores, estudantes e profissionais, com o tema \u201cOs Novos Horizontes do Direito das Fam\u00edlias e Sucess\u00f5es Contempor\u00e2neos\u201d. [&hellip;]<\/p>\n","protected":false},"author":9,"featured_media":3362,"comment_status":"open","ping_status":"open","sticky":false,"template":"","format":"standard","meta":{"_acf_changed":false,"footnotes":""},"categories":[12],"tags":[],"class_list":["post-3360","post","type-post","status-publish","format-standard","has-post-thumbnail","hentry","category-noticias-ppgdn"],"acf":[],"_links":{"self":[{"href":"https:\/\/pos.uel.br\/direito-negocial\/wp-json\/wp\/v2\/posts\/3360","targetHints":{"allow":["GET"]}}],"collection":[{"href":"https:\/\/pos.uel.br\/direito-negocial\/wp-json\/wp\/v2\/posts"}],"about":[{"href":"https:\/\/pos.uel.br\/direito-negocial\/wp-json\/wp\/v2\/types\/post"}],"author":[{"embeddable":true,"href":"https:\/\/pos.uel.br\/direito-negocial\/wp-json\/wp\/v2\/users\/9"}],"replies":[{"embeddable":true,"href":"https:\/\/pos.uel.br\/direito-negocial\/wp-json\/wp\/v2\/comments?post=3360"}],"version-history":[{"count":1,"href":"https:\/\/pos.uel.br\/direito-negocial\/wp-json\/wp\/v2\/posts\/3360\/revisions"}],"predecessor-version":[{"id":3364,"href":"https:\/\/pos.uel.br\/direito-negocial\/wp-json\/wp\/v2\/posts\/3360\/revisions\/3364"}],"wp:featuredmedia":[{"embeddable":true,"href":"https:\/\/pos.uel.br\/direito-negocial\/wp-json\/wp\/v2\/media\/3362"}],"wp:attachment":[{"href":"https:\/\/pos.uel.br\/direito-negocial\/wp-json\/wp\/v2\/media?parent=3360"}],"wp:term":[{"taxonomy":"category","embeddable":true,"href":"https:\/\/pos.uel.br\/direito-negocial\/wp-json\/wp\/v2\/categories?post=3360"},{"taxonomy":"post_tag","embeddable":true,"href":"https:\/\/pos.uel.br\/direito-negocial\/wp-json\/wp\/v2\/tags?post=3360"}],"curies":[{"name":"wp","href":"https:\/\/api.w.org\/{rel}","templated":true}]}}