{"id":3342,"date":"2025-09-19T17:03:03","date_gmt":"2025-09-19T20:03:03","guid":{"rendered":"https:\/\/pos.uel.br\/direito-negocial\/?p=3342"},"modified":"2025-09-19T17:16:43","modified_gmt":"2025-09-19T20:16:43","slug":"professor-clodomiro-bannwart-junior-lanca-obra-sobre-o-direito-a-aprendizagem","status":"publish","type":"post","link":"https:\/\/pos.uel.br\/direito-negocial\/sem-categoria\/2025\/09\/19\/professor-clodomiro-bannwart-junior-lanca-obra-sobre-o-direito-a-aprendizagem\/","title":{"rendered":"Professor Clodomiro Bannwart J\u00fanior lan\u00e7a obra sobre o direito \u00e0 aprendizagem"},"content":{"rendered":"\n<p class=\"has-text-align-left\">O professor e pesquisador Clodomiro Jos\u00e9 Bannwart J\u00fanior acaba de lan\u00e7ar seu mais novo livro: \u201cSophia e o Direito \u00e0 Aprendizagem\u201d.<\/p>\n\n\n\n<p class=\"has-text-align-left\">A publica\u00e7\u00e3o nasce da combina\u00e7\u00e3o entre duas experi\u00eancias marcantes: a participa\u00e7\u00e3o do autor em um grupo de estudos dedicado \u00e0 BNCC (Base Nacional Comum Curricular) e as viv\u00eancias pessoais ao lado de sua filha Manuela, que despertaram reflex\u00f5es sobre os processos de aprender e ensinar.<\/p>\n\n\n\n<p class=\"has-text-align-left\">Fruto de pesquisas consistentes e de pr\u00e1ticas sociais com impacto transformador, a obra prop\u00f5e uma leitura inovadora sobre a aprendizagem como um direito fundamental, diretamente associado \u00e0 humaniza\u00e7\u00e3o e \u00e0 cidadania.<\/p>\n\n\n\n<p class=\"has-text-align-left\">Para o professor Clodomiro, o livro \u00e9 mais do que um trabalho acad\u00eamico: \u00e9 tamb\u00e9m uma ponte entre teoria e vida, entre a escola e a experi\u00eancia concreta do aprender.<\/p>\n\n\n\n<p class=\"has-text-align-left\">O Centro de Estudos Sociais Aplicados (CESA) celebrou o lan\u00e7amento, destacando a import\u00e2ncia da contribui\u00e7\u00e3o do docente para o fortalecimento da educa\u00e7\u00e3o, da pesquisa e do di\u00e1logo cr\u00edtico&nbsp;no&nbsp;Brasil.<\/p>\n\n\n\n<p><\/p>\n\n\n\n<figure class=\"wp-block-image size-large\"><img loading=\"lazy\" decoding=\"async\" width=\"682\" height=\"1024\" src=\"https:\/\/pos.uel.br\/direito-negocial\/wp-content\/uploads\/2025\/09\/Imagem-do-WhatsApp-de-2025-09-19-as-16.56.57_2983b12e-682x1024.jpg\" alt=\"\" class=\"wp-image-3343\" srcset=\"https:\/\/pos.uel.br\/direito-negocial\/wp-content\/uploads\/2025\/09\/Imagem-do-WhatsApp-de-2025-09-19-as-16.56.57_2983b12e-682x1024.jpg 682w, https:\/\/pos.uel.br\/direito-negocial\/wp-content\/uploads\/2025\/09\/Imagem-do-WhatsApp-de-2025-09-19-as-16.56.57_2983b12e-200x300.jpg 200w, https:\/\/pos.uel.br\/direito-negocial\/wp-content\/uploads\/2025\/09\/Imagem-do-WhatsApp-de-2025-09-19-as-16.56.57_2983b12e-768x1152.jpg 768w, https:\/\/pos.uel.br\/direito-negocial\/wp-content\/uploads\/2025\/09\/Imagem-do-WhatsApp-de-2025-09-19-as-16.56.57_2983b12e.jpg 799w\" sizes=\"auto, (max-width: 682px) 100vw, 682px\" \/><\/figure>\n","protected":false},"excerpt":{"rendered":"<p>O professor e pesquisador Clodomiro Jos\u00e9 Bannwart J\u00fanior acaba de lan\u00e7ar seu mais novo livro: \u201cSophia e o Direito \u00e0 Aprendizagem\u201d. A publica\u00e7\u00e3o nasce da combina\u00e7\u00e3o entre duas experi\u00eancias marcantes: a participa\u00e7\u00e3o do autor em um grupo de estudos dedicado \u00e0 BNCC (Base Nacional Comum Curricular) e as viv\u00eancias pessoais ao lado de sua filha [&hellip;]<\/p>\n","protected":false},"author":9,"featured_media":3343,"comment_status":"open","ping_status":"open","sticky":false,"template":"","format":"standard","meta":{"_acf_changed":false,"footnotes":""},"categories":[12,1],"tags":[],"class_list":["post-3342","post","type-post","status-publish","format-standard","has-post-thumbnail","hentry","category-noticias-ppgdn","category-sem-categoria"],"acf":[],"_links":{"self":[{"href":"https:\/\/pos.uel.br\/direito-negocial\/wp-json\/wp\/v2\/posts\/3342","targetHints":{"allow":["GET"]}}],"collection":[{"href":"https:\/\/pos.uel.br\/direito-negocial\/wp-json\/wp\/v2\/posts"}],"about":[{"href":"https:\/\/pos.uel.br\/direito-negocial\/wp-json\/wp\/v2\/types\/post"}],"author":[{"embeddable":true,"href":"https:\/\/pos.uel.br\/direito-negocial\/wp-json\/wp\/v2\/users\/9"}],"replies":[{"embeddable":true,"href":"https:\/\/pos.uel.br\/direito-negocial\/wp-json\/wp\/v2\/comments?post=3342"}],"version-history":[{"count":2,"href":"https:\/\/pos.uel.br\/direito-negocial\/wp-json\/wp\/v2\/posts\/3342\/revisions"}],"predecessor-version":[{"id":3345,"href":"https:\/\/pos.uel.br\/direito-negocial\/wp-json\/wp\/v2\/posts\/3342\/revisions\/3345"}],"wp:featuredmedia":[{"embeddable":true,"href":"https:\/\/pos.uel.br\/direito-negocial\/wp-json\/wp\/v2\/media\/3343"}],"wp:attachment":[{"href":"https:\/\/pos.uel.br\/direito-negocial\/wp-json\/wp\/v2\/media?parent=3342"}],"wp:term":[{"taxonomy":"category","embeddable":true,"href":"https:\/\/pos.uel.br\/direito-negocial\/wp-json\/wp\/v2\/categories?post=3342"},{"taxonomy":"post_tag","embeddable":true,"href":"https:\/\/pos.uel.br\/direito-negocial\/wp-json\/wp\/v2\/tags?post=3342"}],"curies":[{"name":"wp","href":"https:\/\/api.w.org\/{rel}","templated":true}]}}