{"id":3331,"date":"2025-09-17T17:54:01","date_gmt":"2025-09-17T20:54:01","guid":{"rendered":"https:\/\/pos.uel.br\/direito-negocial\/?p=3331"},"modified":"2025-09-17T17:54:01","modified_gmt":"2025-09-17T20:54:01","slug":"divulgada-as-datas-de-inscricoes-do-simposio-de-internacionalizacao-do-ppgdn-uel","status":"publish","type":"post","link":"https:\/\/pos.uel.br\/direito-negocial\/sem-categoria\/2025\/09\/17\/divulgada-as-datas-de-inscricoes-do-simposio-de-internacionalizacao-do-ppgdn-uel\/","title":{"rendered":"Divulgada as datas de inscri\u00e7\u00f5es do Simp\u00f3sio de Internacionaliza\u00e7\u00e3o do PPGDN\/UEL"},"content":{"rendered":"\n<p><\/p>\n\n\n\n<p>Professores e pesquisadoras da Espanha, Peru, Paraguai e Brasil estar\u00e3o reunidos para compartilhar experi\u00eancias acad\u00eamicas e oferecer diferentes perspectivas internacionais sobre pesquisa e conhecimento.<\/p>\n\n\n\n<p>O evento, voltado para gradua\u00e7\u00e3o e p\u00f3s-gradua\u00e7\u00e3o, \u00e9 fruto do compromisso do Programa de Mestrado e Doutorado em Direito Negocial &#8211; UEL com a internacionaliza\u00e7\u00e3o, fortalecendo conex\u00f5es globais e ampliando horizontes acad\u00eamicos. O Simp\u00f3sio tamb\u00e9m conta com o apoio da Zona de Integraci\u00f3n del Centro Oeste da Am\u00e9rica del Sur (ZICOSUR), respons\u00e1vel pela integra\u00e7\u00e3o do PPGDN\/UEL com pa\u00edses da Am\u00e9rica Latina, por meio de bolsistas de P\u00f3s-Doutorado na UEL.<\/p>\n\n\n\n<p>\ud83d\udd17 Inscri\u00e7\u00f5es abertas de 20 a 26 de setembro (link no QR Code) ou no link a seguir: <a href=\"https:\/\/www.sistemasweb.uel.br\/index.php?contents=system\/insc\/index.php&amp;pagina=view\/inscricoes\/seleciona_evento.php&amp;cod_evento=11216\">https:\/\/www.sistemasweb.uel.br\/index.php?contents=system\/insc\/index.php&amp;pagina=view\/inscricoes\/seleciona_evento.php&amp;cod_evento=11216<\/a>.<\/p>\n\n\n\n<figure class=\"wp-block-gallery has-nested-images columns-default is-cropped wp-block-gallery-1 is-layout-flex wp-block-gallery-is-layout-flex\"><div class=\"wp-block-image\">\n<figure class=\"alignleft size-large\"><img loading=\"lazy\" decoding=\"async\" width=\"819\" height=\"1024\" data-id=\"3333\" src=\"https:\/\/pos.uel.br\/direito-negocial\/wp-content\/uploads\/2025\/09\/WhatsApp-Image-2025-09-17-at-17.36.05-819x1024.jpeg\" alt=\"\" class=\"wp-image-3333\" srcset=\"https:\/\/pos.uel.br\/direito-negocial\/wp-content\/uploads\/2025\/09\/WhatsApp-Image-2025-09-17-at-17.36.05-819x1024.jpeg 819w, https:\/\/pos.uel.br\/direito-negocial\/wp-content\/uploads\/2025\/09\/WhatsApp-Image-2025-09-17-at-17.36.05-240x300.jpeg 240w, https:\/\/pos.uel.br\/direito-negocial\/wp-content\/uploads\/2025\/09\/WhatsApp-Image-2025-09-17-at-17.36.05-768x960.jpeg 768w, https:\/\/pos.uel.br\/direito-negocial\/wp-content\/uploads\/2025\/09\/WhatsApp-Image-2025-09-17-at-17.36.05.jpeg 1080w\" sizes=\"auto, (max-width: 819px) 100vw, 819px\" \/><\/figure>\n<\/div><\/figure>\n\n\n\n<p><\/p>\n","protected":false},"excerpt":{"rendered":"<p>Professores e pesquisadoras da Espanha, Peru, Paraguai e Brasil estar\u00e3o reunidos para compartilhar experi\u00eancias acad\u00eamicas e oferecer diferentes perspectivas internacionais sobre pesquisa e conhecimento. O evento, voltado para gradua\u00e7\u00e3o e p\u00f3s-gradua\u00e7\u00e3o, \u00e9 fruto do compromisso do Programa de Mestrado e Doutorado em Direito Negocial &#8211; UEL com a internacionaliza\u00e7\u00e3o, fortalecendo conex\u00f5es globais e ampliando horizontes [&hellip;]<\/p>\n","protected":false},"author":32,"featured_media":3332,"comment_status":"open","ping_status":"open","sticky":false,"template":"","format":"standard","meta":{"_acf_changed":false,"footnotes":""},"categories":[1],"tags":[],"class_list":["post-3331","post","type-post","status-publish","format-standard","has-post-thumbnail","hentry","category-sem-categoria"],"acf":[],"_links":{"self":[{"href":"https:\/\/pos.uel.br\/direito-negocial\/wp-json\/wp\/v2\/posts\/3331","targetHints":{"allow":["GET"]}}],"collection":[{"href":"https:\/\/pos.uel.br\/direito-negocial\/wp-json\/wp\/v2\/posts"}],"about":[{"href":"https:\/\/pos.uel.br\/direito-negocial\/wp-json\/wp\/v2\/types\/post"}],"author":[{"embeddable":true,"href":"https:\/\/pos.uel.br\/direito-negocial\/wp-json\/wp\/v2\/users\/32"}],"replies":[{"embeddable":true,"href":"https:\/\/pos.uel.br\/direito-negocial\/wp-json\/wp\/v2\/comments?post=3331"}],"version-history":[{"count":1,"href":"https:\/\/pos.uel.br\/direito-negocial\/wp-json\/wp\/v2\/posts\/3331\/revisions"}],"predecessor-version":[{"id":3334,"href":"https:\/\/pos.uel.br\/direito-negocial\/wp-json\/wp\/v2\/posts\/3331\/revisions\/3334"}],"wp:featuredmedia":[{"embeddable":true,"href":"https:\/\/pos.uel.br\/direito-negocial\/wp-json\/wp\/v2\/media\/3332"}],"wp:attachment":[{"href":"https:\/\/pos.uel.br\/direito-negocial\/wp-json\/wp\/v2\/media?parent=3331"}],"wp:term":[{"taxonomy":"category","embeddable":true,"href":"https:\/\/pos.uel.br\/direito-negocial\/wp-json\/wp\/v2\/categories?post=3331"},{"taxonomy":"post_tag","embeddable":true,"href":"https:\/\/pos.uel.br\/direito-negocial\/wp-json\/wp\/v2\/tags?post=3331"}],"curies":[{"name":"wp","href":"https:\/\/api.w.org\/{rel}","templated":true}]}}