{"id":3315,"date":"2025-04-11T13:40:00","date_gmt":"2025-04-11T16:40:00","guid":{"rendered":"https:\/\/pos.uel.br\/direito-negocial\/?p=3315"},"modified":"2025-09-16T13:41:59","modified_gmt":"2025-09-16T16:41:59","slug":"doutorando-defende-tese-denominada-contribuicao-ambiental-de-intervencao-sobre-o-dominio-economico-no-ppgd-da-uel","status":"publish","type":"post","link":"https:\/\/pos.uel.br\/direito-negocial\/noticias-ppgdn\/2025\/04\/11\/doutorando-defende-tese-denominada-contribuicao-ambiental-de-intervencao-sobre-o-dominio-economico-no-ppgd-da-uel\/","title":{"rendered":"Doutorando defende tese denominada \u201cContribui\u00e7\u00e3o Ambiental de Interven\u00e7\u00e3o sobre o Dom\u00ednio Econ\u00f4mico\u201d no PPGD da UEL"},"content":{"rendered":"\n<p>Na tarde desta sexta-feira, 11 de abril de 2025, o Programa de P\u00f3s-Gradua\u00e7\u00e3o em Direito Negocial da Universidade Estadual de Londrina (UEL) foi palco da defesa da tese de doutorado de Fellipe Cianca Fortes, intitulada <em>\u201cContribui\u00e7\u00e3o Ambiental de Interven\u00e7\u00e3o sobre o Dom\u00ednio Econ\u00f4mico\u201d<\/em>. A pesquisa, conduzida sob orienta\u00e7\u00e3o da professora Dra. Marlene Kempfer, prop\u00f4s uma reflex\u00e3o aprofundada sobre o tema.<\/p>\n\n\n\n<p>A banca examinadora foi composta por renomados especialistas na \u00e1rea do Direito Tribut\u00e1rio e Ambiental: Dr. Carlos Renato Cunha, Dra. Maria de F\u00e1tima Ribeiro, Dr. Neil Hern\u00e1n Tejada Pacheco e Dr. Wagner Balera, al\u00e9m da orientadora Dra. Marlene Kempfer.<\/p>\n\n\n\n<p>A defesa marca o encerramento de uma etapa significativa na trajet\u00f3ria acad\u00eamica de Fellipe Cianca Fortes. A defesa tamb\u00e9m refor\u00e7a o compromisso do Programa de P\u00f3s-Gradua\u00e7\u00e3o em Direito Negocial da UEL com a produ\u00e7\u00e3o cient\u00edfica de excel\u00eancia voltada a temas contempor\u00e2neos e interdisciplinares.Na tarde desta sexta-feira, 11 de abril de 2025, o Programa de P\u00f3s-Gradua\u00e7\u00e3o em Direito Negocial da Universidade Estadual de Londrina (UEL) foi palco da defesa da tese de doutorado de Fellipe Cianca Fortes, intitulada <em>\u201cContribui\u00e7\u00e3o Ambiental de Interven\u00e7\u00e3o sobre o Dom\u00ednio Econ\u00f4mico\u201d<\/em>. A pesquisa, conduzida sob orienta\u00e7\u00e3o da professora Dra. Marlene Kempfer, prop\u00f4s uma reflex\u00e3o aprofundada sobre o tema.<\/p>\n\n\n\n<p>A banca examinadora foi composta por renomados especialistas na \u00e1rea do Direito Tribut\u00e1rio e Ambiental: Dr. Carlos Renato Cunha, Dra. Maria de F\u00e1tima Ribeiro, Dr. Neil Hern\u00e1n Tejada Pacheco e Dr. Wagner Balera, al\u00e9m da orientadora Dra. Marlene Kempfer.<\/p>\n\n\n\n<p>A defesa marca o encerramento de uma etapa significativa na trajet\u00f3ria acad\u00eamica de Fellipe Cianca Fortes. A defesa tamb\u00e9m refor\u00e7a o compromisso do Programa de P\u00f3s-Gradua\u00e7\u00e3o em Direito Negocial da UEL com a produ\u00e7\u00e3o cient\u00edfica de excel\u00eancia voltada a temas contempor\u00e2neos e interdisciplinares.<\/p>\n\n\n\n<figure class=\"wp-block-gallery has-nested-images columns-default is-cropped wp-block-gallery-1 is-layout-flex wp-block-gallery-is-layout-flex\">\n<figure class=\"wp-block-image size-large\"><img loading=\"lazy\" decoding=\"async\" width=\"1024\" height=\"426\" data-id=\"1679\" src=\"https:\/\/pos.uel.br\/direito-negocial\/wp-content\/uploads\/2025\/04\/WhatsApp-Image-2025-04-11-at-16.20.53-1024x426.jpeg\" alt=\"\" class=\"wp-image-1679\" srcset=\"https:\/\/pos.uel.br\/direito-negocial\/wp-content\/uploads\/2025\/04\/WhatsApp-Image-2025-04-11-at-16.20.53-1024x426.jpeg 1024w, https:\/\/pos.uel.br\/direito-negocial\/wp-content\/uploads\/2025\/04\/WhatsApp-Image-2025-04-11-at-16.20.53-300x125.jpeg 300w, https:\/\/pos.uel.br\/direito-negocial\/wp-content\/uploads\/2025\/04\/WhatsApp-Image-2025-04-11-at-16.20.53-768x319.jpeg 768w, https:\/\/pos.uel.br\/direito-negocial\/wp-content\/uploads\/2025\/04\/WhatsApp-Image-2025-04-11-at-16.20.53-1536x638.jpeg 1536w, https:\/\/pos.uel.br\/direito-negocial\/wp-content\/uploads\/2025\/04\/WhatsApp-Image-2025-04-11-at-16.20.53.jpeg 1600w\" sizes=\"auto, (max-width: 1024px) 100vw, 1024px\" \/><\/figure>\n<\/figure>\n\n\n\n<p><\/p>\n","protected":false},"excerpt":{"rendered":"<p>Na tarde desta sexta-feira, 11 de abril de 2025, o Programa de P\u00f3s-Gradua\u00e7\u00e3o em Direito Negocial da Universidade Estadual de Londrina (UEL) foi palco da defesa da tese de doutorado de Fellipe Cianca Fortes, intitulada \u201cContribui\u00e7\u00e3o Ambiental de Interven\u00e7\u00e3o sobre o Dom\u00ednio Econ\u00f4mico\u201d. A pesquisa, conduzida sob orienta\u00e7\u00e3o da professora Dra. Marlene Kempfer, prop\u00f4s uma [&hellip;]<\/p>\n","protected":false},"author":16,"featured_media":1679,"comment_status":"open","ping_status":"open","sticky":false,"template":"","format":"standard","meta":{"_acf_changed":false,"footnotes":""},"categories":[28,12],"tags":[],"class_list":["post-3315","post","type-post","status-publish","format-standard","has-post-thumbnail","hentry","category-destaque-discente","category-noticias-ppgdn"],"acf":[],"_links":{"self":[{"href":"https:\/\/pos.uel.br\/direito-negocial\/wp-json\/wp\/v2\/posts\/3315","targetHints":{"allow":["GET"]}}],"collection":[{"href":"https:\/\/pos.uel.br\/direito-negocial\/wp-json\/wp\/v2\/posts"}],"about":[{"href":"https:\/\/pos.uel.br\/direito-negocial\/wp-json\/wp\/v2\/types\/post"}],"author":[{"embeddable":true,"href":"https:\/\/pos.uel.br\/direito-negocial\/wp-json\/wp\/v2\/users\/16"}],"replies":[{"embeddable":true,"href":"https:\/\/pos.uel.br\/direito-negocial\/wp-json\/wp\/v2\/comments?post=3315"}],"version-history":[{"count":1,"href":"https:\/\/pos.uel.br\/direito-negocial\/wp-json\/wp\/v2\/posts\/3315\/revisions"}],"predecessor-version":[{"id":3316,"href":"https:\/\/pos.uel.br\/direito-negocial\/wp-json\/wp\/v2\/posts\/3315\/revisions\/3316"}],"wp:featuredmedia":[{"embeddable":true,"href":"https:\/\/pos.uel.br\/direito-negocial\/wp-json\/wp\/v2\/media\/1679"}],"wp:attachment":[{"href":"https:\/\/pos.uel.br\/direito-negocial\/wp-json\/wp\/v2\/media?parent=3315"}],"wp:term":[{"taxonomy":"category","embeddable":true,"href":"https:\/\/pos.uel.br\/direito-negocial\/wp-json\/wp\/v2\/categories?post=3315"},{"taxonomy":"post_tag","embeddable":true,"href":"https:\/\/pos.uel.br\/direito-negocial\/wp-json\/wp\/v2\/tags?post=3315"}],"curies":[{"name":"wp","href":"https:\/\/api.w.org\/{rel}","templated":true}]}}