{"id":3313,"date":"2025-04-08T13:39:00","date_gmt":"2025-04-08T16:39:00","guid":{"rendered":"https:\/\/pos.uel.br\/direito-negocial\/?p=3313"},"modified":"2025-09-16T13:39:56","modified_gmt":"2025-09-16T16:39:56","slug":"programa-de-pos-graduacao-em-direito-negocial-e-contemplado-com-bolsa-da-fundacao-araucariaprograma-de-pos-graduacao-em-direito-negocial-e-contemplado-com-bolsa-da-fundacao-araucaria","status":"publish","type":"post","link":"https:\/\/pos.uel.br\/direito-negocial\/noticias-ppgdn\/2025\/04\/08\/programa-de-pos-graduacao-em-direito-negocial-e-contemplado-com-bolsa-da-fundacao-araucariaprograma-de-pos-graduacao-em-direito-negocial-e-contemplado-com-bolsa-da-fundacao-araucaria\/","title":{"rendered":"Programa de P\u00f3s-Gradua\u00e7\u00e3o em Direito Negocial \u00e9 contemplado com bolsa da Funda\u00e7\u00e3o Arauc\u00e1riaPrograma de P\u00f3s-Gradua\u00e7\u00e3o em Direito Negocial \u00e9 contemplado com bolsa da Funda\u00e7\u00e3o Arauc\u00e1ria"},"content":{"rendered":"\n<p>A Universidade Estadual de Londrina (UEL) celebra mais uma conquista acad\u00eamica: o Programa de P\u00f3s-Gradua\u00e7\u00e3o em Direito Negocial foi contemplado com uma cota de bolsa de mestrado da Funda\u00e7\u00e3o Arauc\u00e1ria, conforme resultado divulgado pela Pr\u00f3-Reitoria de Pesquisa e P\u00f3s-Gradua\u00e7\u00e3o (PROPPG), no Edital n\u00ba 20\/2025 \u2013 Etapa III, referente \u00e0 Chamada 14\/2024.<\/p>\n\n\n\n<p>A concess\u00e3o da bolsa \u00e9 fruto do desempenho e da excel\u00eancia acad\u00eamica demonstrados pelo Programa, que atende aos crit\u00e9rios de elegibilidade estabelecidos no Edital PROPPG n\u00ba 17\/2025. A bolsa representa um importante incentivo \u00e0 continuidade das pesquisas desenvolvidas pelos mestrandos e ao fortalecimento da produ\u00e7\u00e3o cient\u00edfica na \u00e1rea jur\u00eddica.<\/p>\n\n\n\n<p>A coordena\u00e7\u00e3o do Programa receber\u00e1 orienta\u00e7\u00f5es da PROPPG para os pr\u00f3ximos passos relativos \u00e0 implementa\u00e7\u00e3o da bolsa. A Funda\u00e7\u00e3o Arauc\u00e1ria \u00e9 uma das principais ag\u00eancias de fomento \u00e0 pesquisa no estado do Paran\u00e1, promovendo o desenvolvimento cient\u00edfico e tecnol\u00f3gico por meio do apoio direto a pesquisadores e programas de p\u00f3s-gradua\u00e7\u00e3o.<\/p>\n\n\n\n<p>A UEL parabeniza os docentes, discentes e toda a equipe do Programa de Direito Negocial por mais essa importante conquista!<\/p>\n\n\n\n<p><\/p>\n","protected":false},"excerpt":{"rendered":"<p>A Universidade Estadual de Londrina (UEL) celebra mais uma conquista acad\u00eamica: o Programa de P\u00f3s-Gradua\u00e7\u00e3o em Direito Negocial foi contemplado com uma cota de bolsa de mestrado da Funda\u00e7\u00e3o Arauc\u00e1ria, conforme resultado divulgado pela Pr\u00f3-Reitoria de Pesquisa e P\u00f3s-Gradua\u00e7\u00e3o (PROPPG), no Edital n\u00ba 20\/2025 \u2013 Etapa III, referente \u00e0 Chamada 14\/2024. A concess\u00e3o da bolsa [&hellip;]<\/p>\n","protected":false},"author":16,"featured_media":1685,"comment_status":"open","ping_status":"open","sticky":false,"template":"","format":"standard","meta":{"_acf_changed":false,"footnotes":""},"categories":[32,12],"tags":[],"class_list":["post-3313","post","type-post","status-publish","format-standard","has-post-thumbnail","hentry","category-bolsas","category-noticias-ppgdn"],"acf":[],"_links":{"self":[{"href":"https:\/\/pos.uel.br\/direito-negocial\/wp-json\/wp\/v2\/posts\/3313","targetHints":{"allow":["GET"]}}],"collection":[{"href":"https:\/\/pos.uel.br\/direito-negocial\/wp-json\/wp\/v2\/posts"}],"about":[{"href":"https:\/\/pos.uel.br\/direito-negocial\/wp-json\/wp\/v2\/types\/post"}],"author":[{"embeddable":true,"href":"https:\/\/pos.uel.br\/direito-negocial\/wp-json\/wp\/v2\/users\/16"}],"replies":[{"embeddable":true,"href":"https:\/\/pos.uel.br\/direito-negocial\/wp-json\/wp\/v2\/comments?post=3313"}],"version-history":[{"count":1,"href":"https:\/\/pos.uel.br\/direito-negocial\/wp-json\/wp\/v2\/posts\/3313\/revisions"}],"predecessor-version":[{"id":3314,"href":"https:\/\/pos.uel.br\/direito-negocial\/wp-json\/wp\/v2\/posts\/3313\/revisions\/3314"}],"wp:featuredmedia":[{"embeddable":true,"href":"https:\/\/pos.uel.br\/direito-negocial\/wp-json\/wp\/v2\/media\/1685"}],"wp:attachment":[{"href":"https:\/\/pos.uel.br\/direito-negocial\/wp-json\/wp\/v2\/media?parent=3313"}],"wp:term":[{"taxonomy":"category","embeddable":true,"href":"https:\/\/pos.uel.br\/direito-negocial\/wp-json\/wp\/v2\/categories?post=3313"},{"taxonomy":"post_tag","embeddable":true,"href":"https:\/\/pos.uel.br\/direito-negocial\/wp-json\/wp\/v2\/tags?post=3313"}],"curies":[{"name":"wp","href":"https:\/\/api.w.org\/{rel}","templated":true}]}}