{"id":3308,"date":"2025-04-13T13:37:00","date_gmt":"2025-04-13T16:37:00","guid":{"rendered":"https:\/\/pos.uel.br\/direito-negocial\/?p=3308"},"modified":"2025-09-16T13:38:50","modified_gmt":"2025-09-16T16:38:50","slug":"alunas-do-ppgd-uel-participam-do-hackathon-smart-agro-durante-a-expolondrinaalunas-do-ppgd-uel-participam-do-hackathon-smart-agro-durante-a-expolondrina","status":"publish","type":"post","link":"https:\/\/pos.uel.br\/direito-negocial\/sem-categoria\/2025\/04\/13\/alunas-do-ppgd-uel-participam-do-hackathon-smart-agro-durante-a-expolondrinaalunas-do-ppgd-uel-participam-do-hackathon-smart-agro-durante-a-expolondrina\/","title":{"rendered":"Alunas do PPGD\/UEL participam do Hackathon Smart Agro durante a ExpoLondrinaAlunas do PPGD\/UEL participam do Hackathon Smart Agro durante a ExpoLondrina"},"content":{"rendered":"\n<p>As alunas do Programa de P\u00f3s-Gradua\u00e7\u00e3o em Direito da Universidade Estadual de Londrina (PPGD\/UEL), Marcelle Chicarelli da Costa e Su\u00e9lyn de Oliveira Castilho, marcaram presen\u00e7a no Hackathon Smart Agro, realizado durante a ExpoLondrina 2025.<\/p>\n\n\n\n<p>O Hackathon \u00e9 uma maratona de inova\u00e7\u00e3o que re\u00fane participantes de diversas \u00e1reas \u2014 como tecnologia, direito, design, gest\u00e3o e empreendedorismo \u2014 para desenvolver solu\u00e7\u00f5es criativas e funcionais para desafios espec\u00edficos, com foco em inova\u00e7\u00e3o e impacto social.<\/p>\n\n\n\n<p>Durante o evento, a aluna Su\u00e9lyn de Oliveira Castilho apresentou o LegadoAgro, um aplicativo voltado \u00e0 simplifica\u00e7\u00e3o do planejamento sucess\u00f3rio de produtores rurais, contribuindo com uma proposta inovadora para o agroneg\u00f3cio. J\u00e1 a aluna Marcelle Chicarelli da Costa atuou como monitora da competi\u00e7\u00e3o, incentivando o di\u00e1logo e a troca de ideias entre os participantes.<\/p>\n\n\n\n<p>A atividade integrou a programa\u00e7\u00e3o da ExpoLondrina, uma das maiores feiras agropecu\u00e1rias da Am\u00e9rica Latina, que movimenta diversos setores da economia local e regional. Realizada no Parque de Exposi\u00e7\u00f5es Ney Braga, a feira \u00e9 um marco para a cidade de Londrina e para todo o norte do Paran\u00e1, promovendo o agroneg\u00f3cio, a inova\u00e7\u00e3o e o interc\u00e2mbio de conhecimento entre diferentes\u00a0\u00e1reas.As alunas do Programa de P\u00f3s-Gradua\u00e7\u00e3o em Direito da Universidade Estadual de Londrina (PPGD\/UEL), Marcelle Chicarelli da Costa e Su\u00e9lyn de Oliveira Castilho, marcaram presen\u00e7a no Hackathon Smart Agro, realizado durante a ExpoLondrina 2025.<\/p>\n\n\n\n<p>O Hackathon \u00e9 uma maratona de inova\u00e7\u00e3o que re\u00fane participantes de diversas \u00e1reas \u2014 como tecnologia, direito, design, gest\u00e3o e empreendedorismo \u2014 para desenvolver solu\u00e7\u00f5es criativas e funcionais para desafios espec\u00edficos, com foco em inova\u00e7\u00e3o e impacto social.<\/p>\n\n\n\n<p>Durante o evento, a aluna Su\u00e9lyn de Oliveira Castilho apresentou o LegadoAgro, um aplicativo voltado \u00e0 simplifica\u00e7\u00e3o do planejamento sucess\u00f3rio de produtores rurais, contribuindo com uma proposta inovadora para o agroneg\u00f3cio. J\u00e1 a aluna Marcelle Chicarelli da Costa atuou como monitora da competi\u00e7\u00e3o, incentivando o di\u00e1logo e a troca de ideias entre os participantes.<\/p>\n\n\n\n<p>A atividade integrou a programa\u00e7\u00e3o da ExpoLondrina, uma das maiores feiras agropecu\u00e1rias da Am\u00e9rica Latina, que movimenta diversos setores da economia local e regional. Realizada no Parque de Exposi\u00e7\u00f5es Ney Braga, a feira \u00e9 um marco para a cidade de Londrina e para todo o norte do Paran\u00e1, promovendo o agroneg\u00f3cio, a inova\u00e7\u00e3o e o interc\u00e2mbio de conhecimento entre diferentes\u00a0\u00e1reas.<\/p>\n\n\n\n<figure class=\"wp-block-gallery has-nested-images columns-default is-cropped wp-block-gallery-1 is-layout-flex wp-block-gallery-is-layout-flex\">\n<figure class=\"wp-block-image size-large\"><img loading=\"lazy\" decoding=\"async\" width=\"564\" height=\"1024\" data-id=\"1686\" src=\"https:\/\/pos.uel.br\/direito-negocial\/wp-content\/uploads\/2025\/04\/Imagem-do-WhatsApp-de-2025-04-14-as-18.29.57_56a3035e-564x1024.jpg\" alt=\"\" class=\"wp-image-1686\" srcset=\"https:\/\/pos.uel.br\/direito-negocial\/wp-content\/uploads\/2025\/04\/Imagem-do-WhatsApp-de-2025-04-14-as-18.29.57_56a3035e-564x1024.jpg 564w, https:\/\/pos.uel.br\/direito-negocial\/wp-content\/uploads\/2025\/04\/Imagem-do-WhatsApp-de-2025-04-14-as-18.29.57_56a3035e-165x300.jpg 165w, https:\/\/pos.uel.br\/direito-negocial\/wp-content\/uploads\/2025\/04\/Imagem-do-WhatsApp-de-2025-04-14-as-18.29.57_56a3035e.jpg 705w\" sizes=\"auto, (max-width: 564px) 100vw, 564px\" \/><\/figure>\n<\/figure>\n","protected":false},"excerpt":{"rendered":"<p>As alunas do Programa de P\u00f3s-Gradua\u00e7\u00e3o em Direito da Universidade Estadual de Londrina (PPGD\/UEL), Marcelle Chicarelli da Costa e Su\u00e9lyn de Oliveira Castilho, marcaram presen\u00e7a no Hackathon Smart Agro, realizado durante a ExpoLondrina 2025. O Hackathon \u00e9 uma maratona de inova\u00e7\u00e3o que re\u00fane participantes de diversas \u00e1reas \u2014 como tecnologia, direito, design, gest\u00e3o e empreendedorismo [&hellip;]<\/p>\n","protected":false},"author":16,"featured_media":1688,"comment_status":"open","ping_status":"open","sticky":false,"template":"","format":"standard","meta":{"_acf_changed":false,"footnotes":""},"categories":[1],"tags":[],"class_list":["post-3308","post","type-post","status-publish","format-standard","has-post-thumbnail","hentry","category-sem-categoria"],"acf":[],"_links":{"self":[{"href":"https:\/\/pos.uel.br\/direito-negocial\/wp-json\/wp\/v2\/posts\/3308","targetHints":{"allow":["GET"]}}],"collection":[{"href":"https:\/\/pos.uel.br\/direito-negocial\/wp-json\/wp\/v2\/posts"}],"about":[{"href":"https:\/\/pos.uel.br\/direito-negocial\/wp-json\/wp\/v2\/types\/post"}],"author":[{"embeddable":true,"href":"https:\/\/pos.uel.br\/direito-negocial\/wp-json\/wp\/v2\/users\/16"}],"replies":[{"embeddable":true,"href":"https:\/\/pos.uel.br\/direito-negocial\/wp-json\/wp\/v2\/comments?post=3308"}],"version-history":[{"count":1,"href":"https:\/\/pos.uel.br\/direito-negocial\/wp-json\/wp\/v2\/posts\/3308\/revisions"}],"predecessor-version":[{"id":3312,"href":"https:\/\/pos.uel.br\/direito-negocial\/wp-json\/wp\/v2\/posts\/3308\/revisions\/3312"}],"wp:featuredmedia":[{"embeddable":true,"href":"https:\/\/pos.uel.br\/direito-negocial\/wp-json\/wp\/v2\/media\/1688"}],"wp:attachment":[{"href":"https:\/\/pos.uel.br\/direito-negocial\/wp-json\/wp\/v2\/media?parent=3308"}],"wp:term":[{"taxonomy":"category","embeddable":true,"href":"https:\/\/pos.uel.br\/direito-negocial\/wp-json\/wp\/v2\/categories?post=3308"},{"taxonomy":"post_tag","embeddable":true,"href":"https:\/\/pos.uel.br\/direito-negocial\/wp-json\/wp\/v2\/tags?post=3308"}],"curies":[{"name":"wp","href":"https:\/\/api.w.org\/{rel}","templated":true}]}}