{"id":3305,"date":"2025-04-14T13:36:00","date_gmt":"2025-04-14T16:36:00","guid":{"rendered":"https:\/\/pos.uel.br\/direito-negocial\/?p=3305"},"modified":"2025-09-16T13:37:35","modified_gmt":"2025-09-16T16:37:35","slug":"precedentes-e-seus-aspectos-praticos-no-ordenamento-juridico-brasileiro-e-tema-de-aula-na-disciplina-de-seminarios-juridicos","status":"publish","type":"post","link":"https:\/\/pos.uel.br\/direito-negocial\/noticias-ppgdn\/2025\/04\/14\/precedentes-e-seus-aspectos-praticos-no-ordenamento-juridico-brasileiro-e-tema-de-aula-na-disciplina-de-seminarios-juridicos\/","title":{"rendered":"\u201cPrecedentes e seus Aspectos Pr\u00e1ticos no Ordenamento Jur\u00eddico Brasileiro\u201d \u00e9 tema de aula na disciplina de Semin\u00e1rios Jur\u00eddicos"},"content":{"rendered":"\n<p>Os alunos da disciplina de Semin\u00e1rios Jur\u00eddicos participaram de uma aula enriquecedora sobre o tema <strong>\u201cPrecedentes e seus Aspectos Pr\u00e1ticos no Ordenamento Jur\u00eddico Brasileiro\u201d<\/strong>, ministrada sob a condu\u00e7\u00e3o dos professores <strong>Patr\u00edcia Ayub<\/strong> e <strong>Bruno Fuga<\/strong>.<\/p>\n\n\n\n<p>A participa\u00e7\u00e3o ativa dos alunos, por meio de exposi\u00e7\u00f5es orais, estudos de caso e an\u00e1lise cr\u00edtica de jurisprud\u00eancia, contribuiu para o aprofundamento do debate e permitiu uma vis\u00e3o pr\u00e1tica dos desafios enfrentados por operadores do direito diante da obrigatoriedade de observ\u00e2ncia aos precedentes.<\/p>\n\n\n\n<p>A disciplina de Semin\u00e1rios Jur\u00eddicos tem como proposta fomentar a pesquisa, o racioc\u00ednio cr\u00edtico e a integra\u00e7\u00e3o entre teoria e pr\u00e1tica, preparando os estudantes para os desafios da atua\u00e7\u00e3o profissional e para a produ\u00e7\u00e3o acad\u00eamica qualificada.<\/p>\n\n\n\n<figure class=\"wp-block-gallery has-nested-images columns-default is-cropped wp-block-gallery-1 is-layout-flex wp-block-gallery-is-layout-flex\">\n<figure class=\"wp-block-image size-large\"><img loading=\"lazy\" decoding=\"async\" width=\"1024\" height=\"768\" data-id=\"1691\" src=\"https:\/\/pos.uel.br\/direito-negocial\/wp-content\/uploads\/2025\/04\/Imagem-do-WhatsApp-de-2025-04-14-as-18.29.56_9d63346c-1-1024x768.jpg\" alt=\"\" class=\"wp-image-1691\" srcset=\"https:\/\/pos.uel.br\/direito-negocial\/wp-content\/uploads\/2025\/04\/Imagem-do-WhatsApp-de-2025-04-14-as-18.29.56_9d63346c-1-1024x768.jpg 1024w, https:\/\/pos.uel.br\/direito-negocial\/wp-content\/uploads\/2025\/04\/Imagem-do-WhatsApp-de-2025-04-14-as-18.29.56_9d63346c-1-300x225.jpg 300w, https:\/\/pos.uel.br\/direito-negocial\/wp-content\/uploads\/2025\/04\/Imagem-do-WhatsApp-de-2025-04-14-as-18.29.56_9d63346c-1-768x576.jpg 768w, https:\/\/pos.uel.br\/direito-negocial\/wp-content\/uploads\/2025\/04\/Imagem-do-WhatsApp-de-2025-04-14-as-18.29.56_9d63346c-1-1536x1152.jpg 1536w, https:\/\/pos.uel.br\/direito-negocial\/wp-content\/uploads\/2025\/04\/Imagem-do-WhatsApp-de-2025-04-14-as-18.29.56_9d63346c-1.jpg 1600w\" sizes=\"auto, (max-width: 1024px) 100vw, 1024px\" \/><\/figure>\n<\/figure>\n","protected":false},"excerpt":{"rendered":"<p>Os alunos da disciplina de Semin\u00e1rios Jur\u00eddicos participaram de uma aula enriquecedora sobre o tema \u201cPrecedentes e seus Aspectos Pr\u00e1ticos no Ordenamento Jur\u00eddico Brasileiro\u201d, ministrada sob a condu\u00e7\u00e3o dos professores Patr\u00edcia Ayub e Bruno Fuga. A participa\u00e7\u00e3o ativa dos alunos, por meio de exposi\u00e7\u00f5es orais, estudos de caso e an\u00e1lise cr\u00edtica de jurisprud\u00eancia, contribuiu para [&hellip;]<\/p>\n","protected":false},"author":16,"featured_media":1691,"comment_status":"open","ping_status":"open","sticky":false,"template":"","format":"standard","meta":{"_acf_changed":false,"footnotes":""},"categories":[31,12],"tags":[],"class_list":["post-3305","post","type-post","status-publish","format-standard","has-post-thumbnail","hentry","category-aulas","category-noticias-ppgdn"],"acf":[],"_links":{"self":[{"href":"https:\/\/pos.uel.br\/direito-negocial\/wp-json\/wp\/v2\/posts\/3305","targetHints":{"allow":["GET"]}}],"collection":[{"href":"https:\/\/pos.uel.br\/direito-negocial\/wp-json\/wp\/v2\/posts"}],"about":[{"href":"https:\/\/pos.uel.br\/direito-negocial\/wp-json\/wp\/v2\/types\/post"}],"author":[{"embeddable":true,"href":"https:\/\/pos.uel.br\/direito-negocial\/wp-json\/wp\/v2\/users\/16"}],"replies":[{"embeddable":true,"href":"https:\/\/pos.uel.br\/direito-negocial\/wp-json\/wp\/v2\/comments?post=3305"}],"version-history":[{"count":1,"href":"https:\/\/pos.uel.br\/direito-negocial\/wp-json\/wp\/v2\/posts\/3305\/revisions"}],"predecessor-version":[{"id":3307,"href":"https:\/\/pos.uel.br\/direito-negocial\/wp-json\/wp\/v2\/posts\/3305\/revisions\/3307"}],"wp:featuredmedia":[{"embeddable":true,"href":"https:\/\/pos.uel.br\/direito-negocial\/wp-json\/wp\/v2\/media\/1691"}],"wp:attachment":[{"href":"https:\/\/pos.uel.br\/direito-negocial\/wp-json\/wp\/v2\/media?parent=3305"}],"wp:term":[{"taxonomy":"category","embeddable":true,"href":"https:\/\/pos.uel.br\/direito-negocial\/wp-json\/wp\/v2\/categories?post=3305"},{"taxonomy":"post_tag","embeddable":true,"href":"https:\/\/pos.uel.br\/direito-negocial\/wp-json\/wp\/v2\/tags?post=3305"}],"curies":[{"name":"wp","href":"https:\/\/api.w.org\/{rel}","templated":true}]}}