{"id":3302,"date":"2025-04-14T13:35:00","date_gmt":"2025-04-14T16:35:00","guid":{"rendered":"https:\/\/pos.uel.br\/direito-negocial\/?p=3302"},"modified":"2025-09-16T13:36:20","modified_gmt":"2025-09-16T16:36:20","slug":"egresso-marcelo-augusto-da-silva-lanca-livro-sobre-relacoes-familiares-e-acesso-a-justica-com-renda-revertida-a-igreja-da-crianca","status":"publish","type":"post","link":"https:\/\/pos.uel.br\/direito-negocial\/noticias-ppgdn\/2025\/04\/14\/egresso-marcelo-augusto-da-silva-lanca-livro-sobre-relacoes-familiares-e-acesso-a-justica-com-renda-revertida-a-igreja-da-crianca\/","title":{"rendered":"Egresso Marcelo Augusto da Silva lan\u00e7a livro sobre rela\u00e7\u00f5es familiares e acesso \u00e0 justi\u00e7a com renda revertida \u00e0 Igreja da Crian\u00e7a"},"content":{"rendered":"\n<p>O egresso do Programa de Mestrado em Direito da Universidade Estadual de Londrina (UEL), <strong>Marcelo Augusto da Silva<\/strong>, lan\u00e7ou recentemente o livro intitulado <strong>\u201cDas Rela\u00e7\u00f5es Familiares de Baixa Renda e o Acesso \u00e0 Justi\u00e7a\u201d<\/strong>, obra resultante de sua disserta\u00e7\u00e3o de mestrado, orientada pela <strong>Professora Dra. Rozane da Rosa Cachapuz<\/strong>.<\/p>\n\n\n\n<p>A publica\u00e7\u00e3o, que traz uma an\u00e1lise cr\u00edtica e sens\u00edvel sobre os desafios enfrentados por fam\u00edlias em situa\u00e7\u00e3o de vulnerabilidade social no acesso ao sistema de justi\u00e7a, representa uma importante contribui\u00e7\u00e3o acad\u00eamica e social. Em um gesto solid\u00e1rio e inspirador, <strong>100% da renda obtida com a venda dos exemplares ser\u00e1 destinada \u00e0 Igreja da Crian\u00e7a<\/strong>, institui\u00e7\u00e3o que desenvolve trabalhos sociais voltados \u00e0 inf\u00e2ncia.<\/p>\n\n\n\n<p>Como parte da divulga\u00e7\u00e3o da obra, Marcelo esteve presente na <strong>R\u00e1dio Novo Dia FM 89,7<\/strong> na \u00faltima quinta-feira, onde falou sobre o conte\u00fado do livro, sua trajet\u00f3ria acad\u00eamica e o prop\u00f3sito solid\u00e1rio da publica\u00e7\u00e3o. O autor tamb\u00e9m apresentou sua obra \u00e0 comunidade jur\u00eddica na sede da <strong>OAB\/Londrina<\/strong>, estreitando os la\u00e7os entre o meio acad\u00eamico e a pr\u00e1tica profissional.<\/p>\n\n\n\n<p>O lan\u00e7amento do livro reafirma o compromisso social da pesquisa acad\u00eamica e o papel transformador do Direito quando aliado \u00e0 empatia, \u00e0 justi\u00e7a e \u00e0 solidariedade.<\/p>\n\n\n\n<figure class=\"wp-block-gallery has-nested-images columns-default is-cropped wp-block-gallery-1 is-layout-flex wp-block-gallery-is-layout-flex\">\n<figure class=\"wp-block-image size-large\"><img loading=\"lazy\" decoding=\"async\" width=\"768\" height=\"1024\" data-id=\"1696\" src=\"https:\/\/pos.uel.br\/direito-negocial\/wp-content\/uploads\/2025\/04\/Imagem-do-WhatsApp-de-2025-04-14-as-18.29.54_ac5d9c5d-1-768x1024.jpg\" alt=\"\" class=\"wp-image-1696\" srcset=\"https:\/\/pos.uel.br\/direito-negocial\/wp-content\/uploads\/2025\/04\/Imagem-do-WhatsApp-de-2025-04-14-as-18.29.54_ac5d9c5d-1-768x1024.jpg 768w, https:\/\/pos.uel.br\/direito-negocial\/wp-content\/uploads\/2025\/04\/Imagem-do-WhatsApp-de-2025-04-14-as-18.29.54_ac5d9c5d-1-225x300.jpg 225w, https:\/\/pos.uel.br\/direito-negocial\/wp-content\/uploads\/2025\/04\/Imagem-do-WhatsApp-de-2025-04-14-as-18.29.54_ac5d9c5d-1-1152x1536.jpg 1152w, https:\/\/pos.uel.br\/direito-negocial\/wp-content\/uploads\/2025\/04\/Imagem-do-WhatsApp-de-2025-04-14-as-18.29.54_ac5d9c5d-1.jpg 1200w\" sizes=\"auto, (max-width: 768px) 100vw, 768px\" \/><\/figure>\n\n\n\n<figure class=\"wp-block-image size-large\"><img loading=\"lazy\" decoding=\"async\" width=\"768\" height=\"1024\" data-id=\"1694\" src=\"https:\/\/pos.uel.br\/direito-negocial\/wp-content\/uploads\/2025\/04\/Imagem-do-WhatsApp-de-2025-04-14-as-18.39.42_62fbdb1f-768x1024.jpg\" alt=\"\" class=\"wp-image-1694\" srcset=\"https:\/\/pos.uel.br\/direito-negocial\/wp-content\/uploads\/2025\/04\/Imagem-do-WhatsApp-de-2025-04-14-as-18.39.42_62fbdb1f-768x1024.jpg 768w, https:\/\/pos.uel.br\/direito-negocial\/wp-content\/uploads\/2025\/04\/Imagem-do-WhatsApp-de-2025-04-14-as-18.39.42_62fbdb1f-225x300.jpg 225w, https:\/\/pos.uel.br\/direito-negocial\/wp-content\/uploads\/2025\/04\/Imagem-do-WhatsApp-de-2025-04-14-as-18.39.42_62fbdb1f-1152x1536.jpg 1152w, https:\/\/pos.uel.br\/direito-negocial\/wp-content\/uploads\/2025\/04\/Imagem-do-WhatsApp-de-2025-04-14-as-18.39.42_62fbdb1f.jpg 1200w\" sizes=\"auto, (max-width: 768px) 100vw, 768px\" \/><\/figure>\n\n\n\n<figure class=\"wp-block-image size-large\"><img loading=\"lazy\" decoding=\"async\" width=\"576\" height=\"1024\" data-id=\"1692\" src=\"https:\/\/pos.uel.br\/direito-negocial\/wp-content\/uploads\/2025\/04\/Imagem-do-WhatsApp-de-2025-04-14-as-18.29.55_f5ea5d48-576x1024.jpg\" alt=\"\" class=\"wp-image-1692\" srcset=\"https:\/\/pos.uel.br\/direito-negocial\/wp-content\/uploads\/2025\/04\/Imagem-do-WhatsApp-de-2025-04-14-as-18.29.55_f5ea5d48-576x1024.jpg 576w, https:\/\/pos.uel.br\/direito-negocial\/wp-content\/uploads\/2025\/04\/Imagem-do-WhatsApp-de-2025-04-14-as-18.29.55_f5ea5d48-169x300.jpg 169w, https:\/\/pos.uel.br\/direito-negocial\/wp-content\/uploads\/2025\/04\/Imagem-do-WhatsApp-de-2025-04-14-as-18.29.55_f5ea5d48.jpg 750w\" sizes=\"auto, (max-width: 576px) 100vw, 576px\" \/><\/figure>\n<\/figure>\n","protected":false},"excerpt":{"rendered":"<p>O egresso do Programa de Mestrado em Direito da Universidade Estadual de Londrina (UEL), Marcelo Augusto da Silva, lan\u00e7ou recentemente o livro intitulado \u201cDas Rela\u00e7\u00f5es Familiares de Baixa Renda e o Acesso \u00e0 Justi\u00e7a\u201d, obra resultante de sua disserta\u00e7\u00e3o de mestrado, orientada pela Professora Dra. Rozane da Rosa Cachapuz. A publica\u00e7\u00e3o, que traz uma an\u00e1lise [&hellip;]<\/p>\n","protected":false},"author":16,"featured_media":1694,"comment_status":"open","ping_status":"open","sticky":false,"template":"","format":"standard","meta":{"_acf_changed":false,"footnotes":""},"categories":[28,19,12],"tags":[],"class_list":["post-3302","post","type-post","status-publish","format-standard","has-post-thumbnail","hentry","category-destaque-discente","category-lancamentos","category-noticias-ppgdn"],"acf":[],"_links":{"self":[{"href":"https:\/\/pos.uel.br\/direito-negocial\/wp-json\/wp\/v2\/posts\/3302","targetHints":{"allow":["GET"]}}],"collection":[{"href":"https:\/\/pos.uel.br\/direito-negocial\/wp-json\/wp\/v2\/posts"}],"about":[{"href":"https:\/\/pos.uel.br\/direito-negocial\/wp-json\/wp\/v2\/types\/post"}],"author":[{"embeddable":true,"href":"https:\/\/pos.uel.br\/direito-negocial\/wp-json\/wp\/v2\/users\/16"}],"replies":[{"embeddable":true,"href":"https:\/\/pos.uel.br\/direito-negocial\/wp-json\/wp\/v2\/comments?post=3302"}],"version-history":[{"count":1,"href":"https:\/\/pos.uel.br\/direito-negocial\/wp-json\/wp\/v2\/posts\/3302\/revisions"}],"predecessor-version":[{"id":3304,"href":"https:\/\/pos.uel.br\/direito-negocial\/wp-json\/wp\/v2\/posts\/3302\/revisions\/3304"}],"wp:featuredmedia":[{"embeddable":true,"href":"https:\/\/pos.uel.br\/direito-negocial\/wp-json\/wp\/v2\/media\/1694"}],"wp:attachment":[{"href":"https:\/\/pos.uel.br\/direito-negocial\/wp-json\/wp\/v2\/media?parent=3302"}],"wp:term":[{"taxonomy":"category","embeddable":true,"href":"https:\/\/pos.uel.br\/direito-negocial\/wp-json\/wp\/v2\/categories?post=3302"},{"taxonomy":"post_tag","embeddable":true,"href":"https:\/\/pos.uel.br\/direito-negocial\/wp-json\/wp\/v2\/tags?post=3302"}],"curies":[{"name":"wp","href":"https:\/\/api.w.org\/{rel}","templated":true}]}}