{"id":3299,"date":"2025-09-16T13:46:51","date_gmt":"2025-09-16T16:46:51","guid":{"rendered":"https:\/\/pos.uel.br\/direito-negocial\/?p=3299"},"modified":"2025-09-16T13:50:08","modified_gmt":"2025-09-16T16:50:08","slug":"ppgdn-participa-do-i-seminario-sul-brasileiro-de-direito-urbanistico-realizado-no-auditorio-da-defensoria-publica-do-rio-grande-do-sul-em-porto-alegre-rs","status":"publish","type":"post","link":"https:\/\/pos.uel.br\/direito-negocial\/sem-categoria\/2025\/09\/16\/ppgdn-participa-do-i-seminario-sul-brasileiro-de-direito-urbanistico-realizado-no-auditorio-da-defensoria-publica-do-rio-grande-do-sul-em-porto-alegre-rs\/","title":{"rendered":"PPGDN participa do I Semin\u00e1rio Sul-brasileiro de Direito Urban\u00edstico, realizado no Audit\u00f3rio da Defensoria P\u00fablica do Rio Grande do Sul em Porto Alegre\/RS"},"content":{"rendered":"\n<p><\/p>\n\n\n\n<p>No dia 12 de setembro, o Instituto Brasileiro de Direito Urban\u00edstico (IBDU) organizou o I Semin\u00e1rio Sul-brasileiro de Direito Urban\u00edstico, realizado no Audit\u00f3rio da Defensoria P\u00fablica do RS &#8211; Sede M\u00facio Teixeira, em Porto Alegre, RS, com a tem\u00e1tica Direito \u00e0 Cidade e emerg\u00eancias clim\u00e1ticas: por um pacto pela justi\u00e7a socioambiental nos territ\u00f3rios.<\/p>\n\n\n\n<p>O evento contou com mesas, palestras, oficinas e debates sobre o direito \u00e0 terra, a seguran\u00e7a da posse e a resili\u00eancia comunit\u00e1ria diante das mudan\u00e7as clim\u00e1ticas e do racismo ambiental.<\/p>\n\n\n\n<p>O Professor Dr Miguel Etinger de Araujo Junior, docente do Programa de P\u00f3s-Gradua\u00e7\u00e3o em Direito Negocial (Mestrado e Doutorado) da Universidade Estadual de Londrina (UEL), no contexto das discuss\u00f5es sobre o futuro das cidades e o enfrentamento das mudan\u00e7as clim\u00e1ticas, proferiu a palestra: &#8220;A regula\u00e7\u00e3o do solo urbano para a adapta\u00e7\u00e3o clim\u00e1tica&#8221;.<\/p>\n\n\n\n<p>Sua apresenta\u00e7\u00e3o trouxe uma perspectiva cr\u00edtica e necess\u00e1ria sobre como o planejamento urbano e a legisla\u00e7\u00e3o urbana podem ser ferramentas essenciais para construir cidades mais resilientes e justas.<\/p>\n\n\n\n<p>O semin\u00e1rio tamb\u00e9m contou com a participa\u00e7\u00e3o da doutoranda Jussara Romero Sanches. A presen\u00e7a do Prof. Dr. Miguel Etinger de Araujo Junior foi um dos pontos altos do evento, consolidando sua expertise e a excel\u00eancia da UEL na \u00e1rea do Direito Urban\u00edstico e Justi\u00e7a<\/p>\n\n\n\n<div class=\"wp-block-group is-nowrap is-layout-flex wp-container-core-group-is-layout-ad2f72ca wp-block-group-is-layout-flex\">\n<div class=\"wp-block-group\"><div class=\"wp-block-group__inner-container is-layout-constrained wp-block-group-is-layout-constrained\">\n<figure class=\"wp-block-image alignwide size-large\"><img loading=\"lazy\" decoding=\"async\" width=\"576\" height=\"1024\" src=\"https:\/\/pos.uel.br\/direito-negocial\/wp-content\/uploads\/2025\/09\/WhatsApp-Image-2025-09-16-at-13.07.55-576x1024.jpeg\" alt=\"\" class=\"wp-image-3311\" srcset=\"https:\/\/pos.uel.br\/direito-negocial\/wp-content\/uploads\/2025\/09\/WhatsApp-Image-2025-09-16-at-13.07.55-576x1024.jpeg 576w, https:\/\/pos.uel.br\/direito-negocial\/wp-content\/uploads\/2025\/09\/WhatsApp-Image-2025-09-16-at-13.07.55-169x300.jpeg 169w, https:\/\/pos.uel.br\/direito-negocial\/wp-content\/uploads\/2025\/09\/WhatsApp-Image-2025-09-16-at-13.07.55.jpeg 720w\" sizes=\"auto, (max-width: 576px) 100vw, 576px\" \/><\/figure>\n<\/div><\/div>\n\n\n\n<figure class=\"wp-block-image size-large\"><img loading=\"lazy\" decoding=\"async\" width=\"576\" height=\"1024\" src=\"https:\/\/pos.uel.br\/direito-negocial\/wp-content\/uploads\/2025\/09\/WhatsApp-Image-2025-09-16-at-13.07.54-576x1024.jpeg\" alt=\"\" class=\"wp-image-3310\" srcset=\"https:\/\/pos.uel.br\/direito-negocial\/wp-content\/uploads\/2025\/09\/WhatsApp-Image-2025-09-16-at-13.07.54-576x1024.jpeg 576w, https:\/\/pos.uel.br\/direito-negocial\/wp-content\/uploads\/2025\/09\/WhatsApp-Image-2025-09-16-at-13.07.54-169x300.jpeg 169w, https:\/\/pos.uel.br\/direito-negocial\/wp-content\/uploads\/2025\/09\/WhatsApp-Image-2025-09-16-at-13.07.54-768x1365.jpeg 768w, https:\/\/pos.uel.br\/direito-negocial\/wp-content\/uploads\/2025\/09\/WhatsApp-Image-2025-09-16-at-13.07.54-864x1536.jpeg 864w, https:\/\/pos.uel.br\/direito-negocial\/wp-content\/uploads\/2025\/09\/WhatsApp-Image-2025-09-16-at-13.07.54.jpeg 900w\" sizes=\"auto, (max-width: 576px) 100vw, 576px\" \/><\/figure>\n\n\n\n<figure class=\"wp-block-image size-large\"><img loading=\"lazy\" decoding=\"async\" width=\"789\" height=\"1024\" src=\"https:\/\/pos.uel.br\/direito-negocial\/wp-content\/uploads\/2025\/09\/WhatsApp-Image-2025-09-16-at-13.07.54-1-789x1024.jpeg\" alt=\"\" class=\"wp-image-3303\" srcset=\"https:\/\/pos.uel.br\/direito-negocial\/wp-content\/uploads\/2025\/09\/WhatsApp-Image-2025-09-16-at-13.07.54-1-789x1024.jpeg 789w, https:\/\/pos.uel.br\/direito-negocial\/wp-content\/uploads\/2025\/09\/WhatsApp-Image-2025-09-16-at-13.07.54-1-231x300.jpeg 231w, https:\/\/pos.uel.br\/direito-negocial\/wp-content\/uploads\/2025\/09\/WhatsApp-Image-2025-09-16-at-13.07.54-1-768x997.jpeg 768w, https:\/\/pos.uel.br\/direito-negocial\/wp-content\/uploads\/2025\/09\/WhatsApp-Image-2025-09-16-at-13.07.54-1.jpeg 1126w\" sizes=\"auto, (max-width: 789px) 100vw, 789px\" \/><\/figure>\n\n\n\n<p><\/p>\n<\/div>\n\n\n\n<p><\/p>\n","protected":false},"excerpt":{"rendered":"<p>No dia 12 de setembro, o Instituto Brasileiro de Direito Urban\u00edstico (IBDU) organizou o I Semin\u00e1rio Sul-brasileiro de Direito Urban\u00edstico, realizado no Audit\u00f3rio da Defensoria P\u00fablica do RS &#8211; Sede M\u00facio Teixeira, em Porto Alegre, RS, com a tem\u00e1tica Direito \u00e0 Cidade e emerg\u00eancias clim\u00e1ticas: por um pacto pela justi\u00e7a socioambiental nos territ\u00f3rios. O evento [&hellip;]<\/p>\n","protected":false},"author":32,"featured_media":3311,"comment_status":"open","ping_status":"open","sticky":false,"template":"","format":"standard","meta":{"_acf_changed":false,"footnotes":""},"categories":[1],"tags":[],"class_list":["post-3299","post","type-post","status-publish","format-standard","has-post-thumbnail","hentry","category-sem-categoria"],"acf":[],"_links":{"self":[{"href":"https:\/\/pos.uel.br\/direito-negocial\/wp-json\/wp\/v2\/posts\/3299","targetHints":{"allow":["GET"]}}],"collection":[{"href":"https:\/\/pos.uel.br\/direito-negocial\/wp-json\/wp\/v2\/posts"}],"about":[{"href":"https:\/\/pos.uel.br\/direito-negocial\/wp-json\/wp\/v2\/types\/post"}],"author":[{"embeddable":true,"href":"https:\/\/pos.uel.br\/direito-negocial\/wp-json\/wp\/v2\/users\/32"}],"replies":[{"embeddable":true,"href":"https:\/\/pos.uel.br\/direito-negocial\/wp-json\/wp\/v2\/comments?post=3299"}],"version-history":[{"count":4,"href":"https:\/\/pos.uel.br\/direito-negocial\/wp-json\/wp\/v2\/posts\/3299\/revisions"}],"predecessor-version":[{"id":3325,"href":"https:\/\/pos.uel.br\/direito-negocial\/wp-json\/wp\/v2\/posts\/3299\/revisions\/3325"}],"wp:featuredmedia":[{"embeddable":true,"href":"https:\/\/pos.uel.br\/direito-negocial\/wp-json\/wp\/v2\/media\/3311"}],"wp:attachment":[{"href":"https:\/\/pos.uel.br\/direito-negocial\/wp-json\/wp\/v2\/media?parent=3299"}],"wp:term":[{"taxonomy":"category","embeddable":true,"href":"https:\/\/pos.uel.br\/direito-negocial\/wp-json\/wp\/v2\/categories?post=3299"},{"taxonomy":"post_tag","embeddable":true,"href":"https:\/\/pos.uel.br\/direito-negocial\/wp-json\/wp\/v2\/tags?post=3299"}],"curies":[{"name":"wp","href":"https:\/\/api.w.org\/{rel}","templated":true}]}}