{"id":3298,"date":"2025-04-14T13:32:00","date_gmt":"2025-04-14T16:32:00","guid":{"rendered":"https:\/\/pos.uel.br\/direito-negocial\/?p=3298"},"modified":"2025-09-16T13:34:50","modified_gmt":"2025-09-16T16:34:50","slug":"egresso-americo-ribeiro-magro-lanca-5a-edicao-do-manual-de-direito-digitalegresso-americo-ribeiro-magro-lanca-5a-edicao-do-manual-de-direito-digital","status":"publish","type":"post","link":"https:\/\/pos.uel.br\/direito-negocial\/noticias-ppgdn\/2025\/04\/14\/egresso-americo-ribeiro-magro-lanca-5a-edicao-do-manual-de-direito-digitalegresso-americo-ribeiro-magro-lanca-5a-edicao-do-manual-de-direito-digital\/","title":{"rendered":"Egresso Am\u00e9rico Ribeiro Magro lan\u00e7a 5\u00aa edi\u00e7\u00e3o do Manual de Direito Digital,Egresso Am\u00e9rico Ribeiro Magro lan\u00e7a 5\u00aa edi\u00e7\u00e3o do Manual de Direito Digital"},"content":{"rendered":"\n<p>O egresso do Programa de P\u00f3s-Gradua\u00e7\u00e3o em Direito Negocial da Universidade Estadual de Londrina (<strong>PPGDN-UEL<\/strong>), <strong>Am\u00e9rico Ribeiro Magro<\/strong>, acaba de lan\u00e7ar a <strong>5\u00aa edi\u00e7\u00e3o do <em>Manual de Direito Digital<\/em><\/strong>, publicada pela <strong>Editora JusPodivm<\/strong>, em coautoria com o professor e jurista <strong>Landolfo Andrade<\/strong>.<\/p>\n\n\n\n<p>A nova edi\u00e7\u00e3o da obra est\u00e1 <strong>revisada, ampliada e atualizada<\/strong>, incorporando temas de grande relev\u00e2ncia e atualidade, como o <strong>Marco Legal para a Ind\u00fastria de Jogos Eletr\u00f4nicos<\/strong> (<em>Lei n\u00ba 14.852\/2024<\/em>) e a recente <strong>Resolu\u00e7\u00e3o n\u00ba 615\/2025 do CNJ<\/strong>, que trata da utiliza\u00e7\u00e3o de <strong>intelig\u00eancia artificial no Poder Judici\u00e1rio<\/strong>.<\/p>\n\n\n\n<p>Refer\u00eancia nacional na \u00e1rea, o <em>Manual de Direito Digital<\/em> tem sido adotado por estudantes, professores, advogados e profissionais do Direito como fonte segura para compreens\u00e3o das quest\u00f5es jur\u00eddicas ligadas ao universo digital.<\/p>\n\n\n\n<p>Os interessados podem obter mais informa\u00e7\u00f5es e adquirir exemplares diretamente no site da editora:\n\ud83d\udd17 <a class=\"\" href=\"https:\/\/www.editorajuspodivm.com.br\/manual-de-direito-digital-2025-souza-magro\">https:\/\/www.editorajuspodivm.com.br\/manual-de-direito-digital-2025-souza-magro<\/a><\/p>\n\n\n\n<p>O PPGDN-UEL parabeniza o egresso Am\u00e9rico Ribeiro Magro por mais esta importante contribui\u00e7\u00e3o \u00e0 literatura jur\u00eddica e por manter vivo o compromisso com a produ\u00e7\u00e3o cient\u00edfica de excel\u00eancia.<\/p>\n\n\n\n<figure class=\"wp-block-gallery has-nested-images columns-default is-cropped wp-block-gallery-1 is-layout-flex wp-block-gallery-is-layout-flex\">\n<figure class=\"wp-block-image size-large\"><img loading=\"lazy\" decoding=\"async\" width=\"819\" height=\"1024\" data-id=\"1697\" src=\"https:\/\/pos.uel.br\/direito-negocial\/wp-content\/uploads\/2025\/04\/Imagem-do-WhatsApp-de-2025-04-14-as-19.21.15_1df6b72c-819x1024.jpg\" alt=\"\" class=\"wp-image-1697\" srcset=\"https:\/\/pos.uel.br\/direito-negocial\/wp-content\/uploads\/2025\/04\/Imagem-do-WhatsApp-de-2025-04-14-as-19.21.15_1df6b72c-819x1024.jpg 819w, https:\/\/pos.uel.br\/direito-negocial\/wp-content\/uploads\/2025\/04\/Imagem-do-WhatsApp-de-2025-04-14-as-19.21.15_1df6b72c-240x300.jpg 240w, https:\/\/pos.uel.br\/direito-negocial\/wp-content\/uploads\/2025\/04\/Imagem-do-WhatsApp-de-2025-04-14-as-19.21.15_1df6b72c-768x960.jpg 768w, https:\/\/pos.uel.br\/direito-negocial\/wp-content\/uploads\/2025\/04\/Imagem-do-WhatsApp-de-2025-04-14-as-19.21.15_1df6b72c.jpg 1080w\" sizes=\"auto, (max-width: 819px) 100vw, 819px\" \/><\/figure>\n<\/figure>\n","protected":false},"excerpt":{"rendered":"<p>O egresso do Programa de P\u00f3s-Gradua\u00e7\u00e3o em Direito Negocial da Universidade Estadual de Londrina (PPGDN-UEL), Am\u00e9rico Ribeiro Magro, acaba de lan\u00e7ar a 5\u00aa edi\u00e7\u00e3o do Manual de Direito Digital, publicada pela Editora JusPodivm, em coautoria com o professor e jurista Landolfo Andrade. A nova edi\u00e7\u00e3o da obra est\u00e1 revisada, ampliada e atualizada, incorporando temas de [&hellip;]<\/p>\n","protected":false},"author":16,"featured_media":1697,"comment_status":"open","ping_status":"open","sticky":false,"template":"","format":"standard","meta":{"_acf_changed":false,"footnotes":""},"categories":[28,19,12],"tags":[],"class_list":["post-3298","post","type-post","status-publish","format-standard","has-post-thumbnail","hentry","category-destaque-discente","category-lancamentos","category-noticias-ppgdn"],"acf":[],"_links":{"self":[{"href":"https:\/\/pos.uel.br\/direito-negocial\/wp-json\/wp\/v2\/posts\/3298","targetHints":{"allow":["GET"]}}],"collection":[{"href":"https:\/\/pos.uel.br\/direito-negocial\/wp-json\/wp\/v2\/posts"}],"about":[{"href":"https:\/\/pos.uel.br\/direito-negocial\/wp-json\/wp\/v2\/types\/post"}],"author":[{"embeddable":true,"href":"https:\/\/pos.uel.br\/direito-negocial\/wp-json\/wp\/v2\/users\/16"}],"replies":[{"embeddable":true,"href":"https:\/\/pos.uel.br\/direito-negocial\/wp-json\/wp\/v2\/comments?post=3298"}],"version-history":[{"count":1,"href":"https:\/\/pos.uel.br\/direito-negocial\/wp-json\/wp\/v2\/posts\/3298\/revisions"}],"predecessor-version":[{"id":3301,"href":"https:\/\/pos.uel.br\/direito-negocial\/wp-json\/wp\/v2\/posts\/3298\/revisions\/3301"}],"wp:featuredmedia":[{"embeddable":true,"href":"https:\/\/pos.uel.br\/direito-negocial\/wp-json\/wp\/v2\/media\/1697"}],"wp:attachment":[{"href":"https:\/\/pos.uel.br\/direito-negocial\/wp-json\/wp\/v2\/media?parent=3298"}],"wp:term":[{"taxonomy":"category","embeddable":true,"href":"https:\/\/pos.uel.br\/direito-negocial\/wp-json\/wp\/v2\/categories?post=3298"},{"taxonomy":"post_tag","embeddable":true,"href":"https:\/\/pos.uel.br\/direito-negocial\/wp-json\/wp\/v2\/tags?post=3298"}],"curies":[{"name":"wp","href":"https:\/\/api.w.org\/{rel}","templated":true}]}}