{"id":3292,"date":"2025-09-16T12:28:25","date_gmt":"2025-09-16T15:28:25","guid":{"rendered":"https:\/\/pos.uel.br\/direito-negocial\/?p=3292"},"modified":"2025-09-16T12:33:50","modified_gmt":"2025-09-16T15:33:50","slug":"publicado-o-edital-de-resultados-do-encontro-cientifico-do-v-congresso-de-direito-das-familias-e-sucessoes","status":"publish","type":"post","link":"https:\/\/pos.uel.br\/direito-negocial\/sem-categoria\/2025\/09\/16\/publicado-o-edital-de-resultados-do-encontro-cientifico-do-v-congresso-de-direito-das-familias-e-sucessoes\/","title":{"rendered":"Publicado o Edital de Resultados do Encontro Cient\u00edfico do V Congresso de Direito das Fam\u00edlias e Sucess\u00f5es"},"content":{"rendered":"\n<p><\/p>\n\n\n\n<p>Neste dia 16 de setembro de 2025, foi publicado o edital de resultado dos trabalhos submetidos ao ENCONTRO CIENT\u00cdFICO DO V CONGRESSO DE DIREITO DAS FAM\u00cdLIAS E SUCESS\u00d5ES DO PROGRAMA DE MESTRADO E DOUTORADO EM DIREITO NEGOCIAL DA UEL: OS NOVOS HORIZONTES DO DIREITO DAS FAM\u00cdLIAS E SUCESS\u00d5ES CONTEMPOR\u00c2NEOS.<\/p>\n\n\n\n<p>A apresenta\u00e7\u00e3o dos trabalhos aprovados ocorrer\u00e1 no dia 18 de setembro de 2025, das 14h00 \u00e0s 17h00, no Centro de Estudos Sociais Aplicados (CESA\/UEL).<\/p>\n\n\n\n<p>A emiss\u00e3o de certificados est\u00e1 condicionada \u00e0 apresenta\u00e7\u00e3o do trabalho e \u00e0 efetiva no inscri\u00e7\u00e3o V Congresso de Direito das Fam\u00edlias e Sucess\u00f5es do PPGDN\/UEL-OAB\/PR-IBDFAM.<\/p>\n\n\n\n<p><\/p>\n","protected":false},"excerpt":{"rendered":"<p>Neste dia 16 de setembro de 2025, foi publicado o edital de resultado dos trabalhos submetidos ao ENCONTRO CIENT\u00cdFICO DO V CONGRESSO DE DIREITO DAS FAM\u00cdLIAS E SUCESS\u00d5ES DO PROGRAMA DE MESTRADO E DOUTORADO EM DIREITO NEGOCIAL DA UEL: OS NOVOS HORIZONTES DO DIREITO DAS FAM\u00cdLIAS E SUCESS\u00d5ES CONTEMPOR\u00c2NEOS. A apresenta\u00e7\u00e3o dos trabalhos aprovados ocorrer\u00e1 [&hellip;]<\/p>\n","protected":false},"author":32,"featured_media":3295,"comment_status":"open","ping_status":"open","sticky":false,"template":"","format":"standard","meta":{"_acf_changed":false,"footnotes":""},"categories":[1],"tags":[],"class_list":["post-3292","post","type-post","status-publish","format-standard","has-post-thumbnail","hentry","category-sem-categoria"],"acf":[],"_links":{"self":[{"href":"https:\/\/pos.uel.br\/direito-negocial\/wp-json\/wp\/v2\/posts\/3292","targetHints":{"allow":["GET"]}}],"collection":[{"href":"https:\/\/pos.uel.br\/direito-negocial\/wp-json\/wp\/v2\/posts"}],"about":[{"href":"https:\/\/pos.uel.br\/direito-negocial\/wp-json\/wp\/v2\/types\/post"}],"author":[{"embeddable":true,"href":"https:\/\/pos.uel.br\/direito-negocial\/wp-json\/wp\/v2\/users\/32"}],"replies":[{"embeddable":true,"href":"https:\/\/pos.uel.br\/direito-negocial\/wp-json\/wp\/v2\/comments?post=3292"}],"version-history":[{"count":2,"href":"https:\/\/pos.uel.br\/direito-negocial\/wp-json\/wp\/v2\/posts\/3292\/revisions"}],"predecessor-version":[{"id":3297,"href":"https:\/\/pos.uel.br\/direito-negocial\/wp-json\/wp\/v2\/posts\/3292\/revisions\/3297"}],"wp:featuredmedia":[{"embeddable":true,"href":"https:\/\/pos.uel.br\/direito-negocial\/wp-json\/wp\/v2\/media\/3295"}],"wp:attachment":[{"href":"https:\/\/pos.uel.br\/direito-negocial\/wp-json\/wp\/v2\/media?parent=3292"}],"wp:term":[{"taxonomy":"category","embeddable":true,"href":"https:\/\/pos.uel.br\/direito-negocial\/wp-json\/wp\/v2\/categories?post=3292"},{"taxonomy":"post_tag","embeddable":true,"href":"https:\/\/pos.uel.br\/direito-negocial\/wp-json\/wp\/v2\/tags?post=3292"}],"curies":[{"name":"wp","href":"https:\/\/api.w.org\/{rel}","templated":true}]}}