{"id":3277,"date":"2025-09-13T15:42:45","date_gmt":"2025-09-13T18:42:45","guid":{"rendered":"https:\/\/pos.uel.br\/direito-negocial\/?p=3277"},"modified":"2025-09-13T15:47:11","modified_gmt":"2025-09-13T18:47:11","slug":"aluna-do-mestrado-e-vice-coordenadora-participam-do-iv-encontro-anual-do-graed-puc-pr","status":"publish","type":"post","link":"https:\/\/pos.uel.br\/direito-negocial\/sem-categoria\/2025\/09\/13\/aluna-do-mestrado-e-vice-coordenadora-participam-do-iv-encontro-anual-do-graed-puc-pr\/","title":{"rendered":"Aluna do Mestrado e Vice-Coordenadora participam do IV Encontro Anual do GRAED\/PUC-PR"},"content":{"rendered":"\n<p><\/p>\n\n\n\n<p>No dia 12 de setembro, o PPGDN participou do IV Encontro Anual do GRAED\/PUC-PR &#8211; Grupo de estudos em an\u00e1lise econ\u00f4mica do direito da PUC &#8211; PR<\/p>\n\n\n\n<p>A discente <strong>Ana Beatriz de Souza Slobodticov<\/strong> e a Vice-Coordenadora <strong>Profa. Dra. Patr\u00edcia Ayub da Costa<\/strong> apresentaram o trabalho intitulado Gest\u00e3o estrat\u00e9gica de conflitos contratuais pela an\u00e1lise econ\u00f4mica do direito: da incompletude \u00e0 efici\u00eancia.<\/p>\n\n\n\n<p>A participa\u00e7\u00e3o do PPGDN representa o forte compromisso da institui\u00e7\u00e3o com a contribui\u00e7\u00e3o acad\u00eamica, sem perder de vista a import\u00e2ncia da atua\u00e7\u00e3o profissional.<\/p>\n\n\n\n<figure class=\"wp-block-image size-large\"><img loading=\"lazy\" decoding=\"async\" width=\"1024\" height=\"467\" src=\"https:\/\/pos.uel.br\/direito-negocial\/wp-content\/uploads\/2025\/09\/WhatsApp-Image-2025-09-12-at-16.24.54-1024x467.jpeg\" alt=\"\" class=\"wp-image-3278\" \/><\/figure>\n","protected":false},"excerpt":{"rendered":"<p>No dia 12 de setembro, o PPGDN participou do IV Encontro Anual do GRAED\/PUC-PR &#8211; Grupo de estudos em an\u00e1lise econ\u00f4mica do direito da PUC &#8211; PR A discente Ana Beatriz de Souza Slobodticov e a Vice-Coordenadora Profa. Dra. Patr\u00edcia Ayub da Costa apresentaram o trabalho intitulado Gest\u00e3o estrat\u00e9gica de conflitos contratuais pela an\u00e1lise econ\u00f4mica [&hellip;]<\/p>\n","protected":false},"author":32,"featured_media":3278,"comment_status":"open","ping_status":"open","sticky":false,"template":"","format":"standard","meta":{"_acf_changed":false,"footnotes":""},"categories":[1],"tags":[],"class_list":["post-3277","post","type-post","status-publish","format-standard","has-post-thumbnail","hentry","category-sem-categoria"],"acf":[],"_links":{"self":[{"href":"https:\/\/pos.uel.br\/direito-negocial\/wp-json\/wp\/v2\/posts\/3277","targetHints":{"allow":["GET"]}}],"collection":[{"href":"https:\/\/pos.uel.br\/direito-negocial\/wp-json\/wp\/v2\/posts"}],"about":[{"href":"https:\/\/pos.uel.br\/direito-negocial\/wp-json\/wp\/v2\/types\/post"}],"author":[{"embeddable":true,"href":"https:\/\/pos.uel.br\/direito-negocial\/wp-json\/wp\/v2\/users\/32"}],"replies":[{"embeddable":true,"href":"https:\/\/pos.uel.br\/direito-negocial\/wp-json\/wp\/v2\/comments?post=3277"}],"version-history":[{"count":3,"href":"https:\/\/pos.uel.br\/direito-negocial\/wp-json\/wp\/v2\/posts\/3277\/revisions"}],"predecessor-version":[{"id":3281,"href":"https:\/\/pos.uel.br\/direito-negocial\/wp-json\/wp\/v2\/posts\/3277\/revisions\/3281"}],"wp:featuredmedia":[{"embeddable":true,"href":"https:\/\/pos.uel.br\/direito-negocial\/wp-json\/wp\/v2\/media\/3278"}],"wp:attachment":[{"href":"https:\/\/pos.uel.br\/direito-negocial\/wp-json\/wp\/v2\/media?parent=3277"}],"wp:term":[{"taxonomy":"category","embeddable":true,"href":"https:\/\/pos.uel.br\/direito-negocial\/wp-json\/wp\/v2\/categories?post=3277"},{"taxonomy":"post_tag","embeddable":true,"href":"https:\/\/pos.uel.br\/direito-negocial\/wp-json\/wp\/v2\/tags?post=3277"}],"curies":[{"name":"wp","href":"https:\/\/api.w.org\/{rel}","templated":true}]}}