{"id":3269,"date":"2025-09-11T16:04:17","date_gmt":"2025-09-11T19:04:17","guid":{"rendered":"https:\/\/pos.uel.br\/direito-negocial\/?p=3269"},"modified":"2025-09-11T16:04:17","modified_gmt":"2025-09-11T19:04:17","slug":"alunos-do-programa-de-mestrado-e-doutorado-da-uel-apresentam-trabalhos-no-xiv-encontro-internacional-do-conpedi-em-barcelos-portugal","status":"publish","type":"post","link":"https:\/\/pos.uel.br\/direito-negocial\/sem-categoria\/2025\/09\/11\/alunos-do-programa-de-mestrado-e-doutorado-da-uel-apresentam-trabalhos-no-xiv-encontro-internacional-do-conpedi-em-barcelos-portugal\/","title":{"rendered":"Alunos do Programa de Mestrado e Doutorado da UEL apresentam trabalhos no XIV Encontro Internacional do CONPEDI em Barcelos &#8211; Portugal."},"content":{"rendered":"\n<p><\/p>\n\n\n\n<p><strong>O Evento acontece entre os dias 10 e 12 de setembro em Barcelos, Portugal, e refor\u00e7a a internacionaliza\u00e7\u00e3o da pesquisa jur\u00eddica brasileira<\/strong><\/p>\n\n\n\n<p>Os mestrandos <strong>Augusto Lima<\/strong>, <strong>Camila Bonacin<\/strong> e <strong>Nath\u00e1lia Rodrigues<\/strong>, do Programa de Mestrado e Doutorado em Direito da Universidade Estadual de Londrina (UEL), est\u00e3o participando do <strong>XIV Encontro Internacional do Conselho Nacional de Pesquisa e P\u00f3s-Gradua\u00e7\u00e3o em Direito (CONPEDI)<\/strong>, realizado na cidade de <strong>Barcelos, Portugal<\/strong>.<\/p>\n\n\n\n<p>Nesta edi\u00e7\u00e3o, os trabalhos dos alunos da UEL foram <strong>aprovados para apresenta\u00e7\u00e3o<\/strong>, demonstrando a qualidade e o rigor acad\u00eamico da produ\u00e7\u00e3o cient\u00edfica brasileira em Direito. O evento reuniu pesquisadores, professores e p\u00f3s-graduandos de diferentes institui\u00e7\u00f5es, promovendo debates sobre temas contempor\u00e2neos do Direito e incentivando a troca de experi\u00eancias internacionais.<\/p>\n\n\n\n<p>A UEL reafirma, mais uma vez, seu compromisso com a <strong>internacionaliza\u00e7\u00e3o da pesquisa jur\u00eddica<\/strong>, valorizando a produ\u00e7\u00e3o acad\u00eamica brasileira e proporcionando oportunidades para que pesquisadores e estudantes ampliem sua atua\u00e7\u00e3o em contextos internacionais, nesta ocasi\u00e3o, em conjunto com o CONPEDI.<\/p>\n\n\n\n<p>A participa\u00e7\u00e3o dos mestrandos da UEL representa n\u00e3o apenas a excel\u00eancia acad\u00eamica da universidade, mas tamb\u00e9m a consolida\u00e7\u00e3o de seu papel como centro de refer\u00eancia em ensino, pesquisa e extens\u00e3o no Direito, fortalecendo la\u00e7os de coopera\u00e7\u00e3o cient\u00edfica entre Brasil e Portugal.<\/p>\n\n\n\n<figure class=\"wp-block-gallery has-nested-images columns-default is-cropped wp-block-gallery-1 is-layout-flex wp-block-gallery-is-layout-flex\">\n<figure class=\"wp-block-image size-full\"><img loading=\"lazy\" decoding=\"async\" width=\"1220\" height=\"559\" data-id=\"3273\" src=\"https:\/\/pos.uel.br\/direito-negocial\/wp-content\/uploads\/2025\/09\/WhatsApp-Image-2025-09-11-at-15.39.04.jpeg\" alt=\"\" class=\"wp-image-3273\" srcset=\"https:\/\/pos.uel.br\/direito-negocial\/wp-content\/uploads\/2025\/09\/WhatsApp-Image-2025-09-11-at-15.39.04.jpeg 1220w, https:\/\/pos.uel.br\/direito-negocial\/wp-content\/uploads\/2025\/09\/WhatsApp-Image-2025-09-11-at-15.39.04-300x137.jpeg 300w, https:\/\/pos.uel.br\/direito-negocial\/wp-content\/uploads\/2025\/09\/WhatsApp-Image-2025-09-11-at-15.39.04-1024x469.jpeg 1024w, https:\/\/pos.uel.br\/direito-negocial\/wp-content\/uploads\/2025\/09\/WhatsApp-Image-2025-09-11-at-15.39.04-768x352.jpeg 768w\" sizes=\"auto, (max-width: 1220px) 100vw, 1220px\" \/><\/figure>\n<\/figure>\n\n\n\n<figure class=\"wp-block-image size-full\"><img loading=\"lazy\" decoding=\"async\" width=\"823\" height=\"937\" src=\"https:\/\/pos.uel.br\/direito-negocial\/wp-content\/uploads\/2025\/09\/WhatsApp-Image-2025-09-11-at-15.39.05-3.jpeg\" alt=\"\" class=\"wp-image-3274\" srcset=\"https:\/\/pos.uel.br\/direito-negocial\/wp-content\/uploads\/2025\/09\/WhatsApp-Image-2025-09-11-at-15.39.05-3.jpeg 823w, https:\/\/pos.uel.br\/direito-negocial\/wp-content\/uploads\/2025\/09\/WhatsApp-Image-2025-09-11-at-15.39.05-3-264x300.jpeg 264w, https:\/\/pos.uel.br\/direito-negocial\/wp-content\/uploads\/2025\/09\/WhatsApp-Image-2025-09-11-at-15.39.05-3-768x874.jpeg 768w\" sizes=\"auto, (max-width: 823px) 100vw, 823px\" \/><\/figure>\n","protected":false},"excerpt":{"rendered":"<p>O Evento acontece entre os dias 10 e 12 de setembro em Barcelos, Portugal, e refor\u00e7a a internacionaliza\u00e7\u00e3o da pesquisa jur\u00eddica brasileira Os mestrandos Augusto Lima, Camila Bonacin e Nath\u00e1lia Rodrigues, do Programa de Mestrado e Doutorado em Direito da Universidade Estadual de Londrina (UEL), est\u00e3o participando do XIV Encontro Internacional do Conselho Nacional de [&hellip;]<\/p>\n","protected":false},"author":34,"featured_media":3274,"comment_status":"open","ping_status":"open","sticky":false,"template":"","format":"standard","meta":{"_acf_changed":false,"footnotes":""},"categories":[1],"tags":[],"class_list":["post-3269","post","type-post","status-publish","format-standard","has-post-thumbnail","hentry","category-sem-categoria"],"acf":[],"_links":{"self":[{"href":"https:\/\/pos.uel.br\/direito-negocial\/wp-json\/wp\/v2\/posts\/3269","targetHints":{"allow":["GET"]}}],"collection":[{"href":"https:\/\/pos.uel.br\/direito-negocial\/wp-json\/wp\/v2\/posts"}],"about":[{"href":"https:\/\/pos.uel.br\/direito-negocial\/wp-json\/wp\/v2\/types\/post"}],"author":[{"embeddable":true,"href":"https:\/\/pos.uel.br\/direito-negocial\/wp-json\/wp\/v2\/users\/34"}],"replies":[{"embeddable":true,"href":"https:\/\/pos.uel.br\/direito-negocial\/wp-json\/wp\/v2\/comments?post=3269"}],"version-history":[{"count":1,"href":"https:\/\/pos.uel.br\/direito-negocial\/wp-json\/wp\/v2\/posts\/3269\/revisions"}],"predecessor-version":[{"id":3275,"href":"https:\/\/pos.uel.br\/direito-negocial\/wp-json\/wp\/v2\/posts\/3269\/revisions\/3275"}],"wp:featuredmedia":[{"embeddable":true,"href":"https:\/\/pos.uel.br\/direito-negocial\/wp-json\/wp\/v2\/media\/3274"}],"wp:attachment":[{"href":"https:\/\/pos.uel.br\/direito-negocial\/wp-json\/wp\/v2\/media?parent=3269"}],"wp:term":[{"taxonomy":"category","embeddable":true,"href":"https:\/\/pos.uel.br\/direito-negocial\/wp-json\/wp\/v2\/categories?post=3269"},{"taxonomy":"post_tag","embeddable":true,"href":"https:\/\/pos.uel.br\/direito-negocial\/wp-json\/wp\/v2\/tags?post=3269"}],"curies":[{"name":"wp","href":"https:\/\/api.w.org\/{rel}","templated":true}]}}