{"id":3229,"date":"2025-09-09T13:14:18","date_gmt":"2025-09-09T16:14:18","guid":{"rendered":"https:\/\/pos.uel.br\/direito-negocial\/?p=3229"},"modified":"2025-09-09T13:15:01","modified_gmt":"2025-09-09T16:15:01","slug":"simposio-em-londrina-discute-desafios-atuais-do-direito-negocial-e-da-responsabilidade-civil","status":"publish","type":"post","link":"https:\/\/pos.uel.br\/direito-negocial\/sem-categoria\/2025\/09\/09\/simposio-em-londrina-discute-desafios-atuais-do-direito-negocial-e-da-responsabilidade-civil\/","title":{"rendered":"Simp\u00f3sio em Londrina discute desafios atuais do Direito Negocial e da Responsabilidade Civil"},"content":{"rendered":"\n<p>Nos dias 4 e 5 de setembro, Londrina sediou o Simp\u00f3sio \u201cDesafios Atuais do Direito Negocial: Responsabilidade Civil, novos danos e a prote\u00e7\u00e3o do consumidor\u201d, evento que reuniu grandes nomes da academia jur\u00eddica nacional para debater os impactos contempor\u00e2neos da responsabilidade civil e os caminhos para a prote\u00e7\u00e3o do consumidor diante de novas formas de dano.<\/p>\n\n\n\n<p>O encontro contou com a presen\u00e7a de renomados professores e pesquisadores de diversas universidades brasileiras, al\u00e9m de destacar a atua\u00e7\u00e3o de docentes da Universidade Estadual de Londrina (UEL). A professora Jussara Suzi Assis Borges Nasser Ferreira, ex-coordenadora do PPGDN, apresentou reflex\u00f5es sobre os novos danos e os desafios contempor\u00e2neos nas rela\u00e7\u00f5es de consumo. J\u00e1 as professoras Rita Tarifa Espolar, Juliana Carvalho Pav\u00e3o e o doutorando Daniel Marinho Corr\u00eaa abordaram os aspectos da responsabilidade civil nos neg\u00f3cios biojur\u00eddicos e sua conex\u00e3o com a reforma do C\u00f3digo Civil. Tamb\u00e9m participou como palestrante a professora Daniela Braga Paiano, que trouxe contribui\u00e7\u00f5es sobre as cl\u00e1usulas existenciais nos neg\u00f3cios jur\u00eddicos familiares \u00e0 luz da responsabilidade civil.<\/p>\n\n\n\n<p>Com uma programa\u00e7\u00e3o intensa, o simp\u00f3sio proporcionou um espa\u00e7o de di\u00e1logo acad\u00eamico e pr\u00e1tico sobre temas que afetam diretamente consumidores, empresas e operadores do direito, refor\u00e7ando Londrina como um polo de produ\u00e7\u00e3o cient\u00edfica e de debates jur\u00eddicos de relev\u00e2ncia nacional.<\/p>\n\n\n\n<p>Al\u00e9m das palestras, o evento tamb\u00e9m contou com um encontro cient\u00edfico, no qual foram apresentados mais de 55 trabalhos acad\u00eamicos, entre resumos expandidos, resumos simples e artigos, evidenciando a import\u00e2ncia da pesquisa e do incentivo \u00e0 produ\u00e7\u00e3o cient\u00edfica no campo do Direito.<\/p>\n\n\n\n<figure class=\"wp-block-image size-large\"><img loading=\"lazy\" decoding=\"async\" width=\"1024\" height=\"340\" src=\"https:\/\/pos.uel.br\/direito-negocial\/wp-content\/uploads\/2025\/09\/Captura-de-Tela-2025-09-09-a\u0300s-13.13.41-1024x340.png\" alt=\"\" class=\"wp-image-3231\" srcset=\"https:\/\/pos.uel.br\/direito-negocial\/wp-content\/uploads\/2025\/09\/Captura-de-Tela-2025-09-09-a\u0300s-13.13.41-1024x340.png 1024w, https:\/\/pos.uel.br\/direito-negocial\/wp-content\/uploads\/2025\/09\/Captura-de-Tela-2025-09-09-a\u0300s-13.13.41-300x100.png 300w, https:\/\/pos.uel.br\/direito-negocial\/wp-content\/uploads\/2025\/09\/Captura-de-Tela-2025-09-09-a\u0300s-13.13.41-768x255.png 768w, https:\/\/pos.uel.br\/direito-negocial\/wp-content\/uploads\/2025\/09\/Captura-de-Tela-2025-09-09-a\u0300s-13.13.41-1536x510.png 1536w, https:\/\/pos.uel.br\/direito-negocial\/wp-content\/uploads\/2025\/09\/Captura-de-Tela-2025-09-09-a\u0300s-13.13.41.png 1932w\" sizes=\"auto, (max-width: 1024px) 100vw, 1024px\" \/><\/figure>\n","protected":false},"excerpt":{"rendered":"<p>Nos dias 4 e 5 de setembro, Londrina sediou o Simp\u00f3sio \u201cDesafios Atuais do Direito Negocial: Responsabilidade Civil, novos danos e a prote\u00e7\u00e3o do consumidor\u201d, evento que reuniu grandes nomes da academia jur\u00eddica nacional para debater os impactos contempor\u00e2neos da responsabilidade civil e os caminhos para a prote\u00e7\u00e3o do consumidor diante de novas formas de [&hellip;]<\/p>\n","protected":false},"author":34,"featured_media":3231,"comment_status":"open","ping_status":"open","sticky":false,"template":"","format":"standard","meta":{"_acf_changed":false,"footnotes":""},"categories":[1],"tags":[],"class_list":["post-3229","post","type-post","status-publish","format-standard","has-post-thumbnail","hentry","category-sem-categoria"],"acf":[],"_links":{"self":[{"href":"https:\/\/pos.uel.br\/direito-negocial\/wp-json\/wp\/v2\/posts\/3229","targetHints":{"allow":["GET"]}}],"collection":[{"href":"https:\/\/pos.uel.br\/direito-negocial\/wp-json\/wp\/v2\/posts"}],"about":[{"href":"https:\/\/pos.uel.br\/direito-negocial\/wp-json\/wp\/v2\/types\/post"}],"author":[{"embeddable":true,"href":"https:\/\/pos.uel.br\/direito-negocial\/wp-json\/wp\/v2\/users\/34"}],"replies":[{"embeddable":true,"href":"https:\/\/pos.uel.br\/direito-negocial\/wp-json\/wp\/v2\/comments?post=3229"}],"version-history":[{"count":1,"href":"https:\/\/pos.uel.br\/direito-negocial\/wp-json\/wp\/v2\/posts\/3229\/revisions"}],"predecessor-version":[{"id":3232,"href":"https:\/\/pos.uel.br\/direito-negocial\/wp-json\/wp\/v2\/posts\/3229\/revisions\/3232"}],"wp:featuredmedia":[{"embeddable":true,"href":"https:\/\/pos.uel.br\/direito-negocial\/wp-json\/wp\/v2\/media\/3231"}],"wp:attachment":[{"href":"https:\/\/pos.uel.br\/direito-negocial\/wp-json\/wp\/v2\/media?parent=3229"}],"wp:term":[{"taxonomy":"category","embeddable":true,"href":"https:\/\/pos.uel.br\/direito-negocial\/wp-json\/wp\/v2\/categories?post=3229"},{"taxonomy":"post_tag","embeddable":true,"href":"https:\/\/pos.uel.br\/direito-negocial\/wp-json\/wp\/v2\/tags?post=3229"}],"curies":[{"name":"wp","href":"https:\/\/api.w.org\/{rel}","templated":true}]}}