{"id":3111,"date":"2025-05-26T17:56:00","date_gmt":"2025-05-26T20:56:00","guid":{"rendered":"https:\/\/pos.uel.br\/direito-negocial\/?p=3111"},"modified":"2025-09-03T18:06:45","modified_gmt":"2025-09-03T21:06:45","slug":"simposio-internacional-de-direito-comparado-civil-e-canonico-em-comemoracao-aos-20-anos-do-isdclondrina","status":"publish","type":"post","link":"https:\/\/pos.uel.br\/direito-negocial\/sem-categoria\/2025\/05\/26\/simposio-internacional-de-direito-comparado-civil-e-canonico-em-comemoracao-aos-20-anos-do-isdclondrina\/","title":{"rendered":"Simp\u00f3sio Internacional de Direito Comparado: Civil e Can\u00f4nico, em comemora\u00e7\u00e3o aos 20 anos do ISDCLondrina"},"content":{"rendered":"\n<p><strong>Comparado: Civil e Can\u00f4nico<\/strong>, que ser\u00e1 realizado entre os dias <strong>27 e 29 de maio de 2025<\/strong>, na cidade de <strong>Londrina\/PR<\/strong>, com o tema <em>&#8220;Igreja e Estado: laicidade e coopera\u00e7\u00e3o&#8221;<\/em>.<\/p>\n\n\n\n<p>O evento \u00e9 promovido pelo Instituto Superior de Direito Can\u00f4nico de Londrina (ISDCLondrina), em celebra\u00e7\u00e3o aos seus 20 anos de funda\u00e7\u00e3o, e contar\u00e1 com a presen\u00e7a de renomados professores do Brasil e de Portugal, especialistas em Direito Civil, Direito Can\u00f4nico e Rela\u00e7\u00f5es entre Igreja e Estado.<\/p>\n\n\n\n<p>A programa\u00e7\u00e3o inclui confer\u00eancias e mesas tem\u00e1ticas sobre temas como:<\/p>\n\n\n\n<ul class=\"wp-block-list\">\n<li>Canoniza\u00e7\u00e3o da Lei Civil: conveni\u00eancia e limites;<\/li>\n\n\n\n<li>Fundamentos dos acordos diplom\u00e1ticas entre a Santa S\u00e9 e os Estados;<\/li>\n\n\n\n<li>Registro do batismo de crian\u00e7as adotadas por casais homoafetivos e os conflitos com o registro civil;<\/li>\n\n\n\n<li>Homologa\u00e7\u00e3o de senten\u00e7a can\u00f4nica de nulidade matrimonial pelo Judici\u00e1rio brasileiro;<\/li>\n\n\n\n<li>A\u00e7\u00e3o penal e o di\u00e1logo entre Igreja e Estado.<\/li>\n<\/ul>\n\n\n\n<p>O simp\u00f3sio ocorrer\u00e1 no <strong>Boulevard Residence Hotel (Sal\u00e3o Imbuia)<\/strong>, localizado na Av. Higien\u00f3polis, 199 \u2013 Centro \u2013 Londrina\/PR. O investimento para participa\u00e7\u00e3o \u00e9 de <strong>R$ 500,00<\/strong> e as inscri\u00e7\u00f5es j\u00e1 est\u00e3o abertas pelo site: <a class=\"\" href=\"http:\/\/www.isdclondrina.com.br\">www.isdclondrina.com.br<\/a>. O valor n\u00e3o inclui alimenta\u00e7\u00e3o, hospedagem ou transporte.<\/p>\n\n\n\n<p>Mais informa\u00e7\u00f5es podem ser obtidas pelo WhatsApp (43) 99991-2101 ou pelo e-mail: <a>secretaria.isdcl@gmail.com<\/a>.<\/p>\n\n\n\n<p>O PPGDN\/UEL convida todos os alunos e docentes interessados na interface entre Direito Civil e Direito Can\u00f4nico a participarem deste relevante espa\u00e7o de discuss\u00e3o acad\u00eamica e jur\u00eddica.<\/p>\n\n\n\n<figure class=\"wp-block-gallery has-nested-images columns-default is-cropped wp-block-gallery-1 is-layout-flex wp-block-gallery-is-layout-flex\">\n<figure class=\"wp-block-image size-large\"><img loading=\"lazy\" decoding=\"async\" width=\"723\" height=\"1024\" data-id=\"1723\" src=\"https:\/\/pos.uel.br\/direito-negocial\/wp-content\/uploads\/2025\/04\/EECE46C5-5B6E-4E7D-AA90-A937A8B5D5F4-723x1024.jpeg\" alt=\"\" class=\"wp-image-1723\" srcset=\"https:\/\/pos.uel.br\/direito-negocial\/wp-content\/uploads\/2025\/04\/EECE46C5-5B6E-4E7D-AA90-A937A8B5D5F4-723x1024.jpeg 723w, https:\/\/pos.uel.br\/direito-negocial\/wp-content\/uploads\/2025\/04\/EECE46C5-5B6E-4E7D-AA90-A937A8B5D5F4-212x300.jpeg 212w, https:\/\/pos.uel.br\/direito-negocial\/wp-content\/uploads\/2025\/04\/EECE46C5-5B6E-4E7D-AA90-A937A8B5D5F4-768x1087.jpeg 768w, https:\/\/pos.uel.br\/direito-negocial\/wp-content\/uploads\/2025\/04\/EECE46C5-5B6E-4E7D-AA90-A937A8B5D5F4.jpeg 1085w\" sizes=\"auto, (max-width: 723px) 100vw, 723px\" \/><\/figure>\n<\/figure>\n","protected":false},"excerpt":{"rendered":"<p>Comparado: Civil e Can\u00f4nico, que ser\u00e1 realizado entre os dias 27 e 29 de maio de 2025, na cidade de Londrina\/PR, com o tema &#8220;Igreja e Estado: laicidade e coopera\u00e7\u00e3o&#8221;. O evento \u00e9 promovido pelo Instituto Superior de Direito Can\u00f4nico de Londrina (ISDCLondrina), em celebra\u00e7\u00e3o aos seus 20 anos de funda\u00e7\u00e3o, e contar\u00e1 com a [&hellip;]<\/p>\n","protected":false},"author":27,"featured_media":0,"comment_status":"open","ping_status":"open","sticky":false,"template":"","format":"standard","meta":{"_acf_changed":false,"footnotes":""},"categories":[1],"tags":[],"class_list":["post-3111","post","type-post","status-publish","format-standard","hentry","category-sem-categoria"],"acf":[],"_links":{"self":[{"href":"https:\/\/pos.uel.br\/direito-negocial\/wp-json\/wp\/v2\/posts\/3111","targetHints":{"allow":["GET"]}}],"collection":[{"href":"https:\/\/pos.uel.br\/direito-negocial\/wp-json\/wp\/v2\/posts"}],"about":[{"href":"https:\/\/pos.uel.br\/direito-negocial\/wp-json\/wp\/v2\/types\/post"}],"author":[{"embeddable":true,"href":"https:\/\/pos.uel.br\/direito-negocial\/wp-json\/wp\/v2\/users\/27"}],"replies":[{"embeddable":true,"href":"https:\/\/pos.uel.br\/direito-negocial\/wp-json\/wp\/v2\/comments?post=3111"}],"version-history":[{"count":1,"href":"https:\/\/pos.uel.br\/direito-negocial\/wp-json\/wp\/v2\/posts\/3111\/revisions"}],"predecessor-version":[{"id":3112,"href":"https:\/\/pos.uel.br\/direito-negocial\/wp-json\/wp\/v2\/posts\/3111\/revisions\/3112"}],"wp:attachment":[{"href":"https:\/\/pos.uel.br\/direito-negocial\/wp-json\/wp\/v2\/media?parent=3111"}],"wp:term":[{"taxonomy":"category","embeddable":true,"href":"https:\/\/pos.uel.br\/direito-negocial\/wp-json\/wp\/v2\/categories?post=3111"},{"taxonomy":"post_tag","embeddable":true,"href":"https:\/\/pos.uel.br\/direito-negocial\/wp-json\/wp\/v2\/tags?post=3111"}],"curies":[{"name":"wp","href":"https:\/\/api.w.org\/{rel}","templated":true}]}}