{"id":3108,"date":"2025-04-28T17:50:00","date_gmt":"2025-04-28T20:50:00","guid":{"rendered":"https:\/\/pos.uel.br\/direito-negocial\/?p=3108"},"modified":"2025-09-03T17:54:45","modified_gmt":"2025-09-03T20:54:45","slug":"parceria-internacional-uel-participa-de-evento-sobre-mobilidade-academica-e-desenvolvimento-sustentavel-no-paraguai","status":"publish","type":"post","link":"https:\/\/pos.uel.br\/direito-negocial\/noticias-ppgdn\/2025\/04\/28\/parceria-internacional-uel-participa-de-evento-sobre-mobilidade-academica-e-desenvolvimento-sustentavel-no-paraguai\/","title":{"rendered":"Parceria internacional: UEL participa de evento sobre mobilidade acad\u00eamica e desenvolvimento sustent\u00e1vel no Paraguai"},"content":{"rendered":"\n<p>No dia 28 de abril de 2025, foi realizada uma reuni\u00e3o preparat\u00f3ria para o evento \u201cMiss\u00f5es para novas aproxima\u00e7\u00f5es e consolida\u00e7\u00e3o de parcerias entre a UEL e Universidades estrangeiras no \u00e2mbito do Programa de Mobilidade Zicosur \u2013 Desenvolvimento Territorial Sustent\u00e1vel\u201d. A reuni\u00e3o contou com a presen\u00e7a de docentes da Universidade Estadual de Londrina (UEL) e da Universidad Nacional de Canindey\u00fa (UNICAN), no Paraguai.<\/p>\n\n\n\n<p>Representaram a UEL os professores Clodomiro Jos\u00e9 Bannwart Junior, Elve Miguel Cenci, T\u00e2nia Lobo Muniz e Patr\u00edcia Ayub da Costa. Pelo Paraguai, participou a professora Maria Esmeralda Britez.<\/p>\n\n\n\n<p>O evento acontecer\u00e1 nos dias 19 e 20 de maio, na Zona de Integra\u00e7\u00e3o do Centro-Oeste da Am\u00e9rica do Sul (Zicosur), no Paraguai, e contar\u00e1 com confer\u00eancias, reuni\u00f5es e palestras com foco em coopera\u00e7\u00e3o acad\u00eamica, extens\u00e3o universit\u00e1ria, internacionaliza\u00e7\u00e3o e desenvolvimento regional.<\/p>\n\n\n\n<p>A iniciativa refor\u00e7a o compromisso da UEL com a internacionaliza\u00e7\u00e3o do ensino superior e a integra\u00e7\u00e3o regional por meio da coopera\u00e7\u00e3o acad\u00eamica e cient\u00edfica.<\/p>\n\n\n<div class=\"wp-block-image\">\n<figure class=\"aligncenter size-full is-resized\"><img loading=\"lazy\" decoding=\"async\" width=\"300\" height=\"168\" src=\"https:\/\/pos.uel.br\/direito-negocial\/wp-content\/uploads\/2025\/05\/5ed57dd0-c653-49b3-9bfb-20e7acaa347c.jpeg\" alt=\"\" class=\"wp-image-1739\" style=\"width:521px;height:auto\" \/><\/figure>\n<\/div>","protected":false},"excerpt":{"rendered":"<p>No dia 28 de abril de 2025, foi realizada uma reuni\u00e3o preparat\u00f3ria para o evento \u201cMiss\u00f5es para novas aproxima\u00e7\u00f5es e consolida\u00e7\u00e3o de parcerias entre a UEL e Universidades estrangeiras no \u00e2mbito do Programa de Mobilidade Zicosur \u2013 Desenvolvimento Territorial Sustent\u00e1vel\u201d. A reuni\u00e3o contou com a presen\u00e7a de docentes da Universidade Estadual de Londrina (UEL) e [&hellip;]<\/p>\n","protected":false},"author":27,"featured_media":1739,"comment_status":"open","ping_status":"open","sticky":false,"template":"","format":"standard","meta":{"_acf_changed":false,"footnotes":""},"categories":[12],"tags":[],"class_list":["post-3108","post","type-post","status-publish","format-standard","has-post-thumbnail","hentry","category-noticias-ppgdn"],"acf":[],"_links":{"self":[{"href":"https:\/\/pos.uel.br\/direito-negocial\/wp-json\/wp\/v2\/posts\/3108","targetHints":{"allow":["GET"]}}],"collection":[{"href":"https:\/\/pos.uel.br\/direito-negocial\/wp-json\/wp\/v2\/posts"}],"about":[{"href":"https:\/\/pos.uel.br\/direito-negocial\/wp-json\/wp\/v2\/types\/post"}],"author":[{"embeddable":true,"href":"https:\/\/pos.uel.br\/direito-negocial\/wp-json\/wp\/v2\/users\/27"}],"replies":[{"embeddable":true,"href":"https:\/\/pos.uel.br\/direito-negocial\/wp-json\/wp\/v2\/comments?post=3108"}],"version-history":[{"count":1,"href":"https:\/\/pos.uel.br\/direito-negocial\/wp-json\/wp\/v2\/posts\/3108\/revisions"}],"predecessor-version":[{"id":3109,"href":"https:\/\/pos.uel.br\/direito-negocial\/wp-json\/wp\/v2\/posts\/3108\/revisions\/3109"}],"wp:featuredmedia":[{"embeddable":true,"href":"https:\/\/pos.uel.br\/direito-negocial\/wp-json\/wp\/v2\/media\/1739"}],"wp:attachment":[{"href":"https:\/\/pos.uel.br\/direito-negocial\/wp-json\/wp\/v2\/media?parent=3108"}],"wp:term":[{"taxonomy":"category","embeddable":true,"href":"https:\/\/pos.uel.br\/direito-negocial\/wp-json\/wp\/v2\/categories?post=3108"},{"taxonomy":"post_tag","embeddable":true,"href":"https:\/\/pos.uel.br\/direito-negocial\/wp-json\/wp\/v2\/tags?post=3108"}],"curies":[{"name":"wp","href":"https:\/\/api.w.org\/{rel}","templated":true}]}}