{"id":3098,"date":"2025-05-09T17:23:00","date_gmt":"2025-05-09T20:23:00","guid":{"rendered":"https:\/\/pos.uel.br\/direito-negocial\/?p=3098"},"modified":"2025-09-03T17:31:17","modified_gmt":"2025-09-03T20:31:17","slug":"lancamento-do-livro-direito-de-familia-e-das-sucessoes-1-relacoes-existenciais","status":"publish","type":"post","link":"https:\/\/pos.uel.br\/direito-negocial\/noticias-ppgdn\/2025\/05\/09\/lancamento-do-livro-direito-de-familia-e-das-sucessoes-1-relacoes-existenciais\/","title":{"rendered":"Lan\u00e7amento do Livro &#8211; Direito de Fam\u00edlia e das Sucess\u00f5es 1: Rela\u00e7\u00f5es Existenciais"},"content":{"rendered":"\n<p>VII \u2013 An\u00e1lise Econ\u00f4mica do Direito, coordenado pelo Prof. Dr. Oksandro Osdival Gon\u00e7alves e pela Profa. Dra. Marcia Carla Pereira Ribeiro, vinculado ao Programa de P\u00f3s-Gradua\u00e7\u00e3o da Pontif\u00edcia Universidade Cat\u00f3lica do Paran\u00e1 (PUC\/PR);<\/p>\n\n\n\n<p>Estruturada em tr\u00eas volumes, a cole\u00e7\u00e3o reflete a diversidade e complexidade dessas quest\u00f5es, oferecendo um panorama atualizado e multidisciplinar.<\/p>\n\n\n\n<p>O volume 1 \u2013 Rela\u00e7\u00f5es Existenciais, tem como foco as dimens\u00f5es afetivas e identit\u00e1rias das rela\u00e7\u00f5es familiares. A fam\u00edlia \u00e9 um espa\u00e7o de afetos, mas tamb\u00e9m de desafios jur\u00eddicos. Com reflex\u00f5es profundas e atualizadas, esta obra \u00e9 essencial para compreender as transforma\u00e7\u00f5es das rela\u00e7\u00f5es familiares na contemporaneidade.<\/p>\n\n\n\n<p>Temas tratados neste volume: &#8211; abandono afetivo inverso &#8211; aliena\u00e7\u00e3o parental &#8211; benef\u00edcios previdenci\u00e1rios &#8211; dever de fidelidade &#8211; identidade gen\u00e9tica &#8211; guarda compartilhada &#8211; insemina\u00e7\u00e3o caseira &#8211; liberdade afetiva &#8211; media\u00e7\u00e3o familiar &#8211; uni\u00e3o est\u00e1vel<\/p>\n\n\n\n<figure class=\"wp-block-gallery has-nested-images columns-default is-cropped wp-block-gallery-1 is-layout-flex wp-block-gallery-is-layout-flex\">\n<figure class=\"wp-block-image size-large\"><a href=\"https:\/\/altabooks.com.br\/produto\/direito-de-familia-e-das-sucessoes-1\/\"><img loading=\"lazy\" decoding=\"async\" width=\"782\" height=\"1024\" data-id=\"1764\" src=\"https:\/\/pos.uel.br\/direito-negocial\/wp-content\/uploads\/2025\/05\/image-782x1024.png\" alt=\"\" class=\"wp-image-1764\" srcset=\"https:\/\/pos.uel.br\/direito-negocial\/wp-content\/uploads\/2025\/05\/image-782x1024.png 782w, https:\/\/pos.uel.br\/direito-negocial\/wp-content\/uploads\/2025\/05\/image-229x300.png 229w, https:\/\/pos.uel.br\/direito-negocial\/wp-content\/uploads\/2025\/05\/image-768x1006.png 768w, https:\/\/pos.uel.br\/direito-negocial\/wp-content\/uploads\/2025\/05\/image.png 886w\" sizes=\"auto, (max-width: 782px) 100vw, 782px\" \/><\/a><\/figure>\n\n\n\n<figure class=\"wp-block-image size-large\"><img loading=\"lazy\" decoding=\"async\" width=\"579\" height=\"1024\" data-id=\"1765\" src=\"https:\/\/pos.uel.br\/direito-negocial\/wp-content\/uploads\/2025\/05\/WhatsApp-Image-2025-05-08-at-11.00.27-579x1024.jpeg\" alt=\"\" class=\"wp-image-1765\" srcset=\"https:\/\/pos.uel.br\/direito-negocial\/wp-content\/uploads\/2025\/05\/WhatsApp-Image-2025-05-08-at-11.00.27-579x1024.jpeg 579w, https:\/\/pos.uel.br\/direito-negocial\/wp-content\/uploads\/2025\/05\/WhatsApp-Image-2025-05-08-at-11.00.27-170x300.jpeg 170w, https:\/\/pos.uel.br\/direito-negocial\/wp-content\/uploads\/2025\/05\/WhatsApp-Image-2025-05-08-at-11.00.27.jpeg 724w\" sizes=\"auto, (max-width: 579px) 100vw, 579px\" \/><\/figure>\n<\/figure>\n\n\n\n<p class=\"has-text-align-right\"><\/p>\n","protected":false},"excerpt":{"rendered":"<p>VII \u2013 An\u00e1lise Econ\u00f4mica do Direito, coordenado pelo Prof. Dr. Oksandro Osdival Gon\u00e7alves e pela Profa. Dra. Marcia Carla Pereira Ribeiro, vinculado ao Programa de P\u00f3s-Gradua\u00e7\u00e3o da Pontif\u00edcia Universidade Cat\u00f3lica do Paran\u00e1 (PUC\/PR); Estruturada em tr\u00eas volumes, a cole\u00e7\u00e3o reflete a diversidade e complexidade dessas quest\u00f5es, oferecendo um panorama atualizado e multidisciplinar. O volume 1 [&hellip;]<\/p>\n","protected":false},"author":27,"featured_media":0,"comment_status":"open","ping_status":"open","sticky":false,"template":"","format":"standard","meta":{"_acf_changed":false,"footnotes":""},"categories":[19,12],"tags":[],"class_list":["post-3098","post","type-post","status-publish","format-standard","hentry","category-lancamentos","category-noticias-ppgdn"],"acf":[],"_links":{"self":[{"href":"https:\/\/pos.uel.br\/direito-negocial\/wp-json\/wp\/v2\/posts\/3098","targetHints":{"allow":["GET"]}}],"collection":[{"href":"https:\/\/pos.uel.br\/direito-negocial\/wp-json\/wp\/v2\/posts"}],"about":[{"href":"https:\/\/pos.uel.br\/direito-negocial\/wp-json\/wp\/v2\/types\/post"}],"author":[{"embeddable":true,"href":"https:\/\/pos.uel.br\/direito-negocial\/wp-json\/wp\/v2\/users\/27"}],"replies":[{"embeddable":true,"href":"https:\/\/pos.uel.br\/direito-negocial\/wp-json\/wp\/v2\/comments?post=3098"}],"version-history":[{"count":1,"href":"https:\/\/pos.uel.br\/direito-negocial\/wp-json\/wp\/v2\/posts\/3098\/revisions"}],"predecessor-version":[{"id":3102,"href":"https:\/\/pos.uel.br\/direito-negocial\/wp-json\/wp\/v2\/posts\/3098\/revisions\/3102"}],"wp:attachment":[{"href":"https:\/\/pos.uel.br\/direito-negocial\/wp-json\/wp\/v2\/media?parent=3098"}],"wp:term":[{"taxonomy":"category","embeddable":true,"href":"https:\/\/pos.uel.br\/direito-negocial\/wp-json\/wp\/v2\/categories?post=3098"},{"taxonomy":"post_tag","embeddable":true,"href":"https:\/\/pos.uel.br\/direito-negocial\/wp-json\/wp\/v2\/tags?post=3098"}],"curies":[{"name":"wp","href":"https:\/\/api.w.org\/{rel}","templated":true}]}}