{"id":3096,"date":"2025-05-12T17:14:00","date_gmt":"2025-05-12T20:14:00","guid":{"rendered":"https:\/\/pos.uel.br\/direito-negocial\/?p=3096"},"modified":"2025-09-03T17:15:44","modified_gmt":"2025-09-03T20:15:44","slug":"lancamento-da-nova-edicao-da-revista-do-direito-publico-v-20-n-1-2025","status":"publish","type":"post","link":"https:\/\/pos.uel.br\/direito-negocial\/noticias-ppgdn\/2025\/05\/12\/lancamento-da-nova-edicao-da-revista-do-direito-publico-v-20-n-1-2025\/","title":{"rendered":"Lan\u00e7amento da nova edi\u00e7\u00e3o da Revista do Direito P\u00fablico \u2013 v. 20, n. 1 (2025)"},"content":{"rendered":"\n<div class=\"wp-block-media-text has-media-on-the-right is-stacked-on-mobile\" style=\"grid-template-columns:auto 22%\"><div class=\"wp-block-media-text__content\">\n<p>O Programa de Mestrado e Doutorado em Direito Negocial da UEL tem a satisfa\u00e7\u00e3o de anunciar o lan\u00e7amento de sua mais recente edi\u00e7\u00e3o da Revista do Direito P\u00fablico, v. 20, n. 1 (2025), publicada em 30 de abril de 2025.<\/p>\n\n\n\n<p>Nesta edi\u00e7\u00e3o, o peri\u00f3dico traz uma sele\u00e7\u00e3o de artigos que abordam temas atuais e relevantes para o campo jur\u00eddico, contribuindo com reflex\u00f5es cr\u00edticas e aprofundadas no \u00e2mbito do Direito P\u00fablico.<\/p>\n\n\n\n<p>Destacamos especialmente o artigo &#8220;An\u00e1lise da rela\u00e7\u00e3o jur\u00eddica entre trabalhadores de aplicativos e as empresas, \u00e0 luz dos paradigmas dos neg\u00f3cios jur\u00eddicos&#8221;, de autoria dos egressos do Programa de Mestrado em Direito Negocial Nath\u00e1lia Douradinho Lopes e Fujie Kawasaki, em parceria com o professor do programa Elve Miguel Cenci. O trabalho analisa os v\u00ednculos jur\u00eddicos estabelecidos na chamada &#8220;economia de plataformas&#8221;, sob a perspectiva da teoria dos neg\u00f3cios jur\u00eddicos, oferecendo uma leitura contempor\u00e2nea e inovadora sobre as rela\u00e7\u00f5es laborais mediadas por aplicativos.<\/p>\n\n\n\n<p>A nova edi\u00e7\u00e3o j\u00e1 est\u00e1 dispon\u00edvel para acesso e leitura online no portal da revista.<\/p>\n\n\n\n<p><a href=\"https:\/\/ojs.uel.br\/revistas\/uel\/index.php\/direitopub\/issue\/view\/2002\">Acesse a edi\u00e7\u00e3o completa<\/a><\/p>\n<\/div><figure class=\"wp-block-media-text__media\"><img loading=\"lazy\" decoding=\"async\" width=\"296\" height=\"529\" src=\"https:\/\/pos.uel.br\/direito-negocial\/wp-content\/uploads\/2025\/05\/WhatsApp-Image-2025-05-12-at-09.08.02.jpeg\" alt=\"\" class=\"wp-image-1768 size-full\" srcset=\"https:\/\/pos.uel.br\/direito-negocial\/wp-content\/uploads\/2025\/05\/WhatsApp-Image-2025-05-12-at-09.08.02.jpeg 296w, https:\/\/pos.uel.br\/direito-negocial\/wp-content\/uploads\/2025\/05\/WhatsApp-Image-2025-05-12-at-09.08.02-168x300.jpeg 168w\" sizes=\"auto, (max-width: 296px) 100vw, 296px\" \/><\/figure><\/div>\n\n\n\n<p><\/p>\n","protected":false},"excerpt":{"rendered":"<p>O Programa de Mestrado e Doutorado em Direito Negocial da UEL tem a satisfa\u00e7\u00e3o de anunciar o lan\u00e7amento de sua mais recente edi\u00e7\u00e3o da Revista do Direito P\u00fablico, v. 20, n. 1 (2025), publicada em 30 de abril de 2025. Nesta edi\u00e7\u00e3o, o peri\u00f3dico traz uma sele\u00e7\u00e3o de artigos que abordam temas atuais e relevantes [&hellip;]<\/p>\n","protected":false},"author":27,"featured_media":1768,"comment_status":"open","ping_status":"open","sticky":false,"template":"","format":"standard","meta":{"_acf_changed":false,"footnotes":""},"categories":[19,12],"tags":[],"class_list":["post-3096","post","type-post","status-publish","format-standard","has-post-thumbnail","hentry","category-lancamentos","category-noticias-ppgdn"],"acf":[],"_links":{"self":[{"href":"https:\/\/pos.uel.br\/direito-negocial\/wp-json\/wp\/v2\/posts\/3096","targetHints":{"allow":["GET"]}}],"collection":[{"href":"https:\/\/pos.uel.br\/direito-negocial\/wp-json\/wp\/v2\/posts"}],"about":[{"href":"https:\/\/pos.uel.br\/direito-negocial\/wp-json\/wp\/v2\/types\/post"}],"author":[{"embeddable":true,"href":"https:\/\/pos.uel.br\/direito-negocial\/wp-json\/wp\/v2\/users\/27"}],"replies":[{"embeddable":true,"href":"https:\/\/pos.uel.br\/direito-negocial\/wp-json\/wp\/v2\/comments?post=3096"}],"version-history":[{"count":1,"href":"https:\/\/pos.uel.br\/direito-negocial\/wp-json\/wp\/v2\/posts\/3096\/revisions"}],"predecessor-version":[{"id":3097,"href":"https:\/\/pos.uel.br\/direito-negocial\/wp-json\/wp\/v2\/posts\/3096\/revisions\/3097"}],"wp:featuredmedia":[{"embeddable":true,"href":"https:\/\/pos.uel.br\/direito-negocial\/wp-json\/wp\/v2\/media\/1768"}],"wp:attachment":[{"href":"https:\/\/pos.uel.br\/direito-negocial\/wp-json\/wp\/v2\/media?parent=3096"}],"wp:term":[{"taxonomy":"category","embeddable":true,"href":"https:\/\/pos.uel.br\/direito-negocial\/wp-json\/wp\/v2\/categories?post=3096"},{"taxonomy":"post_tag","embeddable":true,"href":"https:\/\/pos.uel.br\/direito-negocial\/wp-json\/wp\/v2\/tags?post=3096"}],"curies":[{"name":"wp","href":"https:\/\/api.w.org\/{rel}","templated":true}]}}