{"id":3093,"date":"2025-05-12T17:06:00","date_gmt":"2025-05-12T20:06:00","guid":{"rendered":"https:\/\/pos.uel.br\/direito-negocial\/?p=3093"},"modified":"2025-09-03T17:11:09","modified_gmt":"2025-09-03T20:11:09","slug":"equipe-de-arbitragem-da-uel-conquista-vitoria-na-etapa-sul-da-vii-competicao-camagro","status":"publish","type":"post","link":"https:\/\/pos.uel.br\/direito-negocial\/noticias-ppgdn\/2025\/05\/12\/equipe-de-arbitragem-da-uel-conquista-vitoria-na-etapa-sul-da-vii-competicao-camagro\/","title":{"rendered":"Equipe de Arbitragem da UEL conquista vit\u00f3ria na etapa Sul da VII Competi\u00e7\u00e3o CAMAGRO"},"content":{"rendered":"\n<figure class=\"wp-block-image\"><img decoding=\"async\" src=\"https:\/\/pos.uel.br\/direito-negocial\/wp-content\/uploads\/2025\/05\/WhatsApp-Image-2025-05-12-at-09.43.47-838x1024.jpeg\" alt=\"\" \/><\/figure>\n\n\n\n<p id=\"block-8ad9996c-aa41-4dc5-9fb1-083f77c6060c\">A equipe de arbitragem da Universidade Estadual de Londrina (UEL) alcan\u00e7ou uma importante vit\u00f3ria na etapa regional Sul da VII Competi\u00e7\u00e3o CAMAGRO, consolidando-se como destaque na prepara\u00e7\u00e3o para a fase nacional do torneio. O grupo \u00e9 coordenado pela vice-coordenadora do Programa de P\u00f3s-Gradua\u00e7\u00e3o Stricto Sensu em Direito Negocial da UEL, que tem liderado a equipe com excel\u00eancia.<\/p>\n\n\n\n<p id=\"block-f83e902c-25eb-4fbf-b117-1895b824f8a6\">Em continuidade ao trabalho de aperfei\u00e7oamento, a equipe convida a comunidade acad\u00eamica e o p\u00fablico interessado a participar do simulado de arbitragem que ser\u00e1 realizado no pr\u00f3ximo dia 13 de maio, \u00e0s 19h, no Anfiteatro do CESA. A atividade ser\u00e1 uma oportunidade de vivenciar a din\u00e2mica da competi\u00e7\u00e3o e conhecer de perto a atua\u00e7\u00e3o dos estudantes.<\/p>\n","protected":false},"excerpt":{"rendered":"<p>A equipe de arbitragem da Universidade Estadual de Londrina (UEL) alcan\u00e7ou uma importante vit\u00f3ria na etapa regional Sul da VII Competi\u00e7\u00e3o CAMAGRO, consolidando-se como destaque na prepara\u00e7\u00e3o para a fase nacional do torneio. O grupo \u00e9 coordenado pela vice-coordenadora do Programa de P\u00f3s-Gradua\u00e7\u00e3o Stricto Sensu em Direito Negocial da UEL, que tem liderado a equipe [&hellip;]<\/p>\n","protected":false},"author":27,"featured_media":1774,"comment_status":"open","ping_status":"open","sticky":false,"template":"","format":"standard","meta":{"_acf_changed":false,"footnotes":""},"categories":[30,12],"tags":[],"class_list":["post-3093","post","type-post","status-publish","format-standard","has-post-thumbnail","hentry","category-eventos","category-noticias-ppgdn"],"acf":[],"_links":{"self":[{"href":"https:\/\/pos.uel.br\/direito-negocial\/wp-json\/wp\/v2\/posts\/3093","targetHints":{"allow":["GET"]}}],"collection":[{"href":"https:\/\/pos.uel.br\/direito-negocial\/wp-json\/wp\/v2\/posts"}],"about":[{"href":"https:\/\/pos.uel.br\/direito-negocial\/wp-json\/wp\/v2\/types\/post"}],"author":[{"embeddable":true,"href":"https:\/\/pos.uel.br\/direito-negocial\/wp-json\/wp\/v2\/users\/27"}],"replies":[{"embeddable":true,"href":"https:\/\/pos.uel.br\/direito-negocial\/wp-json\/wp\/v2\/comments?post=3093"}],"version-history":[{"count":1,"href":"https:\/\/pos.uel.br\/direito-negocial\/wp-json\/wp\/v2\/posts\/3093\/revisions"}],"predecessor-version":[{"id":3095,"href":"https:\/\/pos.uel.br\/direito-negocial\/wp-json\/wp\/v2\/posts\/3093\/revisions\/3095"}],"wp:featuredmedia":[{"embeddable":true,"href":"https:\/\/pos.uel.br\/direito-negocial\/wp-json\/wp\/v2\/media\/1774"}],"wp:attachment":[{"href":"https:\/\/pos.uel.br\/direito-negocial\/wp-json\/wp\/v2\/media?parent=3093"}],"wp:term":[{"taxonomy":"category","embeddable":true,"href":"https:\/\/pos.uel.br\/direito-negocial\/wp-json\/wp\/v2\/categories?post=3093"},{"taxonomy":"post_tag","embeddable":true,"href":"https:\/\/pos.uel.br\/direito-negocial\/wp-json\/wp\/v2\/tags?post=3093"}],"curies":[{"name":"wp","href":"https:\/\/api.w.org\/{rel}","templated":true}]}}