{"id":3053,"date":"2025-05-10T22:55:00","date_gmt":"2025-05-11T01:55:00","guid":{"rendered":"https:\/\/pos.uel.br\/direito-negocial\/?p=3053"},"modified":"2025-09-01T22:58:18","modified_gmt":"2025-09-02T01:58:18","slug":"alunos-e-egressos-do-ppgdn-uel-participam-da-60a-semana-juridica-do-curso-de-direito-da-uel","status":"publish","type":"post","link":"https:\/\/pos.uel.br\/direito-negocial\/noticias-ppgdn\/2025\/05\/10\/alunos-e-egressos-do-ppgdn-uel-participam-da-60a-semana-juridica-do-curso-de-direito-da-uel\/","title":{"rendered":"Alunos e egressos do PPGDN-UEL participam da 60\u00aa Semana Jur\u00eddica do Curso de Direito da UEL"},"content":{"rendered":"\n<p>Na \u00faltima semana, entre os dias 05 e 09 de maio, foi realizada de forma inteiramente virtual, sob a organiza\u00e7\u00e3o da Professora e Chefe do Colegiado, Profa. Dra. Juliana Kiyosen Nakayama, contando com a participa\u00e7\u00e3o dos alunos da gradua\u00e7\u00e3o do Curso de Direito, a 60\u00aa Semana Jur\u00eddica Da UEL, com intuito de divulgar a hist\u00f3ria de Semana Jur\u00eddica e do CASM &#8211; Centro Acad\u00eamico Sete de Mar\u00e7o do Curso de Direito da UEL, al\u00e9m de promover discuss\u00f5es sobre temas jur\u00eddicos diversos em linguagem simples.<\/p>\n\n\n\n<p>A participa\u00e7\u00e3o do Programa de P\u00f3s Gradua\u00e7\u00e3o em Direito Negocial da UEL ocorreu em 3 pain\u00e9is realizados no decorrer do evento. No dia 06 de maio, no painel de Direito Digital, participaram os mestrandos Maria Eduarda Gobbo Andrades, Lais Alves de Oliveira, Matheus Filipe de Queiroz e os doutorandos Izabella Affonso Costa e Andr\u00e9 Pedroso Kasemirski. No painel de Direito de Fam\u00edlia, realizado dia 07 de maio, estiveram presentes os Doutorandos Isabela Nabas Schiavon e Jos\u00e9 Ricardo Suter e a egressa C\u00e1ssia Pimenta Meneguce. No painel de Direito Ambiental, realizado em 08 de maio, estiveram presentes os Doutorandos Bruna Faria, Eduardo Bueno e as egressas M\u00e1rcia Hiromi Cavalcanti e Viviana Samara Yoko Matsui.<\/p>\n\n\n\n<figure class=\"wp-block-gallery has-nested-images columns-default is-cropped wp-block-gallery-1 is-layout-flex wp-block-gallery-is-layout-flex\">\n<figure class=\"wp-block-image size-full\"><img loading=\"lazy\" decoding=\"async\" width=\"1347\" height=\"497\" data-id=\"1798\" src=\"https:\/\/pos.uel.br\/direito-negocial\/wp-content\/uploads\/2025\/05\/06.05.jpeg\" alt=\"\" class=\"wp-image-1798\" srcset=\"https:\/\/pos.uel.br\/direito-negocial\/wp-content\/uploads\/2025\/05\/06.05.jpeg 1347w, https:\/\/pos.uel.br\/direito-negocial\/wp-content\/uploads\/2025\/05\/06.05-300x111.jpeg 300w, https:\/\/pos.uel.br\/direito-negocial\/wp-content\/uploads\/2025\/05\/06.05-1024x378.jpeg 1024w, https:\/\/pos.uel.br\/direito-negocial\/wp-content\/uploads\/2025\/05\/06.05-768x283.jpeg 768w\" sizes=\"auto, (max-width: 1347px) 100vw, 1347px\" \/><\/figure>\n\n\n\n<figure class=\"wp-block-image size-full\"><img loading=\"lazy\" decoding=\"async\" width=\"1600\" height=\"640\" data-id=\"1800\" src=\"https:\/\/pos.uel.br\/direito-negocial\/wp-content\/uploads\/2025\/05\/07.05.jpeg\" alt=\"\" class=\"wp-image-1800\" srcset=\"https:\/\/pos.uel.br\/direito-negocial\/wp-content\/uploads\/2025\/05\/07.05.jpeg 1600w, https:\/\/pos.uel.br\/direito-negocial\/wp-content\/uploads\/2025\/05\/07.05-300x120.jpeg 300w, https:\/\/pos.uel.br\/direito-negocial\/wp-content\/uploads\/2025\/05\/07.05-1024x410.jpeg 1024w, https:\/\/pos.uel.br\/direito-negocial\/wp-content\/uploads\/2025\/05\/07.05-768x307.jpeg 768w, https:\/\/pos.uel.br\/direito-negocial\/wp-content\/uploads\/2025\/05\/07.05-1536x614.jpeg 1536w\" sizes=\"auto, (max-width: 1600px) 100vw, 1600px\" \/><\/figure>\n\n\n\n<figure class=\"wp-block-image size-large\"><img loading=\"lazy\" decoding=\"async\" width=\"964\" height=\"609\" data-id=\"1801\" src=\"https:\/\/pos.uel.br\/direito-negocial\/wp-content\/uploads\/2025\/05\/08.05.jpeg\" alt=\"\" class=\"wp-image-1801\" srcset=\"https:\/\/pos.uel.br\/direito-negocial\/wp-content\/uploads\/2025\/05\/08.05.jpeg 964w, https:\/\/pos.uel.br\/direito-negocial\/wp-content\/uploads\/2025\/05\/08.05-300x190.jpeg 300w, https:\/\/pos.uel.br\/direito-negocial\/wp-content\/uploads\/2025\/05\/08.05-768x485.jpeg 768w\" sizes=\"auto, (max-width: 964px) 100vw, 964px\" \/><\/figure>\n\n\n\n<figure class=\"wp-block-image size-full\"><img loading=\"lazy\" decoding=\"async\" width=\"1600\" height=\"659\" data-id=\"1802\" src=\"https:\/\/pos.uel.br\/direito-negocial\/wp-content\/uploads\/2025\/05\/Imagem-1.jpeg\" alt=\"\" class=\"wp-image-1802\" srcset=\"https:\/\/pos.uel.br\/direito-negocial\/wp-content\/uploads\/2025\/05\/Imagem-1.jpeg 1600w, https:\/\/pos.uel.br\/direito-negocial\/wp-content\/uploads\/2025\/05\/Imagem-1-300x124.jpeg 300w, https:\/\/pos.uel.br\/direito-negocial\/wp-content\/uploads\/2025\/05\/Imagem-1-1024x422.jpeg 1024w, https:\/\/pos.uel.br\/direito-negocial\/wp-content\/uploads\/2025\/05\/Imagem-1-768x316.jpeg 768w, https:\/\/pos.uel.br\/direito-negocial\/wp-content\/uploads\/2025\/05\/Imagem-1-1536x633.jpeg 1536w\" sizes=\"auto, (max-width: 1600px) 100vw, 1600px\" \/><\/figure>\n\n\n\n<figure class=\"wp-block-image size-full\"><img loading=\"lazy\" decoding=\"async\" width=\"801\" height=\"491\" data-id=\"1803\" src=\"https:\/\/pos.uel.br\/direito-negocial\/wp-content\/uploads\/2025\/05\/Imagem-2-1.jpg\" alt=\"\" class=\"wp-image-1803\" srcset=\"https:\/\/pos.uel.br\/direito-negocial\/wp-content\/uploads\/2025\/05\/Imagem-2-1.jpg 801w, https:\/\/pos.uel.br\/direito-negocial\/wp-content\/uploads\/2025\/05\/Imagem-2-1-300x184.jpg 300w, https:\/\/pos.uel.br\/direito-negocial\/wp-content\/uploads\/2025\/05\/Imagem-2-1-768x471.jpg 768w\" sizes=\"auto, (max-width: 801px) 100vw, 801px\" \/><\/figure>\n<\/figure>\n","protected":false},"excerpt":{"rendered":"<p>Na \u00faltima semana, entre os dias 05 e 09 de maio, foi realizada de forma inteiramente virtual, sob a organiza\u00e7\u00e3o da Professora e Chefe do Colegiado, Profa. Dra. Juliana Kiyosen Nakayama, contando com a participa\u00e7\u00e3o dos alunos da gradua\u00e7\u00e3o do Curso de Direito, a 60\u00aa Semana Jur\u00eddica Da UEL, com intuito de divulgar a hist\u00f3ria [&hellip;]<\/p>\n","protected":false},"author":16,"featured_media":1808,"comment_status":"open","ping_status":"open","sticky":false,"template":"","format":"standard","meta":{"_acf_changed":false,"footnotes":""},"categories":[28,30,12],"tags":[],"class_list":["post-3053","post","type-post","status-publish","format-standard","has-post-thumbnail","hentry","category-destaque-discente","category-eventos","category-noticias-ppgdn"],"acf":[],"_links":{"self":[{"href":"https:\/\/pos.uel.br\/direito-negocial\/wp-json\/wp\/v2\/posts\/3053","targetHints":{"allow":["GET"]}}],"collection":[{"href":"https:\/\/pos.uel.br\/direito-negocial\/wp-json\/wp\/v2\/posts"}],"about":[{"href":"https:\/\/pos.uel.br\/direito-negocial\/wp-json\/wp\/v2\/types\/post"}],"author":[{"embeddable":true,"href":"https:\/\/pos.uel.br\/direito-negocial\/wp-json\/wp\/v2\/users\/16"}],"replies":[{"embeddable":true,"href":"https:\/\/pos.uel.br\/direito-negocial\/wp-json\/wp\/v2\/comments?post=3053"}],"version-history":[{"count":1,"href":"https:\/\/pos.uel.br\/direito-negocial\/wp-json\/wp\/v2\/posts\/3053\/revisions"}],"predecessor-version":[{"id":3054,"href":"https:\/\/pos.uel.br\/direito-negocial\/wp-json\/wp\/v2\/posts\/3053\/revisions\/3054"}],"wp:featuredmedia":[{"embeddable":true,"href":"https:\/\/pos.uel.br\/direito-negocial\/wp-json\/wp\/v2\/media\/1808"}],"wp:attachment":[{"href":"https:\/\/pos.uel.br\/direito-negocial\/wp-json\/wp\/v2\/media?parent=3053"}],"wp:term":[{"taxonomy":"category","embeddable":true,"href":"https:\/\/pos.uel.br\/direito-negocial\/wp-json\/wp\/v2\/categories?post=3053"},{"taxonomy":"post_tag","embeddable":true,"href":"https:\/\/pos.uel.br\/direito-negocial\/wp-json\/wp\/v2\/tags?post=3053"}],"curies":[{"name":"wp","href":"https:\/\/api.w.org\/{rel}","templated":true}]}}