{"id":3048,"date":"2025-05-15T22:42:00","date_gmt":"2025-05-16T01:42:00","guid":{"rendered":"https:\/\/pos.uel.br\/direito-negocial\/?p=3048"},"modified":"2025-09-01T22:45:03","modified_gmt":"2025-09-02T01:45:03","slug":"lancamento-do-livro-direito-de-familia-e-das-sucessoes-2-relacoes-patrimoniais","status":"publish","type":"post","link":"https:\/\/pos.uel.br\/direito-negocial\/noticias-ppgdn\/2025\/05\/15\/lancamento-do-livro-direito-de-familia-e-das-sucessoes-2-relacoes-patrimoniais\/","title":{"rendered":"Lan\u00e7amento do Livro \u2013 Direito de Fam\u00edlia e das Sucess\u00f5es 2: Rela\u00e7\u00f5es Patrimoniais"},"content":{"rendered":"\n<p><strong>Coordenadores: <\/strong>Daniela Paiano, Rita Espolador, Luciana F. Nahs, Mar\u00edlia P. Xavier e Oksandro O. Gon\u00e7alves <strong>Organizadores:<\/strong> Guilherme Augusto Girotto, Isabela Nabas Schiavon e Germano M. Codognotto da Cunha<\/p>\n\n\n\n<p>A cole\u00e7\u00e3o Direito de Fam\u00edlia e das Sucess\u00f5es \u00e9 fruto do trabalho desenvolvido por uma rede de pesquisa acad\u00eamica consolidada, a ReFam \u2013 Rede de Pesquisa em Direito de Fam\u00edlia e Sucess\u00f5es, publicada pela Editora Almedina e Alta Books. Composta por sete grupos de pesquisa vinculados a renomados programas de P\u00f3s-gradua\u00e7\u00e3o&nbsp;<em>stricto sensu<\/em>, a ReFam promove estudos aprofundados e discuss\u00f5es sobre os desafios contempor\u00e2neos do Direito de Fam\u00edlia e Sucess\u00f5es.<\/p>\n\n\n\n<p>A Rede de Pesquisa em Direito de Fam\u00edlia e Sucess\u00f5es (ReFam) \u00e9 composta pelos seguintes grupos de pesquisas da UFSC, UNISUL\/SC, FMP\/RS, UFRGS, UEL, UFPR e PUC\/PR. Estruturada em tr\u00eas volumes, a cole\u00e7\u00e3o reflete a diversidade e complexidade dessas quest\u00f5es, oferecendo um panorama atualizado e multidisciplinar.<\/p>\n\n\n\n<p>O volume 2 \u2013 Rela\u00e7\u00f5es Patrimoniais, aprofunda a an\u00e1lise das implica\u00e7\u00f5es financeiras e sucess\u00f3rias no Direito de Fam\u00edlia e Sucess\u00f5es. As rela\u00e7\u00f5es patrimoniais envolvem quest\u00f5es sens\u00edveis e estrat\u00e9gicas, como planejamento sucess\u00f3rio, regimes de bens, heran\u00e7a digital e arbitragem familiar. Este volume re\u00fane especialistas que apresentam um panorama atualizado e reflexivo sobre os desafios da patrimonialidade nas rela\u00e7\u00f5es familiares. Temas tratados neste volume: arbitragem familiar; companheiro como herdeiro necess\u00e1rio; contratualiza\u00e7\u00e3o dos alimentos; holding familiar; intelig\u00eancia artificial; regime de bens; planejamento sucess\u00f3rio; reprodu\u00e7\u00e3o post mortem e testamento particular.<\/p>\n\n\n\n<figure class=\"wp-block-gallery has-nested-images columns-default is-cropped wp-block-gallery-1 is-layout-flex wp-block-gallery-is-layout-flex\">\n<figure class=\"wp-block-image size-large\"><img loading=\"lazy\" decoding=\"async\" width=\"782\" height=\"1024\" data-id=\"1819\" src=\"https:\/\/pos.uel.br\/direito-negocial\/wp-content\/uploads\/2025\/05\/foto-1-782x1024.jpg\" alt=\"\" class=\"wp-image-1819\" srcset=\"https:\/\/pos.uel.br\/direito-negocial\/wp-content\/uploads\/2025\/05\/foto-1-782x1024.jpg 782w, https:\/\/pos.uel.br\/direito-negocial\/wp-content\/uploads\/2025\/05\/foto-1-229x300.jpg 229w, https:\/\/pos.uel.br\/direito-negocial\/wp-content\/uploads\/2025\/05\/foto-1-768x1006.jpg 768w, https:\/\/pos.uel.br\/direito-negocial\/wp-content\/uploads\/2025\/05\/foto-1.jpg 1145w\" sizes=\"auto, (max-width: 782px) 100vw, 782px\" \/><\/figure>\n\n\n\n<figure class=\"wp-block-image size-large\"><img loading=\"lazy\" decoding=\"async\" width=\"706\" height=\"1024\" data-id=\"1818\" src=\"https:\/\/pos.uel.br\/direito-negocial\/wp-content\/uploads\/2025\/05\/foto-2-706x1024.jpg\" alt=\"\" class=\"wp-image-1818\" srcset=\"https:\/\/pos.uel.br\/direito-negocial\/wp-content\/uploads\/2025\/05\/foto-2-706x1024.jpg 706w, https:\/\/pos.uel.br\/direito-negocial\/wp-content\/uploads\/2025\/05\/foto-2-207x300.jpg 207w, https:\/\/pos.uel.br\/direito-negocial\/wp-content\/uploads\/2025\/05\/foto-2-768x1114.jpg 768w, https:\/\/pos.uel.br\/direito-negocial\/wp-content\/uploads\/2025\/05\/foto-2.jpg 1034w\" sizes=\"auto, (max-width: 706px) 100vw, 706px\" \/><\/figure>\n<\/figure>\n","protected":false},"excerpt":{"rendered":"<p>Coordenadores: Daniela Paiano, Rita Espolador, Luciana F. Nahs, Mar\u00edlia P. Xavier e Oksandro O. Gon\u00e7alves Organizadores: Guilherme Augusto Girotto, Isabela Nabas Schiavon e Germano M. Codognotto da Cunha A cole\u00e7\u00e3o Direito de Fam\u00edlia e das Sucess\u00f5es \u00e9 fruto do trabalho desenvolvido por uma rede de pesquisa acad\u00eamica consolidada, a ReFam \u2013 Rede de Pesquisa em [&hellip;]<\/p>\n","protected":false},"author":16,"featured_media":1819,"comment_status":"open","ping_status":"open","sticky":false,"template":"","format":"standard","meta":{"_acf_changed":false,"footnotes":""},"categories":[19,12],"tags":[],"class_list":["post-3048","post","type-post","status-publish","format-standard","has-post-thumbnail","hentry","category-lancamentos","category-noticias-ppgdn"],"acf":[],"_links":{"self":[{"href":"https:\/\/pos.uel.br\/direito-negocial\/wp-json\/wp\/v2\/posts\/3048","targetHints":{"allow":["GET"]}}],"collection":[{"href":"https:\/\/pos.uel.br\/direito-negocial\/wp-json\/wp\/v2\/posts"}],"about":[{"href":"https:\/\/pos.uel.br\/direito-negocial\/wp-json\/wp\/v2\/types\/post"}],"author":[{"embeddable":true,"href":"https:\/\/pos.uel.br\/direito-negocial\/wp-json\/wp\/v2\/users\/16"}],"replies":[{"embeddable":true,"href":"https:\/\/pos.uel.br\/direito-negocial\/wp-json\/wp\/v2\/comments?post=3048"}],"version-history":[{"count":1,"href":"https:\/\/pos.uel.br\/direito-negocial\/wp-json\/wp\/v2\/posts\/3048\/revisions"}],"predecessor-version":[{"id":3050,"href":"https:\/\/pos.uel.br\/direito-negocial\/wp-json\/wp\/v2\/posts\/3048\/revisions\/3050"}],"wp:featuredmedia":[{"embeddable":true,"href":"https:\/\/pos.uel.br\/direito-negocial\/wp-json\/wp\/v2\/media\/1819"}],"wp:attachment":[{"href":"https:\/\/pos.uel.br\/direito-negocial\/wp-json\/wp\/v2\/media?parent=3048"}],"wp:term":[{"taxonomy":"category","embeddable":true,"href":"https:\/\/pos.uel.br\/direito-negocial\/wp-json\/wp\/v2\/categories?post=3048"},{"taxonomy":"post_tag","embeddable":true,"href":"https:\/\/pos.uel.br\/direito-negocial\/wp-json\/wp\/v2\/tags?post=3048"}],"curies":[{"name":"wp","href":"https:\/\/api.w.org\/{rel}","templated":true}]}}