{"id":3046,"date":"2025-05-16T22:34:10","date_gmt":"2025-05-17T01:34:10","guid":{"rendered":"https:\/\/pos.uel.br\/direito-negocial\/?p=3046"},"modified":"2025-09-01T22:42:48","modified_gmt":"2025-09-02T01:42:48","slug":"pesquisadora-do-ppgdn-analisa-desafios-do-desenvolvimento-e-discurso-juridico-na-organizacao-mundial-do-comercio-em-defesa-de-doutorado","status":"publish","type":"post","link":"https:\/\/pos.uel.br\/direito-negocial\/noticias-ppgdn\/2025\/05\/16\/pesquisadora-do-ppgdn-analisa-desafios-do-desenvolvimento-e-discurso-juridico-na-organizacao-mundial-do-comercio-em-defesa-de-doutorado\/","title":{"rendered":"Pesquisadora do PPGDN analisa desafios do desenvolvimento e discurso jur\u00eddico na Organiza\u00e7\u00e3o Mundial do Com\u00e9rcio em defesa de doutorado"},"content":{"rendered":"\n<p>No dia 16 de maio, Joice Duarte Gon\u00e7alves Bergamaschi defendeu sua tese de doutorado intitulada &#8220;A Quest\u00e3o Agr\u00edcola, o Discurso de Consenso e a Perspectiva de Desenvolvimento na Organiza\u00e7\u00e3o Mundial do Com\u00e9rcio&#8221;, no Programa de P\u00f3s-Gradua\u00e7\u00e3o em Direito da Universidade Estadual de Londrina (UEL). A pesquisa marca a continuidade de sua investiga\u00e7\u00e3o desenvolvida no mestrado, aprofundando-se em uma abordagem filos\u00f3fica e habermasiana.<\/p>\n\n\n\n<p>A banca examinadora foi composta por:\nPresidente e Coorientador: Prof. Dr. Elve Miguel Cenci (Universidade Estadual de Londrina)\nOrientadora: Prof\u00aa Dr\u00aa T\u00e2nia Lobo Muniz (Universidade Estadual de Londrina)\nMembro Interno: Prof\u00aa Dr\u00aa Patr\u00edcia Ayub da Costa (Universidade Estadual de Londrina)\nMembro Convidado: Prof. Dr. Wagner Luiz Menezes Lino (Universidade de S\u00e3o Paulo)\nMembro Convidado: Prof\u00aa Dr\u00aa Maria de F\u00e1tima Ribeiro (Universidade de Mar\u00edlia)\nMembro Convidado: Prof. Dr. Rud\u00e1 Ryuiti Furukita Baptista (Universidade Federal de Santa Catarina)<\/p>\n\n\n\n<p>A tese foi estruturada em cinco cap\u00edtulos. No primeiro, a autora analisa o conceito de desenvolvimento a partir de sua evolu\u00e7\u00e3o hist\u00f3rica, superando uma perspectiva meramente econ\u00f4mica para incorporar uma vis\u00e3o social, com destaque para a tens\u00e3o entre igualdade jur\u00eddica dos Estados e suas assimetrias materiais. O segundo cap\u00edtulo explora os neg\u00f3cios jur\u00eddicos na lex mercatoria, a flexibiliza\u00e7\u00e3o de direitos sociais diante das press\u00f5es econ\u00f4micas e os conceitos de agir estrat\u00e9gico e agir comunicativo em J\u00fcrgen Habermas, destacando a import\u00e2ncia da linguagem e da democracia no cen\u00e1rio internacional.<\/p>\n\n\n\n<p>O terceiro cap\u00edtulo aborda o desenvolvimento econ\u00f4mico e social no contexto da OMC, bem como a partilha dos benef\u00edcios do com\u00e9rcio entre seus membros. A autora analisa o surgimento da organiza\u00e7\u00e3o, seu sistema de solu\u00e7\u00e3o de controv\u00e9rsias e os instrumentos voltados ao desenvolvimento. No quarto cap\u00edtulo, o foco recai sobre a Rodada de Doha e os debates sobre a quest\u00e3o agr\u00edcola, especialmente no que tange aos subs\u00eddios e \u00e0 seguran\u00e7a alimentar nacional, com destaque para o Acordo de Blair House. A autora aponta os avan\u00e7os alcan\u00e7ados por pa\u00edses em desenvolvimento, mas tamb\u00e9m os desafios persistentes, como a paralisa\u00e7\u00e3o do sistema de solu\u00e7\u00e3o de controv\u00e9rsias desde 2019.<\/p>\n\n\n\n<p>Por fim, o quinto cap\u00edtulo examina os discursos dos pa\u00edses desenvolvidos e em desenvolvimento sobre a regula\u00e7\u00e3o da agricultura, sob a perspectiva do agir comunicativo de Habermas, identificando os limites do consenso e a persist\u00eancia de estrat\u00e9gias que refletem interesses estatais particularistas.<\/p>\n\n\n\n<p>A banca destacou a originalidade, profundidade te\u00f3rica e rigor anal\u00edtico da pesquisa, aprovando a Joice.<\/p>\n\n\n<div class=\"wp-block-image\">\n<figure class=\"aligncenter size-full\"><img loading=\"lazy\" decoding=\"async\" width=\"1600\" height=\"648\" src=\"https:\/\/pos.uel.br\/direito-negocial\/wp-content\/uploads\/2025\/05\/WhatsApp-Image-2025-05-16-at-12.56.44.jpeg\" alt=\"\" class=\"wp-image-1829\" srcset=\"https:\/\/pos.uel.br\/direito-negocial\/wp-content\/uploads\/2025\/05\/WhatsApp-Image-2025-05-16-at-12.56.44.jpeg 1600w, https:\/\/pos.uel.br\/direito-negocial\/wp-content\/uploads\/2025\/05\/WhatsApp-Image-2025-05-16-at-12.56.44-300x122.jpeg 300w, https:\/\/pos.uel.br\/direito-negocial\/wp-content\/uploads\/2025\/05\/WhatsApp-Image-2025-05-16-at-12.56.44-1024x415.jpeg 1024w, https:\/\/pos.uel.br\/direito-negocial\/wp-content\/uploads\/2025\/05\/WhatsApp-Image-2025-05-16-at-12.56.44-768x311.jpeg 768w, https:\/\/pos.uel.br\/direito-negocial\/wp-content\/uploads\/2025\/05\/WhatsApp-Image-2025-05-16-at-12.56.44-1536x622.jpeg 1536w\" sizes=\"auto, (max-width: 1600px) 100vw, 1600px\" \/><\/figure>\n<\/div>","protected":false},"excerpt":{"rendered":"<p>No dia 16 de maio, Joice Duarte Gon\u00e7alves Bergamaschi defendeu sua tese de doutorado intitulada &#8220;A Quest\u00e3o Agr\u00edcola, o Discurso de Consenso e a Perspectiva de Desenvolvimento na Organiza\u00e7\u00e3o Mundial do Com\u00e9rcio&#8221;, no Programa de P\u00f3s-Gradua\u00e7\u00e3o em Direito da Universidade Estadual de Londrina (UEL). A pesquisa marca a continuidade de sua investiga\u00e7\u00e3o desenvolvida no mestrado, [&hellip;]<\/p>\n","protected":false},"author":16,"featured_media":1829,"comment_status":"open","ping_status":"open","sticky":false,"template":"","format":"standard","meta":{"_acf_changed":false,"footnotes":""},"categories":[28,12,18],"tags":[],"class_list":["post-3046","post","type-post","status-publish","format-standard","has-post-thumbnail","hentry","category-destaque-discente","category-noticias-ppgdn","category-registros"],"acf":[],"_links":{"self":[{"href":"https:\/\/pos.uel.br\/direito-negocial\/wp-json\/wp\/v2\/posts\/3046","targetHints":{"allow":["GET"]}}],"collection":[{"href":"https:\/\/pos.uel.br\/direito-negocial\/wp-json\/wp\/v2\/posts"}],"about":[{"href":"https:\/\/pos.uel.br\/direito-negocial\/wp-json\/wp\/v2\/types\/post"}],"author":[{"embeddable":true,"href":"https:\/\/pos.uel.br\/direito-negocial\/wp-json\/wp\/v2\/users\/16"}],"replies":[{"embeddable":true,"href":"https:\/\/pos.uel.br\/direito-negocial\/wp-json\/wp\/v2\/comments?post=3046"}],"version-history":[{"count":1,"href":"https:\/\/pos.uel.br\/direito-negocial\/wp-json\/wp\/v2\/posts\/3046\/revisions"}],"predecessor-version":[{"id":3047,"href":"https:\/\/pos.uel.br\/direito-negocial\/wp-json\/wp\/v2\/posts\/3046\/revisions\/3047"}],"wp:featuredmedia":[{"embeddable":true,"href":"https:\/\/pos.uel.br\/direito-negocial\/wp-json\/wp\/v2\/media\/1829"}],"wp:attachment":[{"href":"https:\/\/pos.uel.br\/direito-negocial\/wp-json\/wp\/v2\/media?parent=3046"}],"wp:term":[{"taxonomy":"category","embeddable":true,"href":"https:\/\/pos.uel.br\/direito-negocial\/wp-json\/wp\/v2\/categories?post=3046"},{"taxonomy":"post_tag","embeddable":true,"href":"https:\/\/pos.uel.br\/direito-negocial\/wp-json\/wp\/v2\/tags?post=3046"}],"curies":[{"name":"wp","href":"https:\/\/api.w.org\/{rel}","templated":true}]}}