{"id":3038,"date":"2025-05-19T22:16:00","date_gmt":"2025-05-20T01:16:00","guid":{"rendered":"https:\/\/pos.uel.br\/direito-negocial\/?p=3038"},"modified":"2025-10-16T10:18:51","modified_gmt":"2025-10-16T13:18:51","slug":"programa-de-pos-graduacao-em-direito-negocial-da-uel-marca-presenca-no-iv-simposio-paraguai-brasil-sobre-direito-internacional-e-desenvolvimento","status":"publish","type":"post","link":"https:\/\/pos.uel.br\/direito-negocial\/noticias-ppgdn\/2025\/05\/19\/programa-de-pos-graduacao-em-direito-negocial-da-uel-marca-presenca-no-iv-simposio-paraguai-brasil-sobre-direito-internacional-e-desenvolvimento\/","title":{"rendered":"Programa de P\u00f3s-Gradua\u00e7\u00e3o em Direito Negocial da UEL marca presen\u00e7a no IV Simp\u00f3sio Paraguai-Brasil sobre Direito Internacional e Desenvolvimento"},"content":{"rendered":"\n<p>O Programa de P\u00f3s-Gradua\u00e7\u00e3o em Direito Negocial da Universidade Estadual de Londrina (UEL) participou ativamente do <strong>IV Simp\u00f3sio Paraguai \u2013 Brasil: Direito Internacional e Desenvolvimento<\/strong>, realizado em parceria com a <strong>Universidad Nacional de Canindey\u00fa (UNICAN)<\/strong>. O evento, que ocorreu em formato h\u00edbrido, reuniu docentes, gestores acad\u00eamicos e pesquisadores de institui\u00e7\u00f5es brasileiras e paraguaias com o objetivo de fomentar o di\u00e1logo cient\u00edfico e fortalecer os la\u00e7os de coopera\u00e7\u00e3o internacional.<\/p>\n\n\n\n<p>Entre os representantes da <strong>UEL<\/strong>, estiveram presentes os professores do programa de p\u00f3s-gradua\u00e7\u00e3o <strong>Clodomiro Jos\u00e9 Bannwart J\u00fanior, Elve Miguel Cenci, Patr\u00edcia Ayub da Costa<\/strong> e <strong>T\u00e2nia Lobo Muniz<\/strong>, que contribu\u00edram com apresenta\u00e7\u00f5es e discuss\u00f5es voltadas ao Direito Internacional e \u00e0 integra\u00e7\u00e3o regional. A participa\u00e7\u00e3o da <strong>senhora Viviane Furtoso<\/strong>, diretora da Assessoria de Rela\u00e7\u00f5es Internacionais (ARI) da UEL, tamb\u00e9m foi destaque na programa\u00e7\u00e3o, refor\u00e7ando o papel institucional da universidade no processo de internacionaliza\u00e7\u00e3o.<\/p>\n\n\n\n<p>Pela <strong>UNICAN<\/strong>, o evento contou com a presen\u00e7a ilustre do <strong>Dr. Mariano Adolfo Pacher Morel<\/strong>, reitor da universidade paraguaia, que participou ativamente das atividades e refor\u00e7ou o compromisso da institui\u00e7\u00e3o com a coopera\u00e7\u00e3o interinstitucional. Tamb\u00e9m integraram a delega\u00e7\u00e3o da UNICAN a <strong>Dra. Maria Esmeralda Britez Miranda<\/strong>, diretora da Escola de P\u00f3s-Gradua\u00e7\u00e3o; a <strong>Mag. F\u00e1tima C\u00e1ceres<\/strong>, coordenadora acad\u00eamica da Escola de P\u00f3s-Gradua\u00e7\u00e3o; e a <strong>Lic. F\u00e1tima Morinigo<\/strong>, coordenadora de Rela\u00e7\u00f5es Internacionais da universidade.<\/p>\n\n\n\n<p>A iniciativa contribui para a consolida\u00e7\u00e3o de projetos conjuntos de pesquisa, publica\u00e7\u00f5es cient\u00edficas e mobilidade acad\u00eamica entre as institui\u00e7\u00f5es envolvidas.<\/p>\n\n\n\n<p>A transmiss\u00e3o completa do evento est\u00e1 sendo realizada atrav\u00e9s do link: <a class=\"\" href=\"https:\/\/www.facebook.com\/watch\/live\/?ref=watch_permalink&amp;v=1250965799935668\">Assista ao Simp\u00f3sio<\/a><\/p>\n\n\n\n<p>A realiza\u00e7\u00e3o do simp\u00f3sio reafirma o compromisso da UEL com a excel\u00eancia acad\u00eamica e a internacionaliza\u00e7\u00e3o de seus programas de p\u00f3s-gradua\u00e7\u00e3o, consolidando-se como uma refer\u00eancia na forma\u00e7\u00e3o de juristas preparados para os desafios da contemporaneidade.<\/p>\n\n\n\n<div class=\"wp-block-group\"><div class=\"wp-block-group__inner-container is-layout-constrained wp-block-group-is-layout-constrained\">\n<figure class=\"wp-block-gallery has-nested-images columns-default is-cropped wp-block-gallery-1 is-layout-flex wp-block-gallery-is-layout-flex\">\n<figure class=\"wp-block-image size-large\"><img loading=\"lazy\" decoding=\"async\" width=\"1024\" height=\"1024\" data-id=\"3040\" src=\"https:\/\/pos.uel.br\/direito-negocial\/wp-content\/uploads\/2025\/09\/WhatsApp-Image-2025-05-19-at-09.22.39-1024x1024-1.jpg\" alt=\"O atributo alt desta imagem est\u00e1 vazio. O nome do arquivo \u00e9 WhatsApp-Image-2025-05-19-at-09.22.39-1024x1024.jpeg\" class=\"wp-image-3040\" srcset=\"https:\/\/pos.uel.br\/direito-negocial\/wp-content\/uploads\/2025\/09\/WhatsApp-Image-2025-05-19-at-09.22.39-1024x1024-1.jpg 1024w, https:\/\/pos.uel.br\/direito-negocial\/wp-content\/uploads\/2025\/09\/WhatsApp-Image-2025-05-19-at-09.22.39-1024x1024-1-300x300.jpg 300w, https:\/\/pos.uel.br\/direito-negocial\/wp-content\/uploads\/2025\/09\/WhatsApp-Image-2025-05-19-at-09.22.39-1024x1024-1-150x150.jpg 150w, https:\/\/pos.uel.br\/direito-negocial\/wp-content\/uploads\/2025\/09\/WhatsApp-Image-2025-05-19-at-09.22.39-1024x1024-1-768x768.jpg 768w\" sizes=\"auto, (max-width: 1024px) 100vw, 1024px\" \/><\/figure>\n\n\n\n<figure class=\"wp-block-image size-large\" id=\"block-6a0f9f36-ea5b-4b2e-ab77-ac68f2b1770c\"><img loading=\"lazy\" decoding=\"async\" width=\"1024\" height=\"768\" data-id=\"3039\" src=\"https:\/\/pos.uel.br\/direito-negocial\/wp-content\/uploads\/2025\/09\/WhatsApp-Image-2025-05-19-at-09.22.51-1024x768-1.jpg\" alt=\"O atributo alt desta imagem est\u00e1 vazio. O nome do arquivo \u00e9 WhatsApp-Image-2025-05-19-at-09.22.51-1024x768.jpeg\" class=\"wp-image-3039\" srcset=\"https:\/\/pos.uel.br\/direito-negocial\/wp-content\/uploads\/2025\/09\/WhatsApp-Image-2025-05-19-at-09.22.51-1024x768-1.jpg 1024w, https:\/\/pos.uel.br\/direito-negocial\/wp-content\/uploads\/2025\/09\/WhatsApp-Image-2025-05-19-at-09.22.51-1024x768-1-300x225.jpg 300w, https:\/\/pos.uel.br\/direito-negocial\/wp-content\/uploads\/2025\/09\/WhatsApp-Image-2025-05-19-at-09.22.51-1024x768-1-768x576.jpg 768w\" sizes=\"auto, (max-width: 1024px) 100vw, 1024px\" \/><\/figure>\n<\/figure>\n<\/div><\/div>\n\n\n\n<div class=\"wp-block-group alignwide is-vertical is-nowrap is-layout-flex wp-container-core-group-is-layout-f794092b wp-block-group-is-layout-flex\">\n<figure class=\"wp-block-gallery has-nested-images columns-default is-cropped wp-block-gallery-2 is-layout-flex wp-block-gallery-is-layout-flex\">\n<figure class=\"wp-block-image size-large is-resized\"><img loading=\"lazy\" decoding=\"async\" width=\"768\" height=\"1024\" data-id=\"3570\" src=\"https:\/\/pos.uel.br\/direito-negocial\/wp-content\/uploads\/2025\/05\/WhatsApp-Image-2025-10-16-at-09.31.03-2-768x1024.jpeg\" alt=\"\" class=\"wp-image-3570\" style=\"width:384px;height:auto\" srcset=\"https:\/\/pos.uel.br\/direito-negocial\/wp-content\/uploads\/2025\/05\/WhatsApp-Image-2025-10-16-at-09.31.03-2-768x1024.jpeg 768w, https:\/\/pos.uel.br\/direito-negocial\/wp-content\/uploads\/2025\/05\/WhatsApp-Image-2025-10-16-at-09.31.03-2-225x300.jpeg 225w, https:\/\/pos.uel.br\/direito-negocial\/wp-content\/uploads\/2025\/05\/WhatsApp-Image-2025-10-16-at-09.31.03-2-1152x1536.jpeg 1152w, https:\/\/pos.uel.br\/direito-negocial\/wp-content\/uploads\/2025\/05\/WhatsApp-Image-2025-10-16-at-09.31.03-2.jpeg 1200w\" sizes=\"auto, (max-width: 768px) 100vw, 768px\" \/><\/figure>\n\n\n\n<figure class=\"wp-block-image size-large is-resized\"><img loading=\"lazy\" decoding=\"async\" width=\"1024\" height=\"768\" data-id=\"3572\" src=\"https:\/\/pos.uel.br\/direito-negocial\/wp-content\/uploads\/2025\/05\/WhatsApp-Image-2025-10-16-at-09.31.05-1-1024x768.jpeg\" alt=\"\" class=\"wp-image-3572\" style=\"width:558px;height:auto\" srcset=\"https:\/\/pos.uel.br\/direito-negocial\/wp-content\/uploads\/2025\/05\/WhatsApp-Image-2025-10-16-at-09.31.05-1-1024x768.jpeg 1024w, https:\/\/pos.uel.br\/direito-negocial\/wp-content\/uploads\/2025\/05\/WhatsApp-Image-2025-10-16-at-09.31.05-1-300x225.jpeg 300w, https:\/\/pos.uel.br\/direito-negocial\/wp-content\/uploads\/2025\/05\/WhatsApp-Image-2025-10-16-at-09.31.05-1-768x576.jpeg 768w, https:\/\/pos.uel.br\/direito-negocial\/wp-content\/uploads\/2025\/05\/WhatsApp-Image-2025-10-16-at-09.31.05-1-1536x1152.jpeg 1536w, https:\/\/pos.uel.br\/direito-negocial\/wp-content\/uploads\/2025\/05\/WhatsApp-Image-2025-10-16-at-09.31.05-1.jpeg 1600w\" sizes=\"auto, (max-width: 1024px) 100vw, 1024px\" \/><\/figure>\n<\/figure>\n<\/div>\n\n\n\n<p><\/p>\n\n\n\n<div class=\"wp-block-group alignwide is-content-justification-center is-nowrap is-layout-flex wp-container-core-group-is-layout-94bc23d7 wp-block-group-is-layout-flex\">\n<figure class=\"wp-block-image size-large is-resized\"><img loading=\"lazy\" decoding=\"async\" width=\"1024\" height=\"768\" src=\"https:\/\/pos.uel.br\/direito-negocial\/wp-content\/uploads\/2025\/05\/WhatsApp-Image-2025-10-16-at-09.31.02-1-1024x768.jpeg\" alt=\"\" class=\"wp-image-3573\" style=\"width:535px;height:auto\" srcset=\"https:\/\/pos.uel.br\/direito-negocial\/wp-content\/uploads\/2025\/05\/WhatsApp-Image-2025-10-16-at-09.31.02-1-1024x768.jpeg 1024w, https:\/\/pos.uel.br\/direito-negocial\/wp-content\/uploads\/2025\/05\/WhatsApp-Image-2025-10-16-at-09.31.02-1-300x225.jpeg 300w, https:\/\/pos.uel.br\/direito-negocial\/wp-content\/uploads\/2025\/05\/WhatsApp-Image-2025-10-16-at-09.31.02-1-768x576.jpeg 768w, https:\/\/pos.uel.br\/direito-negocial\/wp-content\/uploads\/2025\/05\/WhatsApp-Image-2025-10-16-at-09.31.02-1-1536x1152.jpeg 1536w, https:\/\/pos.uel.br\/direito-negocial\/wp-content\/uploads\/2025\/05\/WhatsApp-Image-2025-10-16-at-09.31.02-1.jpeg 1600w\" sizes=\"auto, (max-width: 1024px) 100vw, 1024px\" \/><\/figure>\n\n\n\n<figure class=\"wp-block-image size-large is-resized\"><img loading=\"lazy\" decoding=\"async\" width=\"1024\" height=\"768\" src=\"https:\/\/pos.uel.br\/direito-negocial\/wp-content\/uploads\/2025\/05\/WhatsApp-Image-2025-10-16-at-09.31.04-2-1024x768.jpeg\" alt=\"\" class=\"wp-image-3574\" style=\"width:533px;height:auto\" srcset=\"https:\/\/pos.uel.br\/direito-negocial\/wp-content\/uploads\/2025\/05\/WhatsApp-Image-2025-10-16-at-09.31.04-2-1024x768.jpeg 1024w, https:\/\/pos.uel.br\/direito-negocial\/wp-content\/uploads\/2025\/05\/WhatsApp-Image-2025-10-16-at-09.31.04-2-300x225.jpeg 300w, https:\/\/pos.uel.br\/direito-negocial\/wp-content\/uploads\/2025\/05\/WhatsApp-Image-2025-10-16-at-09.31.04-2-768x576.jpeg 768w, https:\/\/pos.uel.br\/direito-negocial\/wp-content\/uploads\/2025\/05\/WhatsApp-Image-2025-10-16-at-09.31.04-2-1536x1152.jpeg 1536w, https:\/\/pos.uel.br\/direito-negocial\/wp-content\/uploads\/2025\/05\/WhatsApp-Image-2025-10-16-at-09.31.04-2.jpeg 1600w\" sizes=\"auto, (max-width: 1024px) 100vw, 1024px\" \/><\/figure>\n<\/div>\n\n\n\n<p><\/p>\n","protected":false},"excerpt":{"rendered":"<p>Evento fortalece coopera\u00e7\u00e3o acad\u00eamica entre UEL e UNICAN com participa\u00e7\u00e3o de autoridades e professores dos dois pa\u00edses<\/p>\n","protected":false},"author":16,"featured_media":1845,"comment_status":"open","ping_status":"open","sticky":false,"template":"","format":"standard","meta":{"_acf_changed":false,"footnotes":""},"categories":[12,18],"tags":[],"class_list":["post-3038","post","type-post","status-publish","format-standard","has-post-thumbnail","hentry","category-noticias-ppgdn","category-registros"],"acf":[],"_links":{"self":[{"href":"https:\/\/pos.uel.br\/direito-negocial\/wp-json\/wp\/v2\/posts\/3038","targetHints":{"allow":["GET"]}}],"collection":[{"href":"https:\/\/pos.uel.br\/direito-negocial\/wp-json\/wp\/v2\/posts"}],"about":[{"href":"https:\/\/pos.uel.br\/direito-negocial\/wp-json\/wp\/v2\/types\/post"}],"author":[{"embeddable":true,"href":"https:\/\/pos.uel.br\/direito-negocial\/wp-json\/wp\/v2\/users\/16"}],"replies":[{"embeddable":true,"href":"https:\/\/pos.uel.br\/direito-negocial\/wp-json\/wp\/v2\/comments?post=3038"}],"version-history":[{"count":6,"href":"https:\/\/pos.uel.br\/direito-negocial\/wp-json\/wp\/v2\/posts\/3038\/revisions"}],"predecessor-version":[{"id":3580,"href":"https:\/\/pos.uel.br\/direito-negocial\/wp-json\/wp\/v2\/posts\/3038\/revisions\/3580"}],"wp:featuredmedia":[{"embeddable":true,"href":"https:\/\/pos.uel.br\/direito-negocial\/wp-json\/wp\/v2\/media\/1845"}],"wp:attachment":[{"href":"https:\/\/pos.uel.br\/direito-negocial\/wp-json\/wp\/v2\/media?parent=3038"}],"wp:term":[{"taxonomy":"category","embeddable":true,"href":"https:\/\/pos.uel.br\/direito-negocial\/wp-json\/wp\/v2\/categories?post=3038"},{"taxonomy":"post_tag","embeddable":true,"href":"https:\/\/pos.uel.br\/direito-negocial\/wp-json\/wp\/v2\/tags?post=3038"}],"curies":[{"name":"wp","href":"https:\/\/api.w.org\/{rel}","templated":true}]}}