{"id":3032,"date":"2025-05-19T22:00:00","date_gmt":"2025-05-20T01:00:00","guid":{"rendered":"https:\/\/pos.uel.br\/direito-negocial\/?p=3032"},"modified":"2025-09-01T21:59:59","modified_gmt":"2025-09-02T00:59:59","slug":"uel-participa-de-visita-tecnica-a-unican-para-conhecer-experiencias-de-extensao-na-pos-graduacao","status":"publish","type":"post","link":"https:\/\/pos.uel.br\/direito-negocial\/noticias-ppgdn\/2025\/05\/19\/uel-participa-de-visita-tecnica-a-unican-para-conhecer-experiencias-de-extensao-na-pos-graduacao\/","title":{"rendered":"UEL participa de visita t\u00e9cnica \u00e0 UNICAN para conhecer experi\u00eancias de extens\u00e3o na p\u00f3s-gradua\u00e7\u00e3o"},"content":{"rendered":"\n<p>Na tarde desta segunda-feira (19), docentes e representantes institucionais do Programa de P\u00f3s-Gradua\u00e7\u00e3o em Direito Negocial da Universidade Estadual de Londrina (UEL) participaram de uma visita t\u00e9cnica \u00e0 Universidad Nacional de Canindey\u00fa (UNICAN), no Paraguai, com o objetivo de conhecer pr\u00e1ticas inovadoras de extens\u00e3o universit\u00e1ria desenvolvidas na p\u00f3s-gradua\u00e7\u00e3o.<\/p>\n\n\n\n<p>O encontro, realizado das 14h \u00e0s 17h, foi conduzido por professores da UNICAN que compartilharam experi\u00eancias exitosas implementadas na p\u00f3s-gradua\u00e7\u00e3o. A atividade teve como foco principal o papel estrat\u00e9gico da extens\u00e3o na forma\u00e7\u00e3o acad\u00eamica e cidad\u00e3 dos estudantes, especialmente diante das novas diretrizes da Coordena\u00e7\u00e3o de Aperfei\u00e7oamento de Pessoal de N\u00edvel Superior (CAPES), que tornam obrigat\u00f3ria a incorpora\u00e7\u00e3o da extens\u00e3o nos programas de p\u00f3s a partir do pr\u00f3ximo quadri\u00eanio.<\/p>\n\n\n\n<p>A direitora de p\u00f3s-gradua\u00e7\u00e3o da UNICAN, Dra. Maria Esmeralda Britez Miranda conduziu os professores da UEL na visita \u00e0 Universidade. Representando a UEL, participaram o coordenador e a vice coordenadora do programa de p\u00f3s-gradua\u00e7\u00e3o da UEL Clodomiro Jos\u00e9 Bannwart Junior e Patr\u00edcia Ayub da Costa, acompanhados dos professores doutores Elve Miguel Cenci, ex-coordenador do programa e T\u00e2nia Lobo Muniz, procuradora jur\u00eddica da UEL, al\u00e9m da diretora da Assessoria de Rela\u00e7\u00f5es Internacionais (ARI), Viviane Furtoso e o diretor de pesquisa da PROPPG Prof. Dr. Eduardo Jos\u00e9 de Almeida Ara\u00fajo. Durante a visita, foram debatidos caminhos para articular ensino, pesquisa e extens\u00e3o de forma integrada e coerente com a identidade de cada programa de p\u00f3s-gradua\u00e7\u00e3o.<\/p>\n\n\n\n<p>A troca internacional de experi\u00eancias refor\u00e7a o compromisso da UEL com a excel\u00eancia acad\u00eamica e com a forma\u00e7\u00e3o de profissionais comprometidos com a transforma\u00e7\u00e3o social. A visita \u00e0 UNICAN marca um passo significativo rumo \u00e0 internacionaliza\u00e7\u00e3o das pr\u00e1ticas de extens\u00e3o e ao fortalecimento dos v\u00ednculos com institui\u00e7\u00f5es parceiras na Am\u00e9rica Latina.<\/p>\n\n\n\n<p>Confira alguns registros do encontro:<\/p>\n\n\n\n<figure class=\"wp-block-gallery has-nested-images columns-default is-cropped wp-block-gallery-1 is-layout-flex wp-block-gallery-is-layout-flex\">\n<figure class=\"wp-block-image size-large\"><img loading=\"lazy\" decoding=\"async\" width=\"1024\" height=\"768\" data-id=\"1865\" src=\"https:\/\/pos.uel.br\/direito-negocial\/wp-content\/uploads\/2025\/05\/WhatsApp-Image-2025-05-23-at-08.36.22-1-1024x768.jpeg\" alt=\"\" class=\"wp-image-1865\" srcset=\"https:\/\/pos.uel.br\/direito-negocial\/wp-content\/uploads\/2025\/05\/WhatsApp-Image-2025-05-23-at-08.36.22-1-1024x768.jpeg 1024w, https:\/\/pos.uel.br\/direito-negocial\/wp-content\/uploads\/2025\/05\/WhatsApp-Image-2025-05-23-at-08.36.22-1-300x225.jpeg 300w, https:\/\/pos.uel.br\/direito-negocial\/wp-content\/uploads\/2025\/05\/WhatsApp-Image-2025-05-23-at-08.36.22-1-768x576.jpeg 768w, https:\/\/pos.uel.br\/direito-negocial\/wp-content\/uploads\/2025\/05\/WhatsApp-Image-2025-05-23-at-08.36.22-1.jpeg 1280w\" sizes=\"auto, (max-width: 1024px) 100vw, 1024px\" \/><\/figure>\n\n\n\n<figure class=\"wp-block-image size-large\"><img loading=\"lazy\" decoding=\"async\" width=\"1024\" height=\"768\" data-id=\"1866\" src=\"https:\/\/pos.uel.br\/direito-negocial\/wp-content\/uploads\/2025\/05\/WhatsApp-Image-2025-05-23-at-08.36.21-1024x768.jpeg\" alt=\"\" class=\"wp-image-1866\" srcset=\"https:\/\/pos.uel.br\/direito-negocial\/wp-content\/uploads\/2025\/05\/WhatsApp-Image-2025-05-23-at-08.36.21-1024x768.jpeg 1024w, https:\/\/pos.uel.br\/direito-negocial\/wp-content\/uploads\/2025\/05\/WhatsApp-Image-2025-05-23-at-08.36.21-300x225.jpeg 300w, https:\/\/pos.uel.br\/direito-negocial\/wp-content\/uploads\/2025\/05\/WhatsApp-Image-2025-05-23-at-08.36.21-768x576.jpeg 768w, https:\/\/pos.uel.br\/direito-negocial\/wp-content\/uploads\/2025\/05\/WhatsApp-Image-2025-05-23-at-08.36.21.jpeg 1280w\" sizes=\"auto, (max-width: 1024px) 100vw, 1024px\" \/><\/figure>\n\n\n\n<figure class=\"wp-block-image size-large\"><img loading=\"lazy\" decoding=\"async\" width=\"1024\" height=\"768\" data-id=\"1867\" src=\"https:\/\/pos.uel.br\/direito-negocial\/wp-content\/uploads\/2025\/05\/WhatsApp-Image-2025-05-23-at-08.36.22-1024x768.jpeg\" alt=\"\" class=\"wp-image-1867\" srcset=\"https:\/\/pos.uel.br\/direito-negocial\/wp-content\/uploads\/2025\/05\/WhatsApp-Image-2025-05-23-at-08.36.22-1024x768.jpeg 1024w, https:\/\/pos.uel.br\/direito-negocial\/wp-content\/uploads\/2025\/05\/WhatsApp-Image-2025-05-23-at-08.36.22-300x225.jpeg 300w, https:\/\/pos.uel.br\/direito-negocial\/wp-content\/uploads\/2025\/05\/WhatsApp-Image-2025-05-23-at-08.36.22-768x576.jpeg 768w, https:\/\/pos.uel.br\/direito-negocial\/wp-content\/uploads\/2025\/05\/WhatsApp-Image-2025-05-23-at-08.36.22.jpeg 1280w\" sizes=\"auto, (max-width: 1024px) 100vw, 1024px\" \/><\/figure>\n<\/figure>\n\n\n\n<p><\/p>\n","protected":false},"excerpt":{"rendered":"<p>Na tarde desta segunda-feira (19), docentes e representantes institucionais do Programa de P\u00f3s-Gradua\u00e7\u00e3o em Direito Negocial da Universidade Estadual de Londrina (UEL) participaram de uma visita t\u00e9cnica \u00e0 Universidad Nacional de Canindey\u00fa (UNICAN), no Paraguai, com o objetivo de conhecer pr\u00e1ticas inovadoras de extens\u00e3o universit\u00e1ria desenvolvidas na p\u00f3s-gradua\u00e7\u00e3o. O encontro, realizado das 14h \u00e0s 17h, [&hellip;]<\/p>\n","protected":false},"author":16,"featured_media":1865,"comment_status":"open","ping_status":"open","sticky":false,"template":"","format":"standard","meta":{"_acf_changed":false,"footnotes":""},"categories":[12,18],"tags":[],"class_list":["post-3032","post","type-post","status-publish","format-standard","has-post-thumbnail","hentry","category-noticias-ppgdn","category-registros"],"acf":[],"_links":{"self":[{"href":"https:\/\/pos.uel.br\/direito-negocial\/wp-json\/wp\/v2\/posts\/3032","targetHints":{"allow":["GET"]}}],"collection":[{"href":"https:\/\/pos.uel.br\/direito-negocial\/wp-json\/wp\/v2\/posts"}],"about":[{"href":"https:\/\/pos.uel.br\/direito-negocial\/wp-json\/wp\/v2\/types\/post"}],"author":[{"embeddable":true,"href":"https:\/\/pos.uel.br\/direito-negocial\/wp-json\/wp\/v2\/users\/16"}],"replies":[{"embeddable":true,"href":"https:\/\/pos.uel.br\/direito-negocial\/wp-json\/wp\/v2\/comments?post=3032"}],"version-history":[{"count":1,"href":"https:\/\/pos.uel.br\/direito-negocial\/wp-json\/wp\/v2\/posts\/3032\/revisions"}],"predecessor-version":[{"id":3033,"href":"https:\/\/pos.uel.br\/direito-negocial\/wp-json\/wp\/v2\/posts\/3032\/revisions\/3033"}],"wp:featuredmedia":[{"embeddable":true,"href":"https:\/\/pos.uel.br\/direito-negocial\/wp-json\/wp\/v2\/media\/1865"}],"wp:attachment":[{"href":"https:\/\/pos.uel.br\/direito-negocial\/wp-json\/wp\/v2\/media?parent=3032"}],"wp:term":[{"taxonomy":"category","embeddable":true,"href":"https:\/\/pos.uel.br\/direito-negocial\/wp-json\/wp\/v2\/categories?post=3032"},{"taxonomy":"post_tag","embeddable":true,"href":"https:\/\/pos.uel.br\/direito-negocial\/wp-json\/wp\/v2\/tags?post=3032"}],"curies":[{"name":"wp","href":"https:\/\/api.w.org\/{rel}","templated":true}]}}