{"id":3026,"date":"2025-08-12T20:14:50","date_gmt":"2025-08-12T23:14:50","guid":{"rendered":"https:\/\/pos.uel.br\/direito-negocial\/?p=3026"},"modified":"2025-09-01T20:22:51","modified_gmt":"2025-09-01T23:22:51","slug":"projeto-de-pesquisa-coordenado-pelo-prof-dr-lourival-jose-de-oliveira-recebe-os-pesquisadores-dr-jouberto-de-quadros-pessoa-cavalcante-e-da-dr-a-carolina-spack-kemmelmeier","status":"publish","type":"post","link":"https:\/\/pos.uel.br\/direito-negocial\/noticias-ppgdn\/2025\/08\/12\/projeto-de-pesquisa-coordenado-pelo-prof-dr-lourival-jose-de-oliveira-recebe-os-pesquisadores-dr-jouberto-de-quadros-pessoa-cavalcante-e-da-dr-a-carolina-spack-kemmelmeier\/","title":{"rendered":"Projeto de Pesquisa coordenado pelo prof. Dr. Lourival Jos\u00e9 de Oliveira recebe os pesquisadores Dr. Jouberto de Quadros Pessoa Cavalcante e a Dr.\u00aa Carolina Spack Kemmelmeier"},"content":{"rendered":"\n<p>Em 12 de agosto de 2025, ocorreu a quarta reuni\u00e3o do projeto de pesquisa coordenado pelo Prof. Lourival Jos\u00e9 de Oliveira, intitulado \u201cCrise demogr\u00e1fica, novas tecnologias e requalifica\u00e7\u00e3o profissional: a negocia\u00e7\u00e3o coletiva como forma de prote\u00e7\u00e3o do valor trabalho no Brasil\u201d.<\/p>\n\n\n\n<p>O encontro contou com a participa\u00e7\u00e3o do Dr. Jouberto de Quadros Pessoa Cavalcante e da Dr.\u00aa Carolina Spack Kemmelmeier. O Dr. Jouberto \u00e9 Doutor em Direito do Trabalho pela Faculdade de Direito da Universidade de S\u00e3o Paulo (USP), Mestre em Direito Pol\u00edtico e Econ\u00f4mico pela Universidade Presbiteriana Mackenzie, Mestre em Integra\u00e7\u00e3o da Am\u00e9rica Latina pela USP\/PROLAM e Membro da Academia Paulista de Letras Jur\u00eddicas. A Dr.\u00aa Carolina \u00e9 Professora Adjunta da Universidade Estadual do Oeste do Paran\u00e1 e Doutora em Direito do Trabalho pela Faculdade de Direito da USP.<\/p>\n\n\n\n<p>Ambos aceitaram prontamente o convite para debater o tema de seu artigo, de grande relev\u00e2ncia para o Direito do Trabalho: Acordos Marcos Globais e Negocia\u00e7\u00e3o Coletiva Supranacional em Cadeias Produtivas, publicado na Revista Eletr\u00f4nica do TRT-PR.<\/p>\n\n\n\n<p>Durante a reuni\u00e3o, os palestrantes explicaram o conceito de acordos marcos globais e a diferen\u00e7a em rela\u00e7\u00e3o aos acordos marcos internacionais. Destacaram que os primeiros t\u00eam import\u00e2ncia fundamental para a negocia\u00e7\u00e3o sindical e para a responsabilidade social empresarial, pois vinculam, por meio de m\u00fatuo acordo, empresas multinacionais e federa\u00e7\u00f5es sindicais globais. Essa vincula\u00e7\u00e3o estende os deveres de respeito e promo\u00e7\u00e3o dos direitos humanos nas rela\u00e7\u00f5es de trabalho a toda a cadeia global de produ\u00e7\u00e3o, abrangendo n\u00e3o apenas subsidi\u00e1rias (ligadas por la\u00e7os societ\u00e1rios), mas tamb\u00e9m subcontratadas e fornecedoras (ligadas por la\u00e7os contratuais aos centros decis\u00f3rios da empresa multinacional).<\/p>\n\n\n\n<p>Essa abrang\u00eancia \u00e9 relevante porque assegura que as obriga\u00e7\u00f5es assumidas alcancem toda a rede produtiva, fortalecendo a prote\u00e7\u00e3o dos direitos humanos e evitando que apenas parte das opera\u00e7\u00f5es esteja submetida a padr\u00f5es m\u00ednimos de trabalho.<\/p>\n\n\n\n<p>Ao final da exposi\u00e7\u00e3o, o Prof. Lourival e outros integrantes do grupo de pesquisa apresentaram quest\u00f5es que contribu\u00edram para aprofundar o debate.<\/p>\n\n\n\n<p>Para acessar o artigo, clique no link: <a href=\"https:\/\/juslaboris.tst.jus.br\/bitstream\/handle\/20.500.12178\/223995\/2023_kemmelmeier_carolina_acordos_marcos.pdf?sequence=1&amp;isAllowed=y\">https:\/\/juslaboris.tst.jus.br\/bitstream\/handle\/20.500.12178\/223995\/2023_kemmelmeier_carolina_acordos_marcos.pdf?sequence=1&amp;isAllowed=y<\/a><\/p>\n\n\n\n<figure class=\"wp-block-gallery has-nested-images columns-default is-cropped wp-block-gallery-1 is-layout-flex wp-block-gallery-is-layout-flex\">\n<figure class=\"wp-block-image size-large\"><img loading=\"lazy\" decoding=\"async\" width=\"1024\" height=\"371\" data-id=\"3027\" src=\"https:\/\/pos.uel.br\/direito-negocial\/wp-content\/uploads\/2025\/09\/WhatsApp-Image-2025-09-01-at-8.08.26-PM-1024x371.jpeg\" alt=\"\" class=\"wp-image-3027\" srcset=\"https:\/\/pos.uel.br\/direito-negocial\/wp-content\/uploads\/2025\/09\/WhatsApp-Image-2025-09-01-at-8.08.26-PM-1024x371.jpeg 1024w, https:\/\/pos.uel.br\/direito-negocial\/wp-content\/uploads\/2025\/09\/WhatsApp-Image-2025-09-01-at-8.08.26-PM-300x109.jpeg 300w, https:\/\/pos.uel.br\/direito-negocial\/wp-content\/uploads\/2025\/09\/WhatsApp-Image-2025-09-01-at-8.08.26-PM-768x278.jpeg 768w, https:\/\/pos.uel.br\/direito-negocial\/wp-content\/uploads\/2025\/09\/WhatsApp-Image-2025-09-01-at-8.08.26-PM-1536x556.jpeg 1536w, https:\/\/pos.uel.br\/direito-negocial\/wp-content\/uploads\/2025\/09\/WhatsApp-Image-2025-09-01-at-8.08.26-PM.jpeg 1600w\" sizes=\"auto, (max-width: 1024px) 100vw, 1024px\" \/><\/figure>\n<\/figure>\n\n\n\n<p><\/p>\n","protected":false},"excerpt":{"rendered":"<p>Em 12 de agosto de 2025, ocorreu a quarta reuni\u00e3o do projeto de pesquisa coordenado pelo Prof. Lourival Jos\u00e9 de Oliveira, intitulado \u201cCrise demogr\u00e1fica, novas tecnologias e requalifica\u00e7\u00e3o profissional: a negocia\u00e7\u00e3o coletiva como forma de prote\u00e7\u00e3o do valor trabalho no Brasil\u201d. O encontro contou com a participa\u00e7\u00e3o do Dr. Jouberto de Quadros Pessoa Cavalcante e [&hellip;]<\/p>\n","protected":false},"author":16,"featured_media":3027,"comment_status":"open","ping_status":"open","sticky":false,"template":"","format":"standard","meta":{"_acf_changed":false,"footnotes":""},"categories":[12,27],"tags":[],"class_list":["post-3026","post","type-post","status-publish","format-standard","has-post-thumbnail","hentry","category-noticias-ppgdn","category-projetos"],"acf":[],"_links":{"self":[{"href":"https:\/\/pos.uel.br\/direito-negocial\/wp-json\/wp\/v2\/posts\/3026","targetHints":{"allow":["GET"]}}],"collection":[{"href":"https:\/\/pos.uel.br\/direito-negocial\/wp-json\/wp\/v2\/posts"}],"about":[{"href":"https:\/\/pos.uel.br\/direito-negocial\/wp-json\/wp\/v2\/types\/post"}],"author":[{"embeddable":true,"href":"https:\/\/pos.uel.br\/direito-negocial\/wp-json\/wp\/v2\/users\/16"}],"replies":[{"embeddable":true,"href":"https:\/\/pos.uel.br\/direito-negocial\/wp-json\/wp\/v2\/comments?post=3026"}],"version-history":[{"count":4,"href":"https:\/\/pos.uel.br\/direito-negocial\/wp-json\/wp\/v2\/posts\/3026\/revisions"}],"predecessor-version":[{"id":3031,"href":"https:\/\/pos.uel.br\/direito-negocial\/wp-json\/wp\/v2\/posts\/3026\/revisions\/3031"}],"wp:featuredmedia":[{"embeddable":true,"href":"https:\/\/pos.uel.br\/direito-negocial\/wp-json\/wp\/v2\/media\/3027"}],"wp:attachment":[{"href":"https:\/\/pos.uel.br\/direito-negocial\/wp-json\/wp\/v2\/media?parent=3026"}],"wp:term":[{"taxonomy":"category","embeddable":true,"href":"https:\/\/pos.uel.br\/direito-negocial\/wp-json\/wp\/v2\/categories?post=3026"},{"taxonomy":"post_tag","embeddable":true,"href":"https:\/\/pos.uel.br\/direito-negocial\/wp-json\/wp\/v2\/tags?post=3026"}],"curies":[{"name":"wp","href":"https:\/\/api.w.org\/{rel}","templated":true}]}}