{"id":3024,"date":"2025-05-20T20:03:00","date_gmt":"2025-05-20T23:03:00","guid":{"rendered":"https:\/\/pos.uel.br\/direito-negocial\/?p=3024"},"modified":"2025-09-01T20:05:55","modified_gmt":"2025-09-01T23:05:55","slug":"programa-de-pos-graduacao-em-direito-negocial-da-uel-visita-sede-da-corte-suprema-de-justica-do-paraguai-e-do-ministerio-de-la-defensa-publica-em-salto-del-guaira","status":"publish","type":"post","link":"https:\/\/pos.uel.br\/direito-negocial\/noticias-ppgdn\/2025\/05\/20\/programa-de-pos-graduacao-em-direito-negocial-da-uel-visita-sede-da-corte-suprema-de-justica-do-paraguai-e-do-ministerio-de-la-defensa-publica-em-salto-del-guaira\/","title":{"rendered":"Programa de P\u00f3s-Gradua\u00e7\u00e3o em Direito Negocial da UEL visita sede da Corte Suprema de Justi\u00e7a do Paraguai e do \u201cMinisterio de la Defensa P\u00fablica\u201d em Salto del Guair\u00e1"},"content":{"rendered":"\n<p>Durante visita institucional realizada nesta ter\u00e7a-feira (20\/05\/25), os professores do Programa de P\u00f3s-Gradua\u00e7\u00e3o em Direito Negocial da UEL foram recebidos no \u201cPalacio de Justicia\u201d, da cidade de Salto del Guair\u00e1, que sedia a Corte Suprema de Justi\u00e7a da Circunscripci\u00f3n Judicial de Canindey\u00fa, em uma reuni\u00e3o marcada por di\u00e1logo produtivo e proje\u00e7\u00f5es para futuras colabora\u00e7\u00f5es.<\/p>\n\n\n\n<p>Na ocasi\u00e3o a comitiva foi recebida pelo presidente, o magistrado Gustavo Hern\u00e1n Br\u00edtez Miranda. O encontro aconteceu no audit\u00f3rio principal da Corte Suprema de Justi\u00e7a, um espa\u00e7o moderno e com excelente estrutura, que despertou o interesse dos participantes para a realiza\u00e7\u00e3o de um grande evento internacional no local. A proposta envolve uma parceria entre a Universidade Estadual de Londrina (UEL), a Universidad Nacional de Canindey\u00fa (UNICAN) e a pr\u00f3pria Corte Suprema de Justi\u00e7a.<\/p>\n\n\n\n<p>A iniciativa visa promover um evento de relev\u00e2ncia acad\u00eamica e social, voltado \u00e0 integra\u00e7\u00e3o institucional e ao fortalecimento da extens\u00e3o universit\u00e1ria. A Pr\u00f3-Reitoria de Pesquisa e P\u00f3s-Gradua\u00e7\u00e3o (PROPPG) da UEL j\u00e1 manifestou apoio \u00e0 proposta que ser\u00e1 alinhada nos pr\u00f3ximos meses, consolidando mais um passo rumo \u00e0 internacionaliza\u00e7\u00e3o e \u00e0 inser\u00e7\u00e3o social do conhecimento produzido na universidade.<\/p>\n\n\n\n<p>A equipe da Universidade tamb\u00e9m visitou o \u201cMinisterio de la Defensa P\u00fablica\u201d em que tiveram a oportunidade de acompanhar uma apresenta\u00e7\u00e3o sobre a atua\u00e7\u00e3o da Defensoria P\u00fablica daquele pa\u00eds em especial no combate \u00e0 viol\u00eancia sexual contra crian\u00e7as e adolescentes.<\/p>\n\n\n\n<figure class=\"wp-block-gallery has-nested-images columns-default is-cropped wp-block-gallery-1 is-layout-flex wp-block-gallery-is-layout-flex\">\n<figure class=\"wp-block-image size-full\"><img loading=\"lazy\" decoding=\"async\" width=\"1600\" height=\"1200\" data-id=\"1874\" src=\"https:\/\/pos.uel.br\/direito-negocial\/wp-content\/uploads\/2025\/05\/2-1.jpeg\" alt=\"\" class=\"wp-image-1874\" srcset=\"https:\/\/pos.uel.br\/direito-negocial\/wp-content\/uploads\/2025\/05\/2-1.jpeg 1600w, https:\/\/pos.uel.br\/direito-negocial\/wp-content\/uploads\/2025\/05\/2-1-300x225.jpeg 300w, https:\/\/pos.uel.br\/direito-negocial\/wp-content\/uploads\/2025\/05\/2-1-1024x768.jpeg 1024w, https:\/\/pos.uel.br\/direito-negocial\/wp-content\/uploads\/2025\/05\/2-1-768x576.jpeg 768w, https:\/\/pos.uel.br\/direito-negocial\/wp-content\/uploads\/2025\/05\/2-1-1536x1152.jpeg 1536w\" sizes=\"auto, (max-width: 1600px) 100vw, 1600px\" \/><\/figure>\n\n\n\n<figure class=\"wp-block-image size-full\"><img loading=\"lazy\" decoding=\"async\" width=\"1200\" height=\"1600\" data-id=\"1875\" src=\"https:\/\/pos.uel.br\/direito-negocial\/wp-content\/uploads\/2025\/05\/5-1.jpeg\" alt=\"\" class=\"wp-image-1875\" srcset=\"https:\/\/pos.uel.br\/direito-negocial\/wp-content\/uploads\/2025\/05\/5-1.jpeg 1200w, https:\/\/pos.uel.br\/direito-negocial\/wp-content\/uploads\/2025\/05\/5-1-225x300.jpeg 225w, https:\/\/pos.uel.br\/direito-negocial\/wp-content\/uploads\/2025\/05\/5-1-768x1024.jpeg 768w, https:\/\/pos.uel.br\/direito-negocial\/wp-content\/uploads\/2025\/05\/5-1-1152x1536.jpeg 1152w\" sizes=\"auto, (max-width: 1200px) 100vw, 1200px\" \/><\/figure>\n\n\n\n<figure class=\"wp-block-image size-full\"><img loading=\"lazy\" decoding=\"async\" width=\"1600\" height=\"1200\" data-id=\"1873\" src=\"https:\/\/pos.uel.br\/direito-negocial\/wp-content\/uploads\/2025\/05\/4.jpeg\" alt=\"\" class=\"wp-image-1873\" srcset=\"https:\/\/pos.uel.br\/direito-negocial\/wp-content\/uploads\/2025\/05\/4.jpeg 1600w, https:\/\/pos.uel.br\/direito-negocial\/wp-content\/uploads\/2025\/05\/4-300x225.jpeg 300w, https:\/\/pos.uel.br\/direito-negocial\/wp-content\/uploads\/2025\/05\/4-1024x768.jpeg 1024w, https:\/\/pos.uel.br\/direito-negocial\/wp-content\/uploads\/2025\/05\/4-768x576.jpeg 768w, https:\/\/pos.uel.br\/direito-negocial\/wp-content\/uploads\/2025\/05\/4-1536x1152.jpeg 1536w\" sizes=\"auto, (max-width: 1600px) 100vw, 1600px\" \/><\/figure>\n\n\n\n<figure class=\"wp-block-image size-full\"><img loading=\"lazy\" decoding=\"async\" width=\"1200\" height=\"1600\" data-id=\"1871\" src=\"https:\/\/pos.uel.br\/direito-negocial\/wp-content\/uploads\/2025\/05\/5.jpeg\" alt=\"\" class=\"wp-image-1871\" srcset=\"https:\/\/pos.uel.br\/direito-negocial\/wp-content\/uploads\/2025\/05\/5.jpeg 1200w, https:\/\/pos.uel.br\/direito-negocial\/wp-content\/uploads\/2025\/05\/5-225x300.jpeg 225w, https:\/\/pos.uel.br\/direito-negocial\/wp-content\/uploads\/2025\/05\/5-768x1024.jpeg 768w, https:\/\/pos.uel.br\/direito-negocial\/wp-content\/uploads\/2025\/05\/5-1152x1536.jpeg 1152w\" sizes=\"auto, (max-width: 1200px) 100vw, 1200px\" \/><\/figure>\n<\/figure>\n","protected":false},"excerpt":{"rendered":"<p>Durante visita institucional realizada nesta ter\u00e7a-feira (20\/05\/25), os professores do Programa de P\u00f3s-Gradua\u00e7\u00e3o em Direito Negocial da UEL foram recebidos no \u201cPalacio de Justicia\u201d, da cidade de Salto del Guair\u00e1, que sedia a Corte Suprema de Justi\u00e7a da Circunscripci\u00f3n Judicial de Canindey\u00fa, em uma reuni\u00e3o marcada por di\u00e1logo produtivo e proje\u00e7\u00f5es para futuras colabora\u00e7\u00f5es. Na [&hellip;]<\/p>\n","protected":false},"author":16,"featured_media":1874,"comment_status":"open","ping_status":"open","sticky":false,"template":"","format":"standard","meta":{"_acf_changed":false,"footnotes":""},"categories":[30,12,18],"tags":[],"class_list":["post-3024","post","type-post","status-publish","format-standard","has-post-thumbnail","hentry","category-eventos","category-noticias-ppgdn","category-registros"],"acf":[],"_links":{"self":[{"href":"https:\/\/pos.uel.br\/direito-negocial\/wp-json\/wp\/v2\/posts\/3024","targetHints":{"allow":["GET"]}}],"collection":[{"href":"https:\/\/pos.uel.br\/direito-negocial\/wp-json\/wp\/v2\/posts"}],"about":[{"href":"https:\/\/pos.uel.br\/direito-negocial\/wp-json\/wp\/v2\/types\/post"}],"author":[{"embeddable":true,"href":"https:\/\/pos.uel.br\/direito-negocial\/wp-json\/wp\/v2\/users\/16"}],"replies":[{"embeddable":true,"href":"https:\/\/pos.uel.br\/direito-negocial\/wp-json\/wp\/v2\/comments?post=3024"}],"version-history":[{"count":1,"href":"https:\/\/pos.uel.br\/direito-negocial\/wp-json\/wp\/v2\/posts\/3024\/revisions"}],"predecessor-version":[{"id":3025,"href":"https:\/\/pos.uel.br\/direito-negocial\/wp-json\/wp\/v2\/posts\/3024\/revisions\/3025"}],"wp:featuredmedia":[{"embeddable":true,"href":"https:\/\/pos.uel.br\/direito-negocial\/wp-json\/wp\/v2\/media\/1874"}],"wp:attachment":[{"href":"https:\/\/pos.uel.br\/direito-negocial\/wp-json\/wp\/v2\/media?parent=3024"}],"wp:term":[{"taxonomy":"category","embeddable":true,"href":"https:\/\/pos.uel.br\/direito-negocial\/wp-json\/wp\/v2\/categories?post=3024"},{"taxonomy":"post_tag","embeddable":true,"href":"https:\/\/pos.uel.br\/direito-negocial\/wp-json\/wp\/v2\/tags?post=3024"}],"curies":[{"name":"wp","href":"https:\/\/api.w.org\/{rel}","templated":true}]}}