{"id":3019,"date":"2025-05-22T19:43:00","date_gmt":"2025-05-22T22:43:00","guid":{"rendered":"https:\/\/pos.uel.br\/direito-negocial\/?p=3019"},"modified":"2025-09-01T19:58:57","modified_gmt":"2025-09-01T22:58:57","slug":"ministro-og-fernandes-do-superior-tribunal-de-justica-stj-leciona-aula-no-ppgdnuel","status":"publish","type":"post","link":"https:\/\/pos.uel.br\/direito-negocial\/noticias-ppgdn\/2025\/05\/22\/ministro-og-fernandes-do-superior-tribunal-de-justica-stj-leciona-aula-no-ppgdnuel\/","title":{"rendered":"Ministro Og Fernandes, do Superior Tribunal de Justi\u00e7a (STJ), leciona aula no PPGDNUEL"},"content":{"rendered":"\n<p>No dia 22\/05\/2025 vivenciamos um momento memor\u00e1vel em nosso Programa de P\u00f3s-Gradua\u00e7\u00e3o em Direito Negocial da Universidade Estadual de Londrina. Tivemos a honra de receber o Ministro OG Fernandes, do Superior Tribunal de Justi\u00e7a, para uma aula aberta sobre o tema &#8220;Transforma\u00e7\u00f5es Digitais no Sistema de Precedentes Brasileiro&#8221;, na disciplina Precedentes e seus aspectos pr\u00e1ticos no ordenamento jur\u00eddico.<\/p>\n\n\n\n<p>A presen\u00e7a de Sua Excel\u00eancia no PPGD\/UEL representa n\u00e3o apenas um marco na trajet\u00f3ria acad\u00eamica de nosso programa, mas tamb\u00e9m uma oportunidade \u00fanica de di\u00e1logo entre a teoria e a pr\u00e1tica jur\u00eddica de mais alto n\u00edvel.<\/p>\n\n\n\n<p>Agradecemos imensamente ao Ministro OG Fernandes por sua generosidade, disponibilidade e aten\u00e7\u00e3o com nossos alunos e alunas. \u00c9 um enorme prazer e privil\u00e9gio receb\u00ea-lo em nossa institui\u00e7\u00e3o. Este dia certamente ficar\u00e1 registrado na mem\u00f3ria acad\u00eamica e institucional do nosso programa como um s\u00edmbolo de excel\u00eancia e inspira\u00e7\u00e3o.<\/p>\n\n\n\n<figure class=\"wp-block-gallery has-nested-images columns-default is-cropped wp-block-gallery-1 is-layout-flex wp-block-gallery-is-layout-flex\">\n<figure class=\"wp-block-image size-large\"><img loading=\"lazy\" decoding=\"async\" width=\"1024\" height=\"442\" data-id=\"1856\" src=\"https:\/\/pos.uel.br\/direito-negocial\/wp-content\/uploads\/2025\/05\/WhatsApp-Image-2025-05-22-at-17.48.22-1-1024x442.jpeg\" alt=\"\" class=\"wp-image-1856\" srcset=\"https:\/\/pos.uel.br\/direito-negocial\/wp-content\/uploads\/2025\/05\/WhatsApp-Image-2025-05-22-at-17.48.22-1-1024x442.jpeg 1024w, https:\/\/pos.uel.br\/direito-negocial\/wp-content\/uploads\/2025\/05\/WhatsApp-Image-2025-05-22-at-17.48.22-1-300x130.jpeg 300w, https:\/\/pos.uel.br\/direito-negocial\/wp-content\/uploads\/2025\/05\/WhatsApp-Image-2025-05-22-at-17.48.22-1-768x332.jpeg 768w, https:\/\/pos.uel.br\/direito-negocial\/wp-content\/uploads\/2025\/05\/WhatsApp-Image-2025-05-22-at-17.48.22-1.jpeg 1280w\" sizes=\"auto, (max-width: 1024px) 100vw, 1024px\" \/><\/figure>\n\n\n\n<figure class=\"wp-block-image size-large\"><img loading=\"lazy\" decoding=\"async\" width=\"1024\" height=\"468\" data-id=\"1857\" src=\"https:\/\/pos.uel.br\/direito-negocial\/wp-content\/uploads\/2025\/05\/WhatsApp-Image-2025-05-22-at-17.48.22-1024x468.jpeg\" alt=\"\" class=\"wp-image-1857\" srcset=\"https:\/\/pos.uel.br\/direito-negocial\/wp-content\/uploads\/2025\/05\/WhatsApp-Image-2025-05-22-at-17.48.22-1024x468.jpeg 1024w, https:\/\/pos.uel.br\/direito-negocial\/wp-content\/uploads\/2025\/05\/WhatsApp-Image-2025-05-22-at-17.48.22-300x137.jpeg 300w, https:\/\/pos.uel.br\/direito-negocial\/wp-content\/uploads\/2025\/05\/WhatsApp-Image-2025-05-22-at-17.48.22-768x351.jpeg 768w, https:\/\/pos.uel.br\/direito-negocial\/wp-content\/uploads\/2025\/05\/WhatsApp-Image-2025-05-22-at-17.48.22.jpeg 1363w\" sizes=\"auto, (max-width: 1024px) 100vw, 1024px\" \/><\/figure>\n<\/figure>\n","protected":false},"excerpt":{"rendered":"<p>No dia 22\/05\/2025 vivenciamos um momento memor\u00e1vel em nosso Programa de P\u00f3s-Gradua\u00e7\u00e3o em Direito Negocial da Universidade Estadual de Londrina. Tivemos a honra de receber o Ministro OG Fernandes, do Superior Tribunal de Justi\u00e7a, para uma aula aberta sobre o tema &#8220;Transforma\u00e7\u00f5es Digitais no Sistema de Precedentes Brasileiro&#8221;, na disciplina Precedentes e seus aspectos pr\u00e1ticos [&hellip;]<\/p>\n","protected":false},"author":16,"featured_media":1856,"comment_status":"open","ping_status":"open","sticky":false,"template":"","format":"standard","meta":{"_acf_changed":false,"footnotes":""},"categories":[12],"tags":[],"class_list":["post-3019","post","type-post","status-publish","format-standard","has-post-thumbnail","hentry","category-noticias-ppgdn"],"acf":[],"_links":{"self":[{"href":"https:\/\/pos.uel.br\/direito-negocial\/wp-json\/wp\/v2\/posts\/3019","targetHints":{"allow":["GET"]}}],"collection":[{"href":"https:\/\/pos.uel.br\/direito-negocial\/wp-json\/wp\/v2\/posts"}],"about":[{"href":"https:\/\/pos.uel.br\/direito-negocial\/wp-json\/wp\/v2\/types\/post"}],"author":[{"embeddable":true,"href":"https:\/\/pos.uel.br\/direito-negocial\/wp-json\/wp\/v2\/users\/16"}],"replies":[{"embeddable":true,"href":"https:\/\/pos.uel.br\/direito-negocial\/wp-json\/wp\/v2\/comments?post=3019"}],"version-history":[{"count":1,"href":"https:\/\/pos.uel.br\/direito-negocial\/wp-json\/wp\/v2\/posts\/3019\/revisions"}],"predecessor-version":[{"id":3022,"href":"https:\/\/pos.uel.br\/direito-negocial\/wp-json\/wp\/v2\/posts\/3019\/revisions\/3022"}],"wp:featuredmedia":[{"embeddable":true,"href":"https:\/\/pos.uel.br\/direito-negocial\/wp-json\/wp\/v2\/media\/1856"}],"wp:attachment":[{"href":"https:\/\/pos.uel.br\/direito-negocial\/wp-json\/wp\/v2\/media?parent=3019"}],"wp:term":[{"taxonomy":"category","embeddable":true,"href":"https:\/\/pos.uel.br\/direito-negocial\/wp-json\/wp\/v2\/categories?post=3019"},{"taxonomy":"post_tag","embeddable":true,"href":"https:\/\/pos.uel.br\/direito-negocial\/wp-json\/wp\/v2\/tags?post=3019"}],"curies":[{"name":"wp","href":"https:\/\/api.w.org\/{rel}","templated":true}]}}