{"id":3017,"date":"2025-05-23T16:23:00","date_gmt":"2025-05-23T19:23:00","guid":{"rendered":"https:\/\/pos.uel.br\/direito-negocial\/?p=3017"},"modified":"2025-09-01T16:25:40","modified_gmt":"2025-09-01T19:25:40","slug":"egresso-do-ppgdn-da-uel-lanca-obra-sobre-familias-de-baixa-renda-e-acesso-a-justica","status":"publish","type":"post","link":"https:\/\/pos.uel.br\/direito-negocial\/noticias-ppgdn\/2025\/05\/23\/egresso-do-ppgdn-da-uel-lanca-obra-sobre-familias-de-baixa-renda-e-acesso-a-justica\/","title":{"rendered":"Egresso do PPGDN da UEL lan\u00e7a obra sobre fam\u00edlias de baixa renda e acesso \u00e0 Justi\u00e7a"},"content":{"rendered":"\n<div class=\"wp-block-media-text is-stacked-on-mobile\" style=\"grid-template-columns:22% auto\"><figure class=\"wp-block-media-text__media\"><img loading=\"lazy\" decoding=\"async\" width=\"576\" height=\"1024\" src=\"https:\/\/pos.uel.br\/direito-negocial\/wp-content\/uploads\/2025\/05\/WhatsApp-Image-2025-05-23-at-16.06.07-576x1024.jpeg\" alt=\"\" class=\"wp-image-1885 size-full\" srcset=\"https:\/\/pos.uel.br\/direito-negocial\/wp-content\/uploads\/2025\/05\/WhatsApp-Image-2025-05-23-at-16.06.07-576x1024.jpeg 576w, https:\/\/pos.uel.br\/direito-negocial\/wp-content\/uploads\/2025\/05\/WhatsApp-Image-2025-05-23-at-16.06.07-169x300.jpeg 169w, https:\/\/pos.uel.br\/direito-negocial\/wp-content\/uploads\/2025\/05\/WhatsApp-Image-2025-05-23-at-16.06.07-768x1366.jpeg 768w, https:\/\/pos.uel.br\/direito-negocial\/wp-content\/uploads\/2025\/05\/WhatsApp-Image-2025-05-23-at-16.06.07-864x1536.jpeg 864w, https:\/\/pos.uel.br\/direito-negocial\/wp-content\/uploads\/2025\/05\/WhatsApp-Image-2025-05-23-at-16.06.07-1152x2048.jpeg 1152w, https:\/\/pos.uel.br\/direito-negocial\/wp-content\/uploads\/2025\/05\/WhatsApp-Image-2025-05-23-at-16.06.07-scaled.jpeg 1439w\" sizes=\"auto, (max-width: 576px) 100vw, 576px\" \/><\/figure><div class=\"wp-block-media-text__content\">\n<p>No dia 23 de maio de 2025, o coordenador do Programa de P\u00f3s-Gradua\u00e7\u00e3o em Direito Negocial (PPGDN) da Universidade Estadual de Londrina (UEL), Prof. Dr. Clodomiro Jos\u00e9 Bannwart J\u00fanior, recebeu a visita do egresso Marcelo Augusto da Silva.<\/p>\n\n\n\n<p>Recentemente, Marcelo publicou sua obra intitulada \u201cDas rela\u00e7\u00f5es familiares de baixa renda e o acesso \u00e0 Justi\u00e7a\u201d, resultado de sua disserta\u00e7\u00e3o de mestrado orientado pela Prof\u00aa. Dr\u00aa. Rozane Da Rosa Cachapuz. O livro foi publicado pela Editora Engenho das Letras e ter\u00e1 seu lan\u00e7amento oficial em breve.<\/p>\n\n\n\n<p>A publica\u00e7\u00e3o reafirma o compromisso do Programa de P\u00f3s-Gradua\u00e7\u00e3o em Direito Negocial (PPGDN) com a produ\u00e7\u00e3o acad\u00eamica de relev\u00e2ncia social e a valoriza\u00e7\u00e3o das trajet\u00f3rias de seus egressos.<\/p>\n<\/div><\/div>\n","protected":false},"excerpt":{"rendered":"<p>No dia 23 de maio de 2025, o coordenador do Programa de P\u00f3s-Gradua\u00e7\u00e3o em Direito Negocial (PPGDN) da Universidade Estadual de Londrina (UEL), Prof. Dr. Clodomiro Jos\u00e9 Bannwart J\u00fanior, recebeu a visita do egresso Marcelo Augusto da Silva. Recentemente, Marcelo publicou sua obra intitulada \u201cDas rela\u00e7\u00f5es familiares de baixa renda e o acesso \u00e0 Justi\u00e7a\u201d, [&hellip;]<\/p>\n","protected":false},"author":16,"featured_media":1885,"comment_status":"open","ping_status":"open","sticky":false,"template":"","format":"standard","meta":{"_acf_changed":false,"footnotes":""},"categories":[28,19,12],"tags":[],"class_list":["post-3017","post","type-post","status-publish","format-standard","has-post-thumbnail","hentry","category-destaque-discente","category-lancamentos","category-noticias-ppgdn"],"acf":[],"_links":{"self":[{"href":"https:\/\/pos.uel.br\/direito-negocial\/wp-json\/wp\/v2\/posts\/3017","targetHints":{"allow":["GET"]}}],"collection":[{"href":"https:\/\/pos.uel.br\/direito-negocial\/wp-json\/wp\/v2\/posts"}],"about":[{"href":"https:\/\/pos.uel.br\/direito-negocial\/wp-json\/wp\/v2\/types\/post"}],"author":[{"embeddable":true,"href":"https:\/\/pos.uel.br\/direito-negocial\/wp-json\/wp\/v2\/users\/16"}],"replies":[{"embeddable":true,"href":"https:\/\/pos.uel.br\/direito-negocial\/wp-json\/wp\/v2\/comments?post=3017"}],"version-history":[{"count":1,"href":"https:\/\/pos.uel.br\/direito-negocial\/wp-json\/wp\/v2\/posts\/3017\/revisions"}],"predecessor-version":[{"id":3018,"href":"https:\/\/pos.uel.br\/direito-negocial\/wp-json\/wp\/v2\/posts\/3017\/revisions\/3018"}],"wp:featuredmedia":[{"embeddable":true,"href":"https:\/\/pos.uel.br\/direito-negocial\/wp-json\/wp\/v2\/media\/1885"}],"wp:attachment":[{"href":"https:\/\/pos.uel.br\/direito-negocial\/wp-json\/wp\/v2\/media?parent=3017"}],"wp:term":[{"taxonomy":"category","embeddable":true,"href":"https:\/\/pos.uel.br\/direito-negocial\/wp-json\/wp\/v2\/categories?post=3017"},{"taxonomy":"post_tag","embeddable":true,"href":"https:\/\/pos.uel.br\/direito-negocial\/wp-json\/wp\/v2\/tags?post=3017"}],"curies":[{"name":"wp","href":"https:\/\/api.w.org\/{rel}","templated":true}]}}