{"id":3012,"date":"2025-05-29T16:13:00","date_gmt":"2025-05-29T19:13:00","guid":{"rendered":"https:\/\/pos.uel.br\/direito-negocial\/?p=3012"},"modified":"2025-09-01T16:16:07","modified_gmt":"2025-09-01T19:16:07","slug":"ppgdn-uel-recebe-a-visita-do-prof-sergio-alves-gomes-para-aula-sobre-hermeneutica-juridica","status":"publish","type":"post","link":"https:\/\/pos.uel.br\/direito-negocial\/noticias-ppgdn\/2025\/05\/29\/ppgdn-uel-recebe-a-visita-do-prof-sergio-alves-gomes-para-aula-sobre-hermeneutica-juridica\/","title":{"rendered":"PPGDN-UEL recebe a visita do Prof. S\u00e9rgio Alves Gomes para aula sobre Hermen\u00eautica Jur\u00eddica"},"content":{"rendered":"\n<p>Na data de ontem, 29 de maio de 2025, os alunos de mestrado e doutorado do Programa de P\u00f3s-gradua\u00e7\u00e3o em Direito Negocial da UEL que cursam a disciplina de Fundamentos Filos\u00f3ficos Do Direito Negocial, regida pelo professor e coordenador do curso, Prof. Dr. Clodomiro Jos\u00e9 Bannwart Junior, tiveram a oportunidade e o privil\u00e9gio de partilharem das li\u00e7\u00f5es do sempre querido Prof. Dr. S\u00e9rgio Alves Gomes. O Prof. S\u00e9rgio que at\u00e9 o ano de 2022 era o professor respons\u00e1vel por essa disciplina, foi convidado a contribuir e abrilhantou as discuss\u00f5es trazendo uma aula sobre Hermen\u00eautica Jur\u00eddica. Os alunos foram un\u00e2nimes em destacar a leveza e profundidade com que o Prof. S\u00e9rgio aborda temas de grande complexidade sempre instigando os alunos \u00e0 pesquisa e \u00e0 reflex\u00e3o sobre os temas contempor\u00e2neos do Direito \u00e0 luz da filosofia. Sempre uma honra e um prazer contar com a participa\u00e7\u00e3o do Prof. S\u00e9rgio Alves Gomes no PPGDN-UEL.<\/p>\n\n\n\n<figure class=\"wp-block-gallery has-nested-images columns-default is-cropped wp-block-gallery-1 is-layout-flex wp-block-gallery-is-layout-flex\">\n<figure class=\"wp-block-image size-large\"><img loading=\"lazy\" decoding=\"async\" width=\"576\" height=\"1024\" data-id=\"1927\" src=\"https:\/\/pos.uel.br\/direito-negocial\/wp-content\/uploads\/2025\/05\/WhatsApp-Image-2025-05-29-at-12.45.03-576x1024.jpeg\" alt=\"\" class=\"wp-image-1927\" srcset=\"https:\/\/pos.uel.br\/direito-negocial\/wp-content\/uploads\/2025\/05\/WhatsApp-Image-2025-05-29-at-12.45.03-576x1024.jpeg 576w, https:\/\/pos.uel.br\/direito-negocial\/wp-content\/uploads\/2025\/05\/WhatsApp-Image-2025-05-29-at-12.45.03-169x300.jpeg 169w, https:\/\/pos.uel.br\/direito-negocial\/wp-content\/uploads\/2025\/05\/WhatsApp-Image-2025-05-29-at-12.45.03-768x1365.jpeg 768w, https:\/\/pos.uel.br\/direito-negocial\/wp-content\/uploads\/2025\/05\/WhatsApp-Image-2025-05-29-at-12.45.03-864x1536.jpeg 864w, https:\/\/pos.uel.br\/direito-negocial\/wp-content\/uploads\/2025\/05\/WhatsApp-Image-2025-05-29-at-12.45.03.jpeg 900w\" sizes=\"auto, (max-width: 576px) 100vw, 576px\" \/><\/figure>\n\n\n\n<figure class=\"wp-block-image size-large\"><img loading=\"lazy\" decoding=\"async\" width=\"576\" height=\"1024\" data-id=\"1926\" src=\"https:\/\/pos.uel.br\/direito-negocial\/wp-content\/uploads\/2025\/05\/WhatsApp-Image-2025-05-29-at-12.45.03-2-576x1024.jpeg\" alt=\"\" class=\"wp-image-1926\" srcset=\"https:\/\/pos.uel.br\/direito-negocial\/wp-content\/uploads\/2025\/05\/WhatsApp-Image-2025-05-29-at-12.45.03-2-576x1024.jpeg 576w, https:\/\/pos.uel.br\/direito-negocial\/wp-content\/uploads\/2025\/05\/WhatsApp-Image-2025-05-29-at-12.45.03-2-169x300.jpeg 169w, https:\/\/pos.uel.br\/direito-negocial\/wp-content\/uploads\/2025\/05\/WhatsApp-Image-2025-05-29-at-12.45.03-2-768x1365.jpeg 768w, https:\/\/pos.uel.br\/direito-negocial\/wp-content\/uploads\/2025\/05\/WhatsApp-Image-2025-05-29-at-12.45.03-2-864x1536.jpeg 864w, https:\/\/pos.uel.br\/direito-negocial\/wp-content\/uploads\/2025\/05\/WhatsApp-Image-2025-05-29-at-12.45.03-2.jpeg 900w\" sizes=\"auto, (max-width: 576px) 100vw, 576px\" \/><\/figure>\n\n\n\n<figure class=\"wp-block-image size-large\"><img loading=\"lazy\" decoding=\"async\" width=\"576\" height=\"1024\" data-id=\"1925\" src=\"https:\/\/pos.uel.br\/direito-negocial\/wp-content\/uploads\/2025\/05\/WhatsApp-Image-2025-05-29-at-12.45.04-2-576x1024.jpeg\" alt=\"\" class=\"wp-image-1925\" srcset=\"https:\/\/pos.uel.br\/direito-negocial\/wp-content\/uploads\/2025\/05\/WhatsApp-Image-2025-05-29-at-12.45.04-2-576x1024.jpeg 576w, https:\/\/pos.uel.br\/direito-negocial\/wp-content\/uploads\/2025\/05\/WhatsApp-Image-2025-05-29-at-12.45.04-2-169x300.jpeg 169w, https:\/\/pos.uel.br\/direito-negocial\/wp-content\/uploads\/2025\/05\/WhatsApp-Image-2025-05-29-at-12.45.04-2-768x1365.jpeg 768w, https:\/\/pos.uel.br\/direito-negocial\/wp-content\/uploads\/2025\/05\/WhatsApp-Image-2025-05-29-at-12.45.04-2-864x1536.jpeg 864w, https:\/\/pos.uel.br\/direito-negocial\/wp-content\/uploads\/2025\/05\/WhatsApp-Image-2025-05-29-at-12.45.04-2.jpeg 900w\" sizes=\"auto, (max-width: 576px) 100vw, 576px\" \/><\/figure>\n<\/figure>\n","protected":false},"excerpt":{"rendered":"<p>Na data de ontem, 29 de maio de 2025, os alunos de mestrado e doutorado do Programa de P\u00f3s-gradua\u00e7\u00e3o em Direito Negocial da UEL que cursam a disciplina de Fundamentos Filos\u00f3ficos Do Direito Negocial, regida pelo professor e coordenador do curso, Prof. Dr. Clodomiro Jos\u00e9 Bannwart Junior, tiveram a oportunidade e o privil\u00e9gio de partilharem [&hellip;]<\/p>\n","protected":false},"author":16,"featured_media":1925,"comment_status":"open","ping_status":"open","sticky":false,"template":"","format":"standard","meta":{"_acf_changed":false,"footnotes":""},"categories":[31,12],"tags":[],"class_list":["post-3012","post","type-post","status-publish","format-standard","has-post-thumbnail","hentry","category-aulas","category-noticias-ppgdn"],"acf":[],"_links":{"self":[{"href":"https:\/\/pos.uel.br\/direito-negocial\/wp-json\/wp\/v2\/posts\/3012","targetHints":{"allow":["GET"]}}],"collection":[{"href":"https:\/\/pos.uel.br\/direito-negocial\/wp-json\/wp\/v2\/posts"}],"about":[{"href":"https:\/\/pos.uel.br\/direito-negocial\/wp-json\/wp\/v2\/types\/post"}],"author":[{"embeddable":true,"href":"https:\/\/pos.uel.br\/direito-negocial\/wp-json\/wp\/v2\/users\/16"}],"replies":[{"embeddable":true,"href":"https:\/\/pos.uel.br\/direito-negocial\/wp-json\/wp\/v2\/comments?post=3012"}],"version-history":[{"count":1,"href":"https:\/\/pos.uel.br\/direito-negocial\/wp-json\/wp\/v2\/posts\/3012\/revisions"}],"predecessor-version":[{"id":3013,"href":"https:\/\/pos.uel.br\/direito-negocial\/wp-json\/wp\/v2\/posts\/3012\/revisions\/3013"}],"wp:featuredmedia":[{"embeddable":true,"href":"https:\/\/pos.uel.br\/direito-negocial\/wp-json\/wp\/v2\/media\/1925"}],"wp:attachment":[{"href":"https:\/\/pos.uel.br\/direito-negocial\/wp-json\/wp\/v2\/media?parent=3012"}],"wp:term":[{"taxonomy":"category","embeddable":true,"href":"https:\/\/pos.uel.br\/direito-negocial\/wp-json\/wp\/v2\/categories?post=3012"},{"taxonomy":"post_tag","embeddable":true,"href":"https:\/\/pos.uel.br\/direito-negocial\/wp-json\/wp\/v2\/tags?post=3012"}],"curies":[{"name":"wp","href":"https:\/\/api.w.org\/{rel}","templated":true}]}}