{"id":3010,"date":"2025-05-31T16:10:00","date_gmt":"2025-05-31T19:10:00","guid":{"rendered":"https:\/\/pos.uel.br\/direito-negocial\/?p=3010"},"modified":"2025-09-01T16:13:26","modified_gmt":"2025-09-01T19:13:26","slug":"profa-daniela-braga-paiano-participa-do-xv-congresso-do-mercosul-de-direito-de-familias-e-sucessoes","status":"publish","type":"post","link":"https:\/\/pos.uel.br\/direito-negocial\/sem-categoria\/2025\/05\/31\/profa-daniela-braga-paiano-participa-do-xv-congresso-do-mercosul-de-direito-de-familias-e-sucessoes\/","title":{"rendered":"Profa. Daniela Braga Paiano participa do XV Congresso do Mercosul de Direito de Fam\u00edlias e Sucess\u00f5es"},"content":{"rendered":"\n<p>Nos dias 29 e 30 de maio de 2025, a Profa. Dra. Daniela Braga Paiano do PPGD-UEL participou, na cidade de Bento Gon\u00e7alves \u2013 RS, do XV Congresso do Mercosul de Direito de Fam\u00edlias e Sucess\u00f5es. Consolidado como um dos maiores eventos jur\u00eddicos da Am\u00e9rica Latina e organizado pelo IBDFAM \u2013 Instituto Brasileiro de Direito de Fam\u00edlia do Rio Grande do Sul, o evento tem alcance internacional e conta com a participa\u00e7\u00e3o dos maiores pesquisadores da \u00e1rea de Direito de Fam\u00edlia e Sucess\u00f5es no Brasil.<\/p>\n\n\n\n<p>Na ocasi\u00e3o, a Profa. Daniela esteve ao lado de grandes nomes do Direito de Fam\u00edlia e Sucess\u00f5es do Brasil como a Profa. Dra. Giselda Hironaka (USP) que proferiu a palestra de abertura do evento sobre \u201cA reforma do C\u00f3digo Civil e o futuro do direito das sucess\u00f5es\u201d. Tamb\u00e9m estiveram presentes o presidente do IBDFAM Brasil, Prof. Dr. Rodrigo da Cunha Pereira, dentre outros nomes como Profa. Dra. Maria Berenice Dias, Prof. Dr. Conrado Paulino da Rosa, Prof. Dr. Rodrigo Toscano de Brito, Prof. Dr. Carlos Pianovki e outros.<\/p>\n\n\n\n<p>Al\u00e9m de prestigiar as brilhantes palestras proferidas, a Profa. Daniela Braga Paiano tamb\u00e9m pertence ao REFAM \u2013 Rede de Pesquisa em Fam\u00edlias e Sucess\u00f5es que idealizou o Pr\u00eamio Zeno Veloso, uma iniciativa que al\u00e9m de cultivar a mem\u00f3ria desse grande jurista que nos deixou em 2021, busca premiar disserta\u00e7\u00f5es, teses e solu\u00e7\u00f5es jur\u00eddico inovadoras que visam contribuir para expandir as fronteiras do conhecimento da \u00e1rea. A Profa. Daniela atualmente encontra-se como coordenadora da comiss\u00e3o julgadora e a Profa. Dra. Rita de C\u00e1ssia Resquetti Tarifa Espolador tamb\u00e9m atua na comiss\u00e3o como avaliadora dos trabalhos.<\/p>\n\n\n\n<p>Nesse ano a premia\u00e7\u00e3o foi a de melhor solu\u00e7\u00e3o inovadora na qual foi premiada o Projeto \u201cRestaurando v\u00ednculos, de autoria de Lila Maria Spadoni, Analice Vinhal, Amanda Pereira Alves e Anna Luiza Fernandes, Rita de C\u00e1ssia Godoy, Antonio Henrique Milhomem, Ana Isabela Almeida Eg\u00eddio, Anna Paula Nicodemos Fleury Alves, Fernanda Frauzino do Vale Garcia, Lais F. S. Dias, Maria Eduarda Fran\u00e7a Berqu\u00f3 Lobo, a melhor tese, de autoria de Maurem Silva Rocha, denominada \u201cTem que amar e deixar ir \u2013 um olhar sobre a constru\u00e7\u00e3o do servi\u00e7o de fam\u00edlias acolhedoras em Porto Alegre e a melhor disserta\u00e7\u00e3o intitulada \u201cM\u00fatua exclus\u00e3o do direito concorrencial \u00e0 sucess\u00e3o (analisada a qualidade de herdeiro necess\u00e1rio do c\u00f4njuge e convivente\u201d, de autoria de La\u00eds Mello Haffers. Al\u00e9m dessas categorias foi distribu\u00edda men\u00e7\u00e3o honrosa \u00e0 Nat\u00e1lia Trindade Emmel pela disserta\u00e7\u00e3o \u201cPor uma Releitura Funcional da Leg\u00edtima: Efeitos da Afetividade e da Autonomia Privada nas Rela\u00e7\u00f5es Sucess\u00f3rias\u201d.<\/p>\n\n\n\n<p>A produ\u00e7\u00e3o acad\u00eamica do PPGND-UEL marcou presen\u00e7a no evento, com a divulga\u00e7\u00e3o e venda tanto da obra \u201cMultiparentalidade, Espa\u00e7os em constru\u00e7\u00e3o\u201d, de autoria da Profa. Daniela Braga Paiano, publicada nesse ano pela Editora Foco, quanto de algumas das obras coletivas coordenadas e nas quais s\u00e3o autores professores, alunos e egressos do PPGDN-UEL, algumas delas inclusive fruto de disciplinas ofertadas pelo Programa, como \u201cNeg\u00f3cios Jur\u00eddicos: Aspectos P\u00fablicos e Privados\u201d, \u201c, Direito de Fam\u00edlia e das Sucess\u00f5es 1 \u2013 Rela\u00e7\u00f5es Existenciais\u201d, Direito de Fam\u00edlia e das Sucess\u00f5es 2 \u2013 Rela\u00e7\u00f5es Existenciais\u201d, \u201cEstatuto da pessoa com Defici\u00eancia: Reflex\u00f5es e Perspectivas\u201d.<\/p>\n\n\n\n<p>Parabenizamos a Profa. Daniela Braga Paiano pela constante busca pelo conhecimento acad\u00eamico e aprimoramento e por carregar sempre consigo o orgulho de pertencer ao Programa de P\u00f3s-Gradua\u00e7\u00e3o em Direito Negocial da UEL (PPGDN-UEL).<\/p>\n\n\n\n<figure class=\"wp-block-gallery has-nested-images columns-default is-cropped wp-block-gallery-1 is-layout-flex wp-block-gallery-is-layout-flex\">\n<figure class=\"wp-block-image size-large\"><img loading=\"lazy\" decoding=\"async\" width=\"768\" height=\"1024\" data-id=\"1955\" src=\"https:\/\/pos.uel.br\/direito-negocial\/wp-content\/uploads\/2025\/05\/3-1-768x1024.jpeg\" alt=\"\" class=\"wp-image-1955\" srcset=\"https:\/\/pos.uel.br\/direito-negocial\/wp-content\/uploads\/2025\/05\/3-1-768x1024.jpeg 768w, https:\/\/pos.uel.br\/direito-negocial\/wp-content\/uploads\/2025\/05\/3-1-225x300.jpeg 225w, https:\/\/pos.uel.br\/direito-negocial\/wp-content\/uploads\/2025\/05\/3-1-1152x1536.jpeg 1152w, https:\/\/pos.uel.br\/direito-negocial\/wp-content\/uploads\/2025\/05\/3-1.jpeg 1200w\" sizes=\"auto, (max-width: 768px) 100vw, 768px\" \/><\/figure>\n\n\n\n<figure class=\"wp-block-image size-large\"><img loading=\"lazy\" decoding=\"async\" width=\"768\" height=\"1024\" data-id=\"1957\" src=\"https:\/\/pos.uel.br\/direito-negocial\/wp-content\/uploads\/2025\/05\/7-768x1024.jpeg\" alt=\"\" class=\"wp-image-1957\" srcset=\"https:\/\/pos.uel.br\/direito-negocial\/wp-content\/uploads\/2025\/05\/7-768x1024.jpeg 768w, https:\/\/pos.uel.br\/direito-negocial\/wp-content\/uploads\/2025\/05\/7-225x300.jpeg 225w, https:\/\/pos.uel.br\/direito-negocial\/wp-content\/uploads\/2025\/05\/7-1152x1536.jpeg 1152w, https:\/\/pos.uel.br\/direito-negocial\/wp-content\/uploads\/2025\/05\/7-1536x2048.jpeg 1536w, https:\/\/pos.uel.br\/direito-negocial\/wp-content\/uploads\/2025\/05\/7-scaled.jpeg 1920w\" sizes=\"auto, (max-width: 768px) 100vw, 768px\" \/><\/figure>\n\n\n\n<figure class=\"wp-block-image size-large\"><img loading=\"lazy\" decoding=\"async\" width=\"768\" height=\"1024\" data-id=\"1958\" src=\"https:\/\/pos.uel.br\/direito-negocial\/wp-content\/uploads\/2025\/05\/9-768x1024.jpeg\" alt=\"\" class=\"wp-image-1958\" srcset=\"https:\/\/pos.uel.br\/direito-negocial\/wp-content\/uploads\/2025\/05\/9-768x1024.jpeg 768w, https:\/\/pos.uel.br\/direito-negocial\/wp-content\/uploads\/2025\/05\/9-225x300.jpeg 225w, https:\/\/pos.uel.br\/direito-negocial\/wp-content\/uploads\/2025\/05\/9-1152x1536.jpeg 1152w, https:\/\/pos.uel.br\/direito-negocial\/wp-content\/uploads\/2025\/05\/9.jpeg 1200w\" sizes=\"auto, (max-width: 768px) 100vw, 768px\" \/><\/figure>\n\n\n\n<figure class=\"wp-block-image size-large\"><img loading=\"lazy\" decoding=\"async\" width=\"768\" height=\"1024\" data-id=\"1956\" src=\"https:\/\/pos.uel.br\/direito-negocial\/wp-content\/uploads\/2025\/05\/8-768x1024.jpeg\" alt=\"\" class=\"wp-image-1956\" srcset=\"https:\/\/pos.uel.br\/direito-negocial\/wp-content\/uploads\/2025\/05\/8-768x1024.jpeg 768w, https:\/\/pos.uel.br\/direito-negocial\/wp-content\/uploads\/2025\/05\/8-225x300.jpeg 225w, https:\/\/pos.uel.br\/direito-negocial\/wp-content\/uploads\/2025\/05\/8-1152x1536.jpeg 1152w, https:\/\/pos.uel.br\/direito-negocial\/wp-content\/uploads\/2025\/05\/8.jpeg 1200w\" sizes=\"auto, (max-width: 768px) 100vw, 768px\" \/><\/figure>\n\n\n\n<figure class=\"wp-block-image size-large\"><img loading=\"lazy\" decoding=\"async\" width=\"768\" height=\"1024\" data-id=\"1959\" src=\"https:\/\/pos.uel.br\/direito-negocial\/wp-content\/uploads\/2025\/05\/WhatsApp-Image-2025-05-30-at-08.43.57-768x1024.jpeg\" alt=\"\" class=\"wp-image-1959\" srcset=\"https:\/\/pos.uel.br\/direito-negocial\/wp-content\/uploads\/2025\/05\/WhatsApp-Image-2025-05-30-at-08.43.57-768x1024.jpeg 768w, https:\/\/pos.uel.br\/direito-negocial\/wp-content\/uploads\/2025\/05\/WhatsApp-Image-2025-05-30-at-08.43.57-225x300.jpeg 225w, https:\/\/pos.uel.br\/direito-negocial\/wp-content\/uploads\/2025\/05\/WhatsApp-Image-2025-05-30-at-08.43.57.jpeg 960w\" sizes=\"auto, (max-width: 768px) 100vw, 768px\" \/><\/figure>\n\n\n\n<figure class=\"wp-block-image size-large\"><img loading=\"lazy\" decoding=\"async\" width=\"768\" height=\"1024\" data-id=\"1954\" src=\"https:\/\/pos.uel.br\/direito-negocial\/wp-content\/uploads\/2025\/05\/6-768x1024.jpeg\" alt=\"\" class=\"wp-image-1954\" srcset=\"https:\/\/pos.uel.br\/direito-negocial\/wp-content\/uploads\/2025\/05\/6-768x1024.jpeg 768w, https:\/\/pos.uel.br\/direito-negocial\/wp-content\/uploads\/2025\/05\/6-225x300.jpeg 225w, https:\/\/pos.uel.br\/direito-negocial\/wp-content\/uploads\/2025\/05\/6.jpeg 960w\" sizes=\"auto, (max-width: 768px) 100vw, 768px\" \/><\/figure>\n\n\n\n<figure class=\"wp-block-image size-large\"><img loading=\"lazy\" decoding=\"async\" width=\"768\" height=\"1024\" data-id=\"1953\" src=\"https:\/\/pos.uel.br\/direito-negocial\/wp-content\/uploads\/2025\/05\/5-2-768x1024.jpeg\" alt=\"\" class=\"wp-image-1953\" srcset=\"https:\/\/pos.uel.br\/direito-negocial\/wp-content\/uploads\/2025\/05\/5-2-768x1024.jpeg 768w, https:\/\/pos.uel.br\/direito-negocial\/wp-content\/uploads\/2025\/05\/5-2-225x300.jpeg 225w, https:\/\/pos.uel.br\/direito-negocial\/wp-content\/uploads\/2025\/05\/5-2.jpeg 960w\" sizes=\"auto, (max-width: 768px) 100vw, 768px\" \/><\/figure>\n\n\n\n<figure class=\"wp-block-image size-large\"><img loading=\"lazy\" decoding=\"async\" width=\"768\" height=\"1024\" data-id=\"1952\" src=\"https:\/\/pos.uel.br\/direito-negocial\/wp-content\/uploads\/2025\/05\/4-1-768x1024.jpeg\" alt=\"\" class=\"wp-image-1952\" srcset=\"https:\/\/pos.uel.br\/direito-negocial\/wp-content\/uploads\/2025\/05\/4-1-768x1024.jpeg 768w, https:\/\/pos.uel.br\/direito-negocial\/wp-content\/uploads\/2025\/05\/4-1-225x300.jpeg 225w, https:\/\/pos.uel.br\/direito-negocial\/wp-content\/uploads\/2025\/05\/4-1.jpeg 960w\" sizes=\"auto, (max-width: 768px) 100vw, 768px\" \/><\/figure>\n\n\n\n<figure class=\"wp-block-image size-large\"><img loading=\"lazy\" decoding=\"async\" width=\"768\" height=\"1024\" data-id=\"1951\" src=\"https:\/\/pos.uel.br\/direito-negocial\/wp-content\/uploads\/2025\/05\/2-2-768x1024.jpeg\" alt=\"\" class=\"wp-image-1951\" srcset=\"https:\/\/pos.uel.br\/direito-negocial\/wp-content\/uploads\/2025\/05\/2-2-768x1024.jpeg 768w, https:\/\/pos.uel.br\/direito-negocial\/wp-content\/uploads\/2025\/05\/2-2-225x300.jpeg 225w, https:\/\/pos.uel.br\/direito-negocial\/wp-content\/uploads\/2025\/05\/2-2.jpeg 960w\" sizes=\"auto, (max-width: 768px) 100vw, 768px\" \/><\/figure>\n\n\n\n<figure class=\"wp-block-image size-large\"><img loading=\"lazy\" decoding=\"async\" width=\"576\" height=\"1024\" data-id=\"1950\" src=\"https:\/\/pos.uel.br\/direito-negocial\/wp-content\/uploads\/2025\/05\/1-576x1024.jpeg\" alt=\"\" class=\"wp-image-1950\" srcset=\"https:\/\/pos.uel.br\/direito-negocial\/wp-content\/uploads\/2025\/05\/1-576x1024.jpeg 576w, https:\/\/pos.uel.br\/direito-negocial\/wp-content\/uploads\/2025\/05\/1-169x300.jpeg 169w, https:\/\/pos.uel.br\/direito-negocial\/wp-content\/uploads\/2025\/05\/1.jpeg 720w\" sizes=\"auto, (max-width: 576px) 100vw, 576px\" \/><\/figure>\n<\/figure>\n","protected":false},"excerpt":{"rendered":"<p>Nos dias 29 e 30 de maio de 2025, a Profa. Dra. Daniela Braga Paiano do PPGD-UEL participou, na cidade de Bento Gon\u00e7alves \u2013 RS, do XV Congresso do Mercosul de Direito de Fam\u00edlias e Sucess\u00f5es. Consolidado como um dos maiores eventos jur\u00eddicos da Am\u00e9rica Latina e organizado pelo IBDFAM \u2013 Instituto Brasileiro de Direito [&hellip;]<\/p>\n","protected":false},"author":16,"featured_media":1959,"comment_status":"open","ping_status":"open","sticky":false,"template":"","format":"standard","meta":{"_acf_changed":false,"footnotes":""},"categories":[1],"tags":[],"class_list":["post-3010","post","type-post","status-publish","format-standard","has-post-thumbnail","hentry","category-sem-categoria"],"acf":[],"_links":{"self":[{"href":"https:\/\/pos.uel.br\/direito-negocial\/wp-json\/wp\/v2\/posts\/3010","targetHints":{"allow":["GET"]}}],"collection":[{"href":"https:\/\/pos.uel.br\/direito-negocial\/wp-json\/wp\/v2\/posts"}],"about":[{"href":"https:\/\/pos.uel.br\/direito-negocial\/wp-json\/wp\/v2\/types\/post"}],"author":[{"embeddable":true,"href":"https:\/\/pos.uel.br\/direito-negocial\/wp-json\/wp\/v2\/users\/16"}],"replies":[{"embeddable":true,"href":"https:\/\/pos.uel.br\/direito-negocial\/wp-json\/wp\/v2\/comments?post=3010"}],"version-history":[{"count":1,"href":"https:\/\/pos.uel.br\/direito-negocial\/wp-json\/wp\/v2\/posts\/3010\/revisions"}],"predecessor-version":[{"id":3011,"href":"https:\/\/pos.uel.br\/direito-negocial\/wp-json\/wp\/v2\/posts\/3010\/revisions\/3011"}],"wp:featuredmedia":[{"embeddable":true,"href":"https:\/\/pos.uel.br\/direito-negocial\/wp-json\/wp\/v2\/media\/1959"}],"wp:attachment":[{"href":"https:\/\/pos.uel.br\/direito-negocial\/wp-json\/wp\/v2\/media?parent=3010"}],"wp:term":[{"taxonomy":"category","embeddable":true,"href":"https:\/\/pos.uel.br\/direito-negocial\/wp-json\/wp\/v2\/categories?post=3010"},{"taxonomy":"post_tag","embeddable":true,"href":"https:\/\/pos.uel.br\/direito-negocial\/wp-json\/wp\/v2\/tags?post=3010"}],"curies":[{"name":"wp","href":"https:\/\/api.w.org\/{rel}","templated":true}]}}