{"id":3007,"date":"2025-06-04T15:56:00","date_gmt":"2025-06-04T18:56:00","guid":{"rendered":"https:\/\/pos.uel.br\/direito-negocial\/?p=3007"},"modified":"2025-09-01T16:10:04","modified_gmt":"2025-09-01T19:10:04","slug":"ppgdn-uel-fortalece-parceria-internacional-com-universidad-catolica-de-santa-maria-ucsm-arequipa-peru","status":"publish","type":"post","link":"https:\/\/pos.uel.br\/direito-negocial\/noticias-ppgdn\/2025\/06\/04\/ppgdn-uel-fortalece-parceria-internacional-com-universidad-catolica-de-santa-maria-ucsm-arequipa-peru\/","title":{"rendered":"PPGDN\/UEL fortalece parceria internacional com Universidad Cat\u00f3lica de Santa Mar\u00eda (UCSM, Arequipa, Peru)"},"content":{"rendered":"\n<p>Na manh\u00e3 desta quarta-feira, 4 de junho de 2025, o Programa de P\u00f3s-Gradua\u00e7\u00e3o em Direito Negocial (PPGDN) da Universidade Estadual de Londrina (UEL) realizou uma reuni\u00e3o institucional com representantes da <strong>Universidad Cat\u00f3lica de Santa Mar\u00eda (UCSM)<\/strong>, da cidade de Arequipa, no Peru, com o objetivo de fortalecer e ampliar o conv\u00eanio de coopera\u00e7\u00e3o acad\u00eamica j\u00e1 existente entre as institui\u00e7\u00f5es.<\/p>\n\n\n\n<p>Participaram da reuni\u00e3o, pela UCSM, os professores <strong>Roxana Guti\u00e9rrez<\/strong>, <strong>Mois\u00e9s Del Carpio<\/strong> e <strong>Neil Tejada<\/strong>. Representaram o PPGDN\/UEL os docentes <strong>Clodomiro Bannwart<\/strong> (coordenador do programa), <strong>Marlene Kempfer<\/strong> e <strong>Patr\u00edcia Ayub da Costa<\/strong> (vice-coordenadora).<\/p>\n\n\n\n<div class=\"wp-block-group is-nowrap is-layout-flex wp-container-core-group-is-layout-ad2f72ca wp-block-group-is-layout-flex\">\n<p>O encontro teve como pauta principal a expans\u00e3o das possibilidades de interc\u00e2mbio acad\u00eamico, al\u00e9m de discutir a participa\u00e7\u00e3o de docentes em atividades como <strong>bancas de teses, projetos conjuntos de pesquisa e publica\u00e7\u00f5es internacionais<\/strong>.<\/p>\n<\/div>\n\n\n\n<div class=\"wp-block-group is-nowrap is-layout-flex wp-container-core-group-is-layout-ad2f72ca wp-block-group-is-layout-flex\">\n<p>Durante as tratativas, os representantes da UCSM destacaram que h\u00e1 possibilidades de coopera\u00e7\u00e3o tanto <strong>presencialmente<\/strong>, com estadas acad\u00eamicas de <strong>tr\u00eas a quatro semanas<\/strong> em Arequipa, quanto de forma <strong>remota<\/strong>, considerando que a universidade peruana tamb\u00e9m oferece programas 100% virtuais. A UCSM possui forte atua\u00e7\u00e3o na \u00e1rea de <strong>Direito Constitucional<\/strong>, o que abre oportunidades de intera\u00e7\u00e3o acad\u00eamica com as linhas de pesquisa desenvolvidas no PPGDN\/UEL.<\/p>\n<\/div>\n\n\n\n<div class=\"wp-block-group is-nowrap is-layout-flex wp-container-core-group-is-layout-ad2f72ca wp-block-group-is-layout-flex\">\n<p>Os participantes acordaram a elabora\u00e7\u00e3o de um <strong>plano de trabalho conjunto<\/strong>, com a indica\u00e7\u00e3o de docentes interessados nas atividades de coopera\u00e7\u00e3o, visando consolidar as a\u00e7\u00f5es de internacionaliza\u00e7\u00e3o entre as institui\u00e7\u00f5es.<\/p>\n<\/div>\n\n\n\n<div class=\"wp-block-group is-nowrap is-layout-flex wp-container-core-group-is-layout-ad2f72ca wp-block-group-is-layout-flex\">\n<p>Na oportunidade, tamb\u00e9m foram discutidas possibilidades de financiamento e apoio para mobilidade acad\u00eamica por meio de redes como a <strong>ZICOSUR Universit\u00e1ria<\/strong> e do <strong>Programa MOVE \u2013 La Am\u00e9rica<\/strong>, que incentivam a circula\u00e7\u00e3o de estudantes e professores na Am\u00e9rica Latina, fortalecendo a integra\u00e7\u00e3o regional.<\/p>\n<\/div>\n\n\n\n<div class=\"wp-block-group is-nowrap is-layout-flex wp-container-core-group-is-layout-ad2f72ca wp-block-group-is-layout-flex\">\n<p>A Professora Roxana Guti\u00e9rrez se comprometeu a encaminhar, nos pr\u00f3ximos dias, a estrutura do programa de p\u00f3s-gradua\u00e7\u00e3o da UCSM, o que permitir\u00e1 aprofundar as discuss\u00f5es e alinhar as possibilidades de colabora\u00e7\u00e3o.<\/p>\n<\/div>\n\n\n\n<p>Al\u00e9m disso, os professores do Peru foram convidados a participar do <strong>evento internacional que ser\u00e1 promovido pelo PPGDN\/UEL em setembro de 2025<\/strong>, que contar\u00e1 tamb\u00e9m com a presen\u00e7a de docentes da Espanha e do Paraguai, refor\u00e7ando os esfor\u00e7os do programa em ampliar sua rede de coopera\u00e7\u00e3o internacional.<\/p>\n\n\n\n<p>O PPGDN\/UEL tamb\u00e9m apresentou seu <strong>Programa de P\u00f3s-Doutorado<\/strong>, que despertou grande interesse dos professores peruanos, tendo em vista que a modalidade ainda n\u00e3o \u00e9 oferecida pela UCSM.<\/p>\n\n\n\n<p>O PPGDN\/UEL segue comprometido com sua miss\u00e3o de promover o desenvolvimento cient\u00edfico e acad\u00eamico, buscando cada vez mais integrar-se a redes de pesquisa e coopera\u00e7\u00e3o internacional.<\/p>\n\n\n\n<figure class=\"wp-block-gallery has-nested-images columns-default is-cropped wp-block-gallery-1 is-layout-flex wp-block-gallery-is-layout-flex\">\n<figure class=\"wp-block-image size-large\"><img loading=\"lazy\" decoding=\"async\" width=\"1024\" height=\"977\" data-id=\"1969\" src=\"https:\/\/pos.uel.br\/direito-negocial\/wp-content\/uploads\/2025\/06\/Captura-de-Tela-2025-06-04-a\u0300s-10.35.19-1-1024x977.png\" alt=\"\" class=\"wp-image-1969\" srcset=\"https:\/\/pos.uel.br\/direito-negocial\/wp-content\/uploads\/2025\/06\/Captura-de-Tela-2025-06-04-a\u0300s-10.35.19-1-1024x977.png 1024w, https:\/\/pos.uel.br\/direito-negocial\/wp-content\/uploads\/2025\/06\/Captura-de-Tela-2025-06-04-a\u0300s-10.35.19-1-300x286.png 300w, https:\/\/pos.uel.br\/direito-negocial\/wp-content\/uploads\/2025\/06\/Captura-de-Tela-2025-06-04-a\u0300s-10.35.19-1-768x733.png 768w, https:\/\/pos.uel.br\/direito-negocial\/wp-content\/uploads\/2025\/06\/Captura-de-Tela-2025-06-04-a\u0300s-10.35.19-1.png 1302w\" sizes=\"auto, (max-width: 1024px) 100vw, 1024px\" \/><\/figure>\n\n\n\n<figure class=\"wp-block-image size-large\"><img loading=\"lazy\" decoding=\"async\" width=\"630\" height=\"1024\" data-id=\"1968\" src=\"https:\/\/pos.uel.br\/direito-negocial\/wp-content\/uploads\/2025\/06\/WhatsApp-Image-2025-06-04-at-13.22.01-3-630x1024.jpeg\" alt=\"\" class=\"wp-image-1968\" srcset=\"https:\/\/pos.uel.br\/direito-negocial\/wp-content\/uploads\/2025\/06\/WhatsApp-Image-2025-06-04-at-13.22.01-3-630x1024.jpeg 630w, https:\/\/pos.uel.br\/direito-negocial\/wp-content\/uploads\/2025\/06\/WhatsApp-Image-2025-06-04-at-13.22.01-3-184x300.jpeg 184w, https:\/\/pos.uel.br\/direito-negocial\/wp-content\/uploads\/2025\/06\/WhatsApp-Image-2025-06-04-at-13.22.01-3-768x1249.jpeg 768w, https:\/\/pos.uel.br\/direito-negocial\/wp-content\/uploads\/2025\/06\/WhatsApp-Image-2025-06-04-at-13.22.01-3.jpeg 771w\" sizes=\"auto, (max-width: 630px) 100vw, 630px\" \/><\/figure>\n<\/figure>\n","protected":false},"excerpt":{"rendered":"<p>Na manh\u00e3 desta quarta-feira, 4 de junho de 2025, o Programa de P\u00f3s-Gradua\u00e7\u00e3o em Direito Negocial (PPGDN) da Universidade Estadual de Londrina (UEL) realizou uma reuni\u00e3o institucional com representantes da Universidad Cat\u00f3lica de Santa Mar\u00eda (UCSM), da cidade de Arequipa, no Peru, com o objetivo de fortalecer e ampliar o conv\u00eanio de coopera\u00e7\u00e3o acad\u00eamica j\u00e1 [&hellip;]<\/p>\n","protected":false},"author":16,"featured_media":1969,"comment_status":"open","ping_status":"open","sticky":false,"template":"","format":"standard","meta":{"_acf_changed":false,"footnotes":""},"categories":[12],"tags":[],"class_list":["post-3007","post","type-post","status-publish","format-standard","has-post-thumbnail","hentry","category-noticias-ppgdn"],"acf":[],"_links":{"self":[{"href":"https:\/\/pos.uel.br\/direito-negocial\/wp-json\/wp\/v2\/posts\/3007","targetHints":{"allow":["GET"]}}],"collection":[{"href":"https:\/\/pos.uel.br\/direito-negocial\/wp-json\/wp\/v2\/posts"}],"about":[{"href":"https:\/\/pos.uel.br\/direito-negocial\/wp-json\/wp\/v2\/types\/post"}],"author":[{"embeddable":true,"href":"https:\/\/pos.uel.br\/direito-negocial\/wp-json\/wp\/v2\/users\/16"}],"replies":[{"embeddable":true,"href":"https:\/\/pos.uel.br\/direito-negocial\/wp-json\/wp\/v2\/comments?post=3007"}],"version-history":[{"count":1,"href":"https:\/\/pos.uel.br\/direito-negocial\/wp-json\/wp\/v2\/posts\/3007\/revisions"}],"predecessor-version":[{"id":3009,"href":"https:\/\/pos.uel.br\/direito-negocial\/wp-json\/wp\/v2\/posts\/3007\/revisions\/3009"}],"wp:featuredmedia":[{"embeddable":true,"href":"https:\/\/pos.uel.br\/direito-negocial\/wp-json\/wp\/v2\/media\/1969"}],"wp:attachment":[{"href":"https:\/\/pos.uel.br\/direito-negocial\/wp-json\/wp\/v2\/media?parent=3007"}],"wp:term":[{"taxonomy":"category","embeddable":true,"href":"https:\/\/pos.uel.br\/direito-negocial\/wp-json\/wp\/v2\/categories?post=3007"},{"taxonomy":"post_tag","embeddable":true,"href":"https:\/\/pos.uel.br\/direito-negocial\/wp-json\/wp\/v2\/tags?post=3007"}],"curies":[{"name":"wp","href":"https:\/\/api.w.org\/{rel}","templated":true}]}}