{"id":3005,"date":"2025-06-09T15:52:00","date_gmt":"2025-06-09T18:52:00","guid":{"rendered":"https:\/\/pos.uel.br\/direito-negocial\/?p=3005"},"modified":"2025-09-01T15:56:49","modified_gmt":"2025-09-01T18:56:49","slug":"ppgdn-uel-integra-debate-nacional-sobre-democracia-digital-e-desafios-das-redes-no-contexto-eleitoral","status":"publish","type":"post","link":"https:\/\/pos.uel.br\/direito-negocial\/sem-categoria\/2025\/06\/09\/ppgdn-uel-integra-debate-nacional-sobre-democracia-digital-e-desafios-das-redes-no-contexto-eleitoral\/","title":{"rendered":"PPGDN\/UEL INTEGRA DEBATE NACIONAL SOBRE DEMOCRACIA DIGITAL E DESAFIOS DAS REDES NO CONTEXTO ELEITORAL"},"content":{"rendered":"\n<p>O Programa de P\u00f3s-Gradua\u00e7\u00e3o em Direito Negocial da Universidade Estadual de Londrina (PPGDN\/UEL) esteve representado no evento \u201cJusti\u00e7a e Redes: Desafios da Democracia\u201d, promovido pelo Tribunal Regional Eleitoral do Paran\u00e1 (TRE-PR) no \u00faltimo dia 5 de junho. O encontro foi realizado no Audit\u00f3rio do TRE-PR, em Curitiba, com transmiss\u00e3o ao vivo pelo YouTube, reunindo autoridades do Judici\u00e1rio, representantes da imprensa, da academia e da sociedade civil.<\/p>\n\n\n\n<p>Durante o evento, o Prof. Dr. Clodomiro Jos\u00e9 Bannwart J\u00fanior, coordenador do PPGDN\/UEL, participou como painelista na mesa de discuss\u00e3o sobre voto eletr\u00f4nico, democracia digital e os desafios da nova realidade virtual. A presen\u00e7a do professor refor\u00e7ou o compromisso do programa com temas contempor\u00e2neos e de alta relev\u00e2ncia social e jur\u00eddica, como o combate \u00e0 desinforma\u00e7\u00e3o e a defesa dos princ\u00edpios democr\u00e1ticos em tempos de transforma\u00e7\u00e3o digital.<\/p>\n\n\n\n<p>A participa\u00e7\u00e3o do PPGDN no evento ressalta o papel da pesquisa e da produ\u00e7\u00e3o acad\u00eamica no enfrentamento dos desafios que impactam o Estado Democr\u00e1tico de Direito, especialmente no contexto das elei\u00e7\u00f5es e do uso \u00e9tico das plataformas digitais. O envolvimento do corpo docente do programa em iniciativas como esta demonstra a inser\u00e7\u00e3o da UEL nos debates nacionais sobre a preserva\u00e7\u00e3o e o aperfei\u00e7oamento das institui\u00e7\u00f5es democr\u00e1ticas brasileiras.<\/p>\n\n\n\n<p>O Programa de P\u00f3s-Gradua\u00e7\u00e3o em Direito Negocial da UEL reitera seu compromisso em contribuir, por meio da pesquisa, do ensino e da extens\u00e3o, para o fortalecimento de uma democracia inclusiva, participativa&nbsp;e&nbsp;informada.<\/p>\n\n\n\n<figure class=\"wp-block-gallery has-nested-images columns-default is-cropped wp-block-gallery-1 is-layout-flex wp-block-gallery-is-layout-flex\">\n<figure class=\"wp-block-image size-large\"><img loading=\"lazy\" decoding=\"async\" width=\"768\" height=\"1024\" data-id=\"1996\" src=\"https:\/\/pos.uel.br\/direito-negocial\/wp-content\/uploads\/2025\/06\/Imagem-do-WhatsApp-de-2025-06-09-as-19.21.55_ced9e921-768x1024.jpg\" alt=\"\" class=\"wp-image-1996\" srcset=\"https:\/\/pos.uel.br\/direito-negocial\/wp-content\/uploads\/2025\/06\/Imagem-do-WhatsApp-de-2025-06-09-as-19.21.55_ced9e921-768x1024.jpg 768w, https:\/\/pos.uel.br\/direito-negocial\/wp-content\/uploads\/2025\/06\/Imagem-do-WhatsApp-de-2025-06-09-as-19.21.55_ced9e921-225x300.jpg 225w, https:\/\/pos.uel.br\/direito-negocial\/wp-content\/uploads\/2025\/06\/Imagem-do-WhatsApp-de-2025-06-09-as-19.21.55_ced9e921-1152x1536.jpg 1152w, https:\/\/pos.uel.br\/direito-negocial\/wp-content\/uploads\/2025\/06\/Imagem-do-WhatsApp-de-2025-06-09-as-19.21.55_ced9e921-1536x2048.jpg 1536w, https:\/\/pos.uel.br\/direito-negocial\/wp-content\/uploads\/2025\/06\/Imagem-do-WhatsApp-de-2025-06-09-as-19.21.55_ced9e921-scaled.jpg 1920w\" sizes=\"auto, (max-width: 768px) 100vw, 768px\" \/><\/figure>\n\n\n\n<figure class=\"wp-block-image size-large\"><img loading=\"lazy\" decoding=\"async\" width=\"1024\" height=\"1022\" data-id=\"1995\" src=\"https:\/\/pos.uel.br\/direito-negocial\/wp-content\/uploads\/2025\/06\/Imagem-do-WhatsApp-de-2025-06-09-as-19.21.55_ede7885e-1024x1022.jpg\" alt=\"\" class=\"wp-image-1995\" srcset=\"https:\/\/pos.uel.br\/direito-negocial\/wp-content\/uploads\/2025\/06\/Imagem-do-WhatsApp-de-2025-06-09-as-19.21.55_ede7885e-1024x1022.jpg 1024w, https:\/\/pos.uel.br\/direito-negocial\/wp-content\/uploads\/2025\/06\/Imagem-do-WhatsApp-de-2025-06-09-as-19.21.55_ede7885e-300x300.jpg 300w, https:\/\/pos.uel.br\/direito-negocial\/wp-content\/uploads\/2025\/06\/Imagem-do-WhatsApp-de-2025-06-09-as-19.21.55_ede7885e-150x150.jpg 150w, https:\/\/pos.uel.br\/direito-negocial\/wp-content\/uploads\/2025\/06\/Imagem-do-WhatsApp-de-2025-06-09-as-19.21.55_ede7885e-768x766.jpg 768w, https:\/\/pos.uel.br\/direito-negocial\/wp-content\/uploads\/2025\/06\/Imagem-do-WhatsApp-de-2025-06-09-as-19.21.55_ede7885e.jpg 1280w\" sizes=\"auto, (max-width: 1024px) 100vw, 1024px\" \/><\/figure>\n\n\n\n<figure class=\"wp-block-image size-large\"><img loading=\"lazy\" decoding=\"async\" width=\"768\" height=\"1024\" data-id=\"1994\" src=\"https:\/\/pos.uel.br\/direito-negocial\/wp-content\/uploads\/2025\/06\/Imagem-do-WhatsApp-de-2025-06-09-as-19.21.56_10d21856-768x1024.jpg\" alt=\"\" class=\"wp-image-1994\" srcset=\"https:\/\/pos.uel.br\/direito-negocial\/wp-content\/uploads\/2025\/06\/Imagem-do-WhatsApp-de-2025-06-09-as-19.21.56_10d21856-768x1024.jpg 768w, https:\/\/pos.uel.br\/direito-negocial\/wp-content\/uploads\/2025\/06\/Imagem-do-WhatsApp-de-2025-06-09-as-19.21.56_10d21856-225x300.jpg 225w, https:\/\/pos.uel.br\/direito-negocial\/wp-content\/uploads\/2025\/06\/Imagem-do-WhatsApp-de-2025-06-09-as-19.21.56_10d21856-1152x1536.jpg 1152w, https:\/\/pos.uel.br\/direito-negocial\/wp-content\/uploads\/2025\/06\/Imagem-do-WhatsApp-de-2025-06-09-as-19.21.56_10d21856.jpg 1200w\" sizes=\"auto, (max-width: 768px) 100vw, 768px\" \/><\/figure>\n<\/figure>\n","protected":false},"excerpt":{"rendered":"<p>O Programa de P\u00f3s-Gradua\u00e7\u00e3o em Direito Negocial da Universidade Estadual de Londrina (PPGDN\/UEL) esteve representado no evento \u201cJusti\u00e7a e Redes: Desafios da Democracia\u201d, promovido pelo Tribunal Regional Eleitoral do Paran\u00e1 (TRE-PR) no \u00faltimo dia 5 de junho. O encontro foi realizado no Audit\u00f3rio do TRE-PR, em Curitiba, com transmiss\u00e3o ao vivo pelo YouTube, reunindo autoridades [&hellip;]<\/p>\n","protected":false},"author":16,"featured_media":1994,"comment_status":"open","ping_status":"open","sticky":false,"template":"","format":"standard","meta":{"_acf_changed":false,"footnotes":""},"categories":[1],"tags":[],"class_list":["post-3005","post","type-post","status-publish","format-standard","has-post-thumbnail","hentry","category-sem-categoria"],"acf":[],"_links":{"self":[{"href":"https:\/\/pos.uel.br\/direito-negocial\/wp-json\/wp\/v2\/posts\/3005","targetHints":{"allow":["GET"]}}],"collection":[{"href":"https:\/\/pos.uel.br\/direito-negocial\/wp-json\/wp\/v2\/posts"}],"about":[{"href":"https:\/\/pos.uel.br\/direito-negocial\/wp-json\/wp\/v2\/types\/post"}],"author":[{"embeddable":true,"href":"https:\/\/pos.uel.br\/direito-negocial\/wp-json\/wp\/v2\/users\/16"}],"replies":[{"embeddable":true,"href":"https:\/\/pos.uel.br\/direito-negocial\/wp-json\/wp\/v2\/comments?post=3005"}],"version-history":[{"count":1,"href":"https:\/\/pos.uel.br\/direito-negocial\/wp-json\/wp\/v2\/posts\/3005\/revisions"}],"predecessor-version":[{"id":3006,"href":"https:\/\/pos.uel.br\/direito-negocial\/wp-json\/wp\/v2\/posts\/3005\/revisions\/3006"}],"wp:featuredmedia":[{"embeddable":true,"href":"https:\/\/pos.uel.br\/direito-negocial\/wp-json\/wp\/v2\/media\/1994"}],"wp:attachment":[{"href":"https:\/\/pos.uel.br\/direito-negocial\/wp-json\/wp\/v2\/media?parent=3005"}],"wp:term":[{"taxonomy":"category","embeddable":true,"href":"https:\/\/pos.uel.br\/direito-negocial\/wp-json\/wp\/v2\/categories?post=3005"},{"taxonomy":"post_tag","embeddable":true,"href":"https:\/\/pos.uel.br\/direito-negocial\/wp-json\/wp\/v2\/tags?post=3005"}],"curies":[{"name":"wp","href":"https:\/\/api.w.org\/{rel}","templated":true}]}}