{"id":3003,"date":"2025-06-09T15:36:00","date_gmt":"2025-06-09T18:36:00","guid":{"rendered":"https:\/\/pos.uel.br\/direito-negocial\/?p=3003"},"modified":"2025-09-01T22:32:35","modified_gmt":"2025-09-02T01:32:35","slug":"alunos-da-uel-sao-premiados-em-congresso-nacional-de-direito-de-familia-e-sucessoes","status":"publish","type":"post","link":"https:\/\/pos.uel.br\/direito-negocial\/noticias-ppgdn\/2025\/06\/09\/alunos-da-uel-sao-premiados-em-congresso-nacional-de-direito-de-familia-e-sucessoes\/","title":{"rendered":"ALUNOS DA UEL S\u00c3O PREMIADOS EM CONGRESSO NACIONAL DE DIREITO DE FAM\u00cdLIA E SUCESS\u00d5ES"},"content":{"rendered":"\n<p>Nos dias 5 e 6 de junho, estudantes e docentes da Universidade Estadual de Londrina (UEL) se destacaram no II Congresso Cient\u00edfico da Comiss\u00e3o Nacional de Pesquisa do Instituto Brasileiro de Direito de Fam\u00edlia e Sucess\u00f5es (IBDFAM), realizado na Faculdade de Direito da Universidade de S\u00e3o Paulo (USP), campus de Ribeir\u00e3o Preto.<\/p>\n\n\n\n<p>Com o tema <strong>\u201cFam\u00edlia: vulnerabilidades na Era Digital\u201d<\/strong>, o evento reuniu juristas, pesquisadores e estudantes de diversas institui\u00e7\u00f5es do pa\u00eds para debater os desafios contempor\u00e2neos enfrentados pelas fam\u00edlias diante das inova\u00e7\u00f5es tecnol\u00f3gicas. A programa\u00e7\u00e3o contou com o lan\u00e7amento de obras de membros da Comiss\u00e3o de Pesquisa do IBDFAM, al\u00e9m de palestras com nomes de refer\u00eancia na \u00e1rea, como Marcos Ehrhardt J\u00fanior, Maria Fernanda Cesar Las Casas de Oliveira, Patr\u00edcia Sanches e Rolf Madaleno.<\/p>\n\n\n\n<p>O principal destaque do Congresso foi a apresenta\u00e7\u00e3o dos trabalhos acad\u00eamicos. A UEL teve expressiva participa\u00e7\u00e3o com <strong>16 artigos aprovados<\/strong>, envolvendo professores e alunos da gradua\u00e7\u00e3o, mestrado e doutorado em Direito, demonstrando a interliga\u00e7\u00e3o entre a gradua\u00e7\u00e3o e a P\u00f3s-gradua\u00e7\u00e3o <em>stricto sensu <\/em>na Universidade.<\/p>\n\n\n\n<p>A maior conquista da UEL veio com a <strong>premia\u00e7\u00e3o de melhor artigo do Congresso<\/strong>, concedida \u00e0s alunas <strong>Amanda Figueiredo Santos<\/strong> e <strong>Giovanna Accorsi Sanches<\/strong>, sob orienta\u00e7\u00e3o da professora e mestre <strong>Brenda Carolina Vicentini Mugnol<\/strong>, reconhecido como um trabalho de excel\u00eancia, cuja premia\u00e7\u00e3o foi apresentada pela vice-presidente do IBDFAM, Maria Berenice Dias.<\/p>\n\n\n\n<p>Al\u00e9m disso, <strong>t\u00eas artigos de estudantes e docentes da UEL<\/strong> receberam <strong>men\u00e7\u00e3o honrosa<\/strong>, figurando entre os melhores do evento cient\u00edfico. Os trabalhos agraciados foram:<\/p>\n\n\n\n<ul class=\"wp-block-list\">\n<li>&#8220;Entre likes e direitos: oversharenting e a prote\u00e7\u00e3o dos direitos da crian\u00e7a e do adolescente na era digital&#8221; &#8211; Giulia Marcelle Romanzini, Vivian Martins Sgarbi e Isabela Nabas Schiavon<\/li>\n\n\n\n<li>&#8220;Intelig\u00eancia artificial e deepfake na educa\u00e7\u00e3o familiar: como ensinar crian\u00e7as a identificar conte\u00fados falsos?&#8221; &#8211; Larissa Camargo Vallim, Lucas Andre Fazolin Haas e Lucas Mendon\u00e7a Trevisan<\/li>\n\n\n\n<li>&#8220;As din\u00e2micas do poder familiar nas comunidades ind\u00edgenas: uma an\u00e1lise da manuten\u00e7\u00e3o de seus costumes refletidos na ascens\u00e3o da era digital&#8221; &#8211; Juliana Carvalho Pav\u00e3o, Manuela Muniz Tim\u00f3teo da Silva e Victor Volpatto Ferreira<\/li>\n<\/ul>\n\n\n\n<p>A expressiva premia\u00e7\u00e3o reafirma o compromisso da UEL com a pesquisa cient\u00edfica de excel\u00eancia e a forma\u00e7\u00e3o de profissionais cr\u00edticos e comprometidos com as transforma\u00e7\u00f5es sociais.<\/p>\n\n\n\n<p>O reconhecimento nacional obtido por nossos alunos e professores evidencia o protagonismo da Universidade no cen\u00e1rio jur\u00eddico-acad\u00eamico brasileiro, especialmente no campo do Direito de Fam\u00edlia e Sucess\u00f5es.<\/p>\n\n\n\n<figure class=\"wp-block-gallery has-nested-images columns-default is-cropped wp-block-gallery-1 is-layout-flex wp-block-gallery-is-layout-flex\">\n<figure class=\"wp-block-image size-large\"><img loading=\"lazy\" decoding=\"async\" width=\"768\" height=\"1024\" data-id=\"2008\" src=\"https:\/\/pos.uel.br\/direito-negocial\/wp-content\/uploads\/2025\/06\/evento9-1-768x1024.jpg\" alt=\"\" class=\"wp-image-2008\" srcset=\"https:\/\/pos.uel.br\/direito-negocial\/wp-content\/uploads\/2025\/06\/evento9-1-768x1024.jpg 768w, https:\/\/pos.uel.br\/direito-negocial\/wp-content\/uploads\/2025\/06\/evento9-1-225x300.jpg 225w, https:\/\/pos.uel.br\/direito-negocial\/wp-content\/uploads\/2025\/06\/evento9-1-1152x1536.jpg 1152w, https:\/\/pos.uel.br\/direito-negocial\/wp-content\/uploads\/2025\/06\/evento9-1.jpg 1200w\" sizes=\"auto, (max-width: 768px) 100vw, 768px\" \/><\/figure>\n\n\n\n<figure class=\"wp-block-image size-large\"><img loading=\"lazy\" decoding=\"async\" width=\"768\" height=\"1024\" data-id=\"2006\" src=\"https:\/\/pos.uel.br\/direito-negocial\/wp-content\/uploads\/2025\/06\/evento7-768x1024.jpg\" alt=\"\" class=\"wp-image-2006\" srcset=\"https:\/\/pos.uel.br\/direito-negocial\/wp-content\/uploads\/2025\/06\/evento7-768x1024.jpg 768w, https:\/\/pos.uel.br\/direito-negocial\/wp-content\/uploads\/2025\/06\/evento7-225x300.jpg 225w, https:\/\/pos.uel.br\/direito-negocial\/wp-content\/uploads\/2025\/06\/evento7-1152x1536.jpg 1152w, https:\/\/pos.uel.br\/direito-negocial\/wp-content\/uploads\/2025\/06\/evento7.jpg 1200w\" sizes=\"auto, (max-width: 768px) 100vw, 768px\" \/><\/figure>\n\n\n\n<figure class=\"wp-block-image size-large\"><img loading=\"lazy\" decoding=\"async\" width=\"1024\" height=\"846\" data-id=\"2005\" src=\"https:\/\/pos.uel.br\/direito-negocial\/wp-content\/uploads\/2025\/06\/evento2-1024x846.jpg\" alt=\"\" class=\"wp-image-2005\" srcset=\"https:\/\/pos.uel.br\/direito-negocial\/wp-content\/uploads\/2025\/06\/evento2-1024x846.jpg 1024w, https:\/\/pos.uel.br\/direito-negocial\/wp-content\/uploads\/2025\/06\/evento2-300x248.jpg 300w, https:\/\/pos.uel.br\/direito-negocial\/wp-content\/uploads\/2025\/06\/evento2-768x635.jpg 768w, https:\/\/pos.uel.br\/direito-negocial\/wp-content\/uploads\/2025\/06\/evento2-1536x1269.jpg 1536w, https:\/\/pos.uel.br\/direito-negocial\/wp-content\/uploads\/2025\/06\/evento2.jpg 1600w\" sizes=\"auto, (max-width: 1024px) 100vw, 1024px\" \/><\/figure>\n\n\n\n<figure class=\"wp-block-image size-large\"><img loading=\"lazy\" decoding=\"async\" width=\"478\" height=\"1024\" data-id=\"2007\" src=\"https:\/\/pos.uel.br\/direito-negocial\/wp-content\/uploads\/2025\/06\/evento8-478x1024.jpg\" alt=\"\" class=\"wp-image-2007\" srcset=\"https:\/\/pos.uel.br\/direito-negocial\/wp-content\/uploads\/2025\/06\/evento8-478x1024.jpg 478w, https:\/\/pos.uel.br\/direito-negocial\/wp-content\/uploads\/2025\/06\/evento8-140x300.jpg 140w, https:\/\/pos.uel.br\/direito-negocial\/wp-content\/uploads\/2025\/06\/evento8.jpg 597w\" sizes=\"auto, (max-width: 478px) 100vw, 478px\" \/><\/figure>\n\n\n\n<figure class=\"wp-block-image size-large\"><img loading=\"lazy\" decoding=\"async\" width=\"576\" height=\"1024\" data-id=\"2003\" src=\"https:\/\/pos.uel.br\/direito-negocial\/wp-content\/uploads\/2025\/06\/evento6-576x1024.jpg\" alt=\"\" class=\"wp-image-2003\" srcset=\"https:\/\/pos.uel.br\/direito-negocial\/wp-content\/uploads\/2025\/06\/evento6-576x1024.jpg 576w, https:\/\/pos.uel.br\/direito-negocial\/wp-content\/uploads\/2025\/06\/evento6-169x300.jpg 169w, https:\/\/pos.uel.br\/direito-negocial\/wp-content\/uploads\/2025\/06\/evento6-768x1365.jpg 768w, https:\/\/pos.uel.br\/direito-negocial\/wp-content\/uploads\/2025\/06\/evento6-864x1536.jpg 864w, https:\/\/pos.uel.br\/direito-negocial\/wp-content\/uploads\/2025\/06\/evento6.jpg 900w\" sizes=\"auto, (max-width: 576px) 100vw, 576px\" \/><\/figure>\n\n\n\n<figure class=\"wp-block-image size-large\"><img loading=\"lazy\" decoding=\"async\" width=\"576\" height=\"1024\" data-id=\"2004\" src=\"https:\/\/pos.uel.br\/direito-negocial\/wp-content\/uploads\/2025\/06\/evento4-576x1024.jpg\" alt=\"\" class=\"wp-image-2004\" srcset=\"https:\/\/pos.uel.br\/direito-negocial\/wp-content\/uploads\/2025\/06\/evento4-576x1024.jpg 576w, https:\/\/pos.uel.br\/direito-negocial\/wp-content\/uploads\/2025\/06\/evento4-169x300.jpg 169w, https:\/\/pos.uel.br\/direito-negocial\/wp-content\/uploads\/2025\/06\/evento4-768x1365.jpg 768w, https:\/\/pos.uel.br\/direito-negocial\/wp-content\/uploads\/2025\/06\/evento4-864x1536.jpg 864w, https:\/\/pos.uel.br\/direito-negocial\/wp-content\/uploads\/2025\/06\/evento4.jpg 900w\" sizes=\"auto, (max-width: 576px) 100vw, 576px\" \/><\/figure>\n\n\n\n<figure class=\"wp-block-image size-large\"><img loading=\"lazy\" decoding=\"async\" width=\"576\" height=\"1024\" data-id=\"2002\" src=\"https:\/\/pos.uel.br\/direito-negocial\/wp-content\/uploads\/2025\/06\/evento5-576x1024.jpg\" alt=\"\" class=\"wp-image-2002\" srcset=\"https:\/\/pos.uel.br\/direito-negocial\/wp-content\/uploads\/2025\/06\/evento5-576x1024.jpg 576w, https:\/\/pos.uel.br\/direito-negocial\/wp-content\/uploads\/2025\/06\/evento5-169x300.jpg 169w, https:\/\/pos.uel.br\/direito-negocial\/wp-content\/uploads\/2025\/06\/evento5-768x1365.jpg 768w, https:\/\/pos.uel.br\/direito-negocial\/wp-content\/uploads\/2025\/06\/evento5-864x1536.jpg 864w, https:\/\/pos.uel.br\/direito-negocial\/wp-content\/uploads\/2025\/06\/evento5.jpg 900w\" sizes=\"auto, (max-width: 576px) 100vw, 576px\" \/><\/figure>\n\n\n\n<figure class=\"wp-block-image size-large\"><img loading=\"lazy\" decoding=\"async\" width=\"576\" height=\"1024\" data-id=\"2001\" src=\"https:\/\/pos.uel.br\/direito-negocial\/wp-content\/uploads\/2025\/06\/evento1-576x1024.jpg\" alt=\"\" class=\"wp-image-2001\" srcset=\"https:\/\/pos.uel.br\/direito-negocial\/wp-content\/uploads\/2025\/06\/evento1-576x1024.jpg 576w, https:\/\/pos.uel.br\/direito-negocial\/wp-content\/uploads\/2025\/06\/evento1-169x300.jpg 169w, https:\/\/pos.uel.br\/direito-negocial\/wp-content\/uploads\/2025\/06\/evento1.jpg 720w\" sizes=\"auto, (max-width: 576px) 100vw, 576px\" \/><\/figure>\n\n\n\n<figure class=\"wp-block-image size-large\"><img loading=\"lazy\" decoding=\"async\" width=\"1024\" height=\"768\" data-id=\"2000\" src=\"https:\/\/pos.uel.br\/direito-negocial\/wp-content\/uploads\/2025\/06\/eento3-1024x768.jpg\" alt=\"\" class=\"wp-image-2000\" srcset=\"https:\/\/pos.uel.br\/direito-negocial\/wp-content\/uploads\/2025\/06\/eento3-1024x768.jpg 1024w, https:\/\/pos.uel.br\/direito-negocial\/wp-content\/uploads\/2025\/06\/eento3-300x225.jpg 300w, https:\/\/pos.uel.br\/direito-negocial\/wp-content\/uploads\/2025\/06\/eento3-768x576.jpg 768w, https:\/\/pos.uel.br\/direito-negocial\/wp-content\/uploads\/2025\/06\/eento3-1536x1152.jpg 1536w, https:\/\/pos.uel.br\/direito-negocial\/wp-content\/uploads\/2025\/06\/eento3.jpg 1600w\" sizes=\"auto, (max-width: 1024px) 100vw, 1024px\" \/><\/figure>\n\n\n\n<figure class=\"wp-block-image size-large\"><img loading=\"lazy\" decoding=\"async\" width=\"768\" height=\"1024\" data-id=\"1999\" src=\"https:\/\/pos.uel.br\/direito-negocial\/wp-content\/uploads\/2025\/06\/evento10-768x1024.jpg\" alt=\"\" class=\"wp-image-1999\" srcset=\"https:\/\/pos.uel.br\/direito-negocial\/wp-content\/uploads\/2025\/06\/evento10-768x1024.jpg 768w, https:\/\/pos.uel.br\/direito-negocial\/wp-content\/uploads\/2025\/06\/evento10-225x300.jpg 225w, https:\/\/pos.uel.br\/direito-negocial\/wp-content\/uploads\/2025\/06\/evento10-1152x1536.jpg 1152w, https:\/\/pos.uel.br\/direito-negocial\/wp-content\/uploads\/2025\/06\/evento10.jpg 1200w\" sizes=\"auto, (max-width: 768px) 100vw, 768px\" \/><\/figure>\n\n\n\n<figure class=\"wp-block-image size-large\"><img loading=\"lazy\" decoding=\"async\" width=\"768\" height=\"1024\" data-id=\"1998\" src=\"https:\/\/pos.uel.br\/direito-negocial\/wp-content\/uploads\/2025\/06\/evento9-768x1024.jpg\" alt=\"\" class=\"wp-image-1998\" srcset=\"https:\/\/pos.uel.br\/direito-negocial\/wp-content\/uploads\/2025\/06\/evento9-768x1024.jpg 768w, https:\/\/pos.uel.br\/direito-negocial\/wp-content\/uploads\/2025\/06\/evento9-225x300.jpg 225w, https:\/\/pos.uel.br\/direito-negocial\/wp-content\/uploads\/2025\/06\/evento9-1152x1536.jpg 1152w, https:\/\/pos.uel.br\/direito-negocial\/wp-content\/uploads\/2025\/06\/evento9.jpg 1200w\" sizes=\"auto, (max-width: 768px) 100vw, 768px\" \/><\/figure>\n<\/figure>\n","protected":false},"excerpt":{"rendered":"<p>Nos dias 5 e 6 de junho, estudantes e docentes da Universidade Estadual de Londrina (UEL) se destacaram no II Congresso Cient\u00edfico da Comiss\u00e3o Nacional de Pesquisa do Instituto Brasileiro de Direito de Fam\u00edlia e Sucess\u00f5es (IBDFAM), realizado na Faculdade de Direito da Universidade de S\u00e3o Paulo (USP), campus de Ribeir\u00e3o Preto. Com o tema [&hellip;]<\/p>\n","protected":false},"author":16,"featured_media":2008,"comment_status":"open","ping_status":"open","sticky":false,"template":"","format":"standard","meta":{"_acf_changed":false,"footnotes":""},"categories":[28,30,12],"tags":[],"class_list":["post-3003","post","type-post","status-publish","format-standard","has-post-thumbnail","hentry","category-destaque-discente","category-eventos","category-noticias-ppgdn"],"acf":[],"_links":{"self":[{"href":"https:\/\/pos.uel.br\/direito-negocial\/wp-json\/wp\/v2\/posts\/3003","targetHints":{"allow":["GET"]}}],"collection":[{"href":"https:\/\/pos.uel.br\/direito-negocial\/wp-json\/wp\/v2\/posts"}],"about":[{"href":"https:\/\/pos.uel.br\/direito-negocial\/wp-json\/wp\/v2\/types\/post"}],"author":[{"embeddable":true,"href":"https:\/\/pos.uel.br\/direito-negocial\/wp-json\/wp\/v2\/users\/16"}],"replies":[{"embeddable":true,"href":"https:\/\/pos.uel.br\/direito-negocial\/wp-json\/wp\/v2\/comments?post=3003"}],"version-history":[{"count":1,"href":"https:\/\/pos.uel.br\/direito-negocial\/wp-json\/wp\/v2\/posts\/3003\/revisions"}],"predecessor-version":[{"id":3004,"href":"https:\/\/pos.uel.br\/direito-negocial\/wp-json\/wp\/v2\/posts\/3003\/revisions\/3004"}],"wp:featuredmedia":[{"embeddable":true,"href":"https:\/\/pos.uel.br\/direito-negocial\/wp-json\/wp\/v2\/media\/2008"}],"wp:attachment":[{"href":"https:\/\/pos.uel.br\/direito-negocial\/wp-json\/wp\/v2\/media?parent=3003"}],"wp:term":[{"taxonomy":"category","embeddable":true,"href":"https:\/\/pos.uel.br\/direito-negocial\/wp-json\/wp\/v2\/categories?post=3003"},{"taxonomy":"post_tag","embeddable":true,"href":"https:\/\/pos.uel.br\/direito-negocial\/wp-json\/wp\/v2\/tags?post=3003"}],"curies":[{"name":"wp","href":"https:\/\/api.w.org\/{rel}","templated":true}]}}