{"id":2997,"date":"2025-06-09T15:25:00","date_gmt":"2025-06-09T18:25:00","guid":{"rendered":"https:\/\/pos.uel.br\/direito-negocial\/?p=2997"},"modified":"2025-09-01T15:29:06","modified_gmt":"2025-09-01T18:29:06","slug":"projeto-de-extensao-coordenado-por-docente-do-ppgdn-uel-conquista-destaque-internacional-em-competicao-de-arbitragem","status":"publish","type":"post","link":"https:\/\/pos.uel.br\/direito-negocial\/sem-categoria\/2025\/06\/09\/projeto-de-extensao-coordenado-por-docente-do-ppgdn-uel-conquista-destaque-internacional-em-competicao-de-arbitragem\/","title":{"rendered":"PROJETO DE EXTENS\u00c3O COORDENADO POR DOCENTE DO PPGDN\/UEL CONQUISTA DESTAQUE INTERNACIONAL EM COMPETI\u00c7\u00c3O DE ARBITRAGEM"},"content":{"rendered":"\n<div class=\"wp-block-media-text has-media-on-the-right is-stacked-on-mobile\" style=\"grid-template-columns:auto 47%\"><div class=\"wp-block-media-text__content\">\n<p>O Programa de P\u00f3s-Gradua\u00e7\u00e3o em Direito Negocial da Universidade Estadual de Londrina (PPGDN\/UEL) celebra mais uma conquista de seus docentes e alunos: a equipe de arbitragem da UEL, coordenada pela Prof\u00aa Dra. Patr\u00edcia Ayub da Costa \u2014 vice-coordenadora do PPGDN\/UEL \u2014, obteve o vice-campeonato geral na VII Competi\u00e7\u00e3o de Arbitragem CAMAGRO, uma das mais importantes do cen\u00e1rio nacional.<\/p>\n\n\n\n<p>O projeto de extens\u00e3o, que vem se consolidando como uma refer\u00eancia no cen\u00e1rio da arbitragem empresarial, \u00e9 exemplo do forte compromisso do PPGDN\/UEL com a forma\u00e7\u00e3o pr\u00e1tica e internacionalizada dos seus alunos, promovendo a integra\u00e7\u00e3o entre a gradua\u00e7\u00e3o e a p\u00f3s-gradua\u00e7\u00e3o.<\/p>\n\n\n\n<p>A trajet\u00f3ria da equipe nesta edi\u00e7\u00e3o da CAMAGRO foi marcada por resultados expressivos:<\/p>\n\n\n\n<p>Campe\u00e3 da etapa Regional Sul, realizada em Florian\u00f3polis;<\/p>\n\n\n\n<p>1\u00ba lugar na fase classificat\u00f3ria da Regi\u00e3o Sudeste;<\/p>\n\n\n\n<p>1\u00ba lugar na fase classificat\u00f3ria regional;<\/p>\n\n\n\n<p>Vice-campe\u00e3 geral da VII CAMAGRO.<\/p>\n\n\n\n<p>Al\u00e9m do resultado coletivo, a equipe tamb\u00e9m brilhou individualmente: tr\u00eas oradores da UEL figuraram entre os 10 melhores da competi\u00e7\u00e3o, ocupando as 4\u00aa, 5\u00aa e 7\u00aa posi\u00e7\u00f5es no ranking geral de oradores.<\/p>\n\n\n\n<p>A participa\u00e7\u00e3o e o desempenho da equipe refor\u00e7am a import\u00e2ncia do projeto coordenado pela Prof\u00aa Patr\u00edcia Ayub da Costa, que alia excel\u00eancia acad\u00eamica, forma\u00e7\u00e3o pr\u00e1tica e atua\u00e7\u00e3o internacional. O projeto tamb\u00e9m evidencia o papel estrat\u00e9gico do PPGDN\/UEL na promo\u00e7\u00e3o de experi\u00eancias acad\u00eamicas enriquecedoras e na forma\u00e7\u00e3o de profissionais altamente capacitados, comprometidos com a pr\u00e1tica jur\u00eddica de excel\u00eancia.<\/p>\n\n\n\n<p>O PPGDN\/UEL parabeniza a professora Patr\u00edcia Ayub da Costa, os estudantes da equipe de arbitragem e todos os envolvidos no projeto, destacando o orgulho da UEL em contar com iniciativas que consolidam a inser\u00e7\u00e3o internacional da institui\u00e7\u00e3o e fortalecem os la\u00e7os entre a p\u00f3s-gradua\u00e7\u00e3o&nbsp;e&nbsp;a&nbsp;gradua\u00e7\u00e3o.<\/p>\n\n\n\n<p class=\"has-text-align-right\">Fonte: Comunica\u00e7\u00e3o PPGDN &#8211; UEL<\/p>\n<\/div><figure class=\"wp-block-media-text__media\"><img loading=\"lazy\" decoding=\"async\" width=\"768\" height=\"1024\" src=\"https:\/\/pos.uel.br\/direito-negocial\/wp-content\/uploads\/2025\/06\/Imagem-do-WhatsApp-de-2025-06-09-as-19.54.30_864ed717-768x1024.jpg\" alt=\"\" class=\"wp-image-2014 size-full\" srcset=\"https:\/\/pos.uel.br\/direito-negocial\/wp-content\/uploads\/2025\/06\/Imagem-do-WhatsApp-de-2025-06-09-as-19.54.30_864ed717-768x1024.jpg 768w, https:\/\/pos.uel.br\/direito-negocial\/wp-content\/uploads\/2025\/06\/Imagem-do-WhatsApp-de-2025-06-09-as-19.54.30_864ed717-225x300.jpg 225w, https:\/\/pos.uel.br\/direito-negocial\/wp-content\/uploads\/2025\/06\/Imagem-do-WhatsApp-de-2025-06-09-as-19.54.30_864ed717.jpg 960w\" sizes=\"auto, (max-width: 768px) 100vw, 768px\" \/><\/figure><\/div>\n\n\n\n<p><\/p>\n","protected":false},"excerpt":{"rendered":"<p>O Programa de P\u00f3s-Gradua\u00e7\u00e3o em Direito Negocial da Universidade Estadual de Londrina (PPGDN\/UEL) celebra mais uma conquista de seus docentes e alunos: a equipe de arbitragem da UEL, coordenada pela Prof\u00aa Dra. Patr\u00edcia Ayub da Costa \u2014 vice-coordenadora do PPGDN\/UEL \u2014, obteve o vice-campeonato geral na VII Competi\u00e7\u00e3o de Arbitragem CAMAGRO, uma das mais importantes [&hellip;]<\/p>\n","protected":false},"author":16,"featured_media":2014,"comment_status":"open","ping_status":"open","sticky":false,"template":"","format":"standard","meta":{"_acf_changed":false,"footnotes":""},"categories":[1],"tags":[],"class_list":["post-2997","post","type-post","status-publish","format-standard","has-post-thumbnail","hentry","category-sem-categoria"],"acf":[],"_links":{"self":[{"href":"https:\/\/pos.uel.br\/direito-negocial\/wp-json\/wp\/v2\/posts\/2997","targetHints":{"allow":["GET"]}}],"collection":[{"href":"https:\/\/pos.uel.br\/direito-negocial\/wp-json\/wp\/v2\/posts"}],"about":[{"href":"https:\/\/pos.uel.br\/direito-negocial\/wp-json\/wp\/v2\/types\/post"}],"author":[{"embeddable":true,"href":"https:\/\/pos.uel.br\/direito-negocial\/wp-json\/wp\/v2\/users\/16"}],"replies":[{"embeddable":true,"href":"https:\/\/pos.uel.br\/direito-negocial\/wp-json\/wp\/v2\/comments?post=2997"}],"version-history":[{"count":1,"href":"https:\/\/pos.uel.br\/direito-negocial\/wp-json\/wp\/v2\/posts\/2997\/revisions"}],"predecessor-version":[{"id":2998,"href":"https:\/\/pos.uel.br\/direito-negocial\/wp-json\/wp\/v2\/posts\/2997\/revisions\/2998"}],"wp:featuredmedia":[{"embeddable":true,"href":"https:\/\/pos.uel.br\/direito-negocial\/wp-json\/wp\/v2\/media\/2014"}],"wp:attachment":[{"href":"https:\/\/pos.uel.br\/direito-negocial\/wp-json\/wp\/v2\/media?parent=2997"}],"wp:term":[{"taxonomy":"category","embeddable":true,"href":"https:\/\/pos.uel.br\/direito-negocial\/wp-json\/wp\/v2\/categories?post=2997"},{"taxonomy":"post_tag","embeddable":true,"href":"https:\/\/pos.uel.br\/direito-negocial\/wp-json\/wp\/v2\/tags?post=2997"}],"curies":[{"name":"wp","href":"https:\/\/api.w.org\/{rel}","templated":true}]}}