{"id":2993,"date":"2025-06-02T15:07:00","date_gmt":"2025-06-02T18:07:00","guid":{"rendered":"https:\/\/pos.uel.br\/direito-negocial\/?p=2993"},"modified":"2025-09-01T15:24:53","modified_gmt":"2025-09-01T18:24:53","slug":"aluna-do-ppgdnuel-participa-do-programa-missao-empresarial-no-exterior-e-visita-a-inglaterra","status":"publish","type":"post","link":"https:\/\/pos.uel.br\/direito-negocial\/sem-categoria\/2025\/06\/02\/aluna-do-ppgdnuel-participa-do-programa-missao-empresarial-no-exterior-e-visita-a-inglaterra\/","title":{"rendered":"ALUNA DO PPGDNUEL PARTICIPA DO PROGRAMA &#8220;MISS\u00c3O EMPRESARIAL NO EXTERIOR&#8221; E VISITA A INGLATERRA"},"content":{"rendered":"\n<p>O Projeto de Extens\u00e3o &#8220;Miss\u00e3o Empresarial no Exterior: Ingl\u00eas e Atua\u00e7\u00e3o Profissional&#8221; do curso de Secretariado Executivo, liderado pela profa. Marluce Fagotti ocorreu durante os dias 17 de maio e 01 de junho. Participaram 15 profissionais das mais variadas \u00e1reas do conhecimento, entre eles, a mestranda de Direito Negocial, Fernanda Batelochi Santos. Al\u00e9m de conhecer v\u00e1rias atra\u00e7\u00f5es tur\u00edsticas, o projeto trouxe como ponto principal a autonomia no exterior e a imers\u00e3o na cultura inglesa. Foi uma \u00f3tima experi\u00eancia de interc\u00e2mbio entre os participantes, que aprenderam sobre a vida na Inglaterra, como funcionam os contratos &#8211; principalmente os imobili\u00e1rios &#8211; e as possibilidades de coopera\u00e7\u00e3o entre Universidades. Entre essas Universidades, os participantes conheceram a Oxford Brookes University, na cidade de Oxford e o campus &#8220;Christ Church&#8221; da Oxford University. Outros momentos tamb\u00e9m foram interessantes, como a visita \u00e0 seguradora Lloyd e ao Parlamento Ingl\u00eas &#8211; com visitas guiadas em ambos os locais. Dessa forma, foi poss\u00edvel conhecer o lado jur\u00eddico do pa\u00eds, as tradi\u00e7\u00f5es inglesas e a atual situa\u00e7\u00e3o de vida dos cidad\u00e3os &#8211; o que corroborou para um enriquecimento cultural, da l\u00edngua inglesa e das rela\u00e7\u00f5es interpessoais como um todo.<\/p>\n\n\n\n<figure class=\"wp-block-gallery has-nested-images columns-default is-cropped wp-block-gallery-1 is-layout-flex wp-block-gallery-is-layout-flex\">\n<figure class=\"wp-block-image size-large\"><img loading=\"lazy\" decoding=\"async\" width=\"768\" height=\"1024\" data-id=\"2064\" src=\"https:\/\/pos.uel.br\/direito-negocial\/wp-content\/uploads\/2025\/06\/WhatsApp-Image-2025-06-23-at-07.59.57-1-768x1024.jpeg\" alt=\"\" class=\"wp-image-2064\" srcset=\"https:\/\/pos.uel.br\/direito-negocial\/wp-content\/uploads\/2025\/06\/WhatsApp-Image-2025-06-23-at-07.59.57-1-768x1024.jpeg 768w, https:\/\/pos.uel.br\/direito-negocial\/wp-content\/uploads\/2025\/06\/WhatsApp-Image-2025-06-23-at-07.59.57-1-225x300.jpeg 225w, https:\/\/pos.uel.br\/direito-negocial\/wp-content\/uploads\/2025\/06\/WhatsApp-Image-2025-06-23-at-07.59.57-1-1152x1536.jpeg 1152w, https:\/\/pos.uel.br\/direito-negocial\/wp-content\/uploads\/2025\/06\/WhatsApp-Image-2025-06-23-at-07.59.57-1.jpeg 1200w\" sizes=\"auto, (max-width: 768px) 100vw, 768px\" \/><\/figure>\n\n\n\n<figure class=\"wp-block-image size-large\"><img loading=\"lazy\" decoding=\"async\" width=\"768\" height=\"1024\" data-id=\"2067\" src=\"https:\/\/pos.uel.br\/direito-negocial\/wp-content\/uploads\/2025\/06\/WhatsApp-Image-2025-06-23-at-07.59.58-3-768x1024.jpeg\" alt=\"\" class=\"wp-image-2067\" srcset=\"https:\/\/pos.uel.br\/direito-negocial\/wp-content\/uploads\/2025\/06\/WhatsApp-Image-2025-06-23-at-07.59.58-3-768x1024.jpeg 768w, https:\/\/pos.uel.br\/direito-negocial\/wp-content\/uploads\/2025\/06\/WhatsApp-Image-2025-06-23-at-07.59.58-3-225x300.jpeg 225w, https:\/\/pos.uel.br\/direito-negocial\/wp-content\/uploads\/2025\/06\/WhatsApp-Image-2025-06-23-at-07.59.58-3-1152x1536.jpeg 1152w, https:\/\/pos.uel.br\/direito-negocial\/wp-content\/uploads\/2025\/06\/WhatsApp-Image-2025-06-23-at-07.59.58-3.jpeg 1200w\" sizes=\"auto, (max-width: 768px) 100vw, 768px\" \/><\/figure>\n\n\n\n<figure class=\"wp-block-image size-large\"><img loading=\"lazy\" decoding=\"async\" width=\"768\" height=\"1024\" data-id=\"2065\" src=\"https:\/\/pos.uel.br\/direito-negocial\/wp-content\/uploads\/2025\/06\/WhatsApp-Image-2025-06-23-at-07.59.58-2-1-768x1024.jpeg\" alt=\"\" class=\"wp-image-2065\" srcset=\"https:\/\/pos.uel.br\/direito-negocial\/wp-content\/uploads\/2025\/06\/WhatsApp-Image-2025-06-23-at-07.59.58-2-1-768x1024.jpeg 768w, https:\/\/pos.uel.br\/direito-negocial\/wp-content\/uploads\/2025\/06\/WhatsApp-Image-2025-06-23-at-07.59.58-2-1-225x300.jpeg 225w, https:\/\/pos.uel.br\/direito-negocial\/wp-content\/uploads\/2025\/06\/WhatsApp-Image-2025-06-23-at-07.59.58-2-1-1152x1536.jpeg 1152w, https:\/\/pos.uel.br\/direito-negocial\/wp-content\/uploads\/2025\/06\/WhatsApp-Image-2025-06-23-at-07.59.58-2-1.jpeg 1200w\" sizes=\"auto, (max-width: 768px) 100vw, 768px\" \/><\/figure>\n<\/figure>\n\n","protected":false},"excerpt":{"rendered":"<p>O Projeto de Extens\u00e3o &#8220;Miss\u00e3o Empresarial no Exterior: Ingl\u00eas e Atua\u00e7\u00e3o Profissional&#8221; do curso de Secretariado Executivo, liderado pela profa. Marluce Fagotti ocorreu durante os dias 17 de maio e 01 de junho. Participaram 15 profissionais das mais variadas \u00e1reas do conhecimento, entre eles, a mestranda de Direito Negocial, Fernanda Batelochi Santos. Al\u00e9m de conhecer [&hellip;]<\/p>\n","protected":false},"author":16,"featured_media":2067,"comment_status":"open","ping_status":"open","sticky":false,"template":"","format":"standard","meta":{"_acf_changed":false,"footnotes":""},"categories":[1],"tags":[],"class_list":["post-2993","post","type-post","status-publish","format-standard","has-post-thumbnail","hentry","category-sem-categoria"],"acf":[],"_links":{"self":[{"href":"https:\/\/pos.uel.br\/direito-negocial\/wp-json\/wp\/v2\/posts\/2993","targetHints":{"allow":["GET"]}}],"collection":[{"href":"https:\/\/pos.uel.br\/direito-negocial\/wp-json\/wp\/v2\/posts"}],"about":[{"href":"https:\/\/pos.uel.br\/direito-negocial\/wp-json\/wp\/v2\/types\/post"}],"author":[{"embeddable":true,"href":"https:\/\/pos.uel.br\/direito-negocial\/wp-json\/wp\/v2\/users\/16"}],"replies":[{"embeddable":true,"href":"https:\/\/pos.uel.br\/direito-negocial\/wp-json\/wp\/v2\/comments?post=2993"}],"version-history":[{"count":2,"href":"https:\/\/pos.uel.br\/direito-negocial\/wp-json\/wp\/v2\/posts\/2993\/revisions"}],"predecessor-version":[{"id":2996,"href":"https:\/\/pos.uel.br\/direito-negocial\/wp-json\/wp\/v2\/posts\/2993\/revisions\/2996"}],"wp:featuredmedia":[{"embeddable":true,"href":"https:\/\/pos.uel.br\/direito-negocial\/wp-json\/wp\/v2\/media\/2067"}],"wp:attachment":[{"href":"https:\/\/pos.uel.br\/direito-negocial\/wp-json\/wp\/v2\/media?parent=2993"}],"wp:term":[{"taxonomy":"category","embeddable":true,"href":"https:\/\/pos.uel.br\/direito-negocial\/wp-json\/wp\/v2\/categories?post=2993"},{"taxonomy":"post_tag","embeddable":true,"href":"https:\/\/pos.uel.br\/direito-negocial\/wp-json\/wp\/v2\/tags?post=2993"}],"curies":[{"name":"wp","href":"https:\/\/api.w.org\/{rel}","templated":true}]}}