{"id":2991,"date":"2025-06-27T15:00:00","date_gmt":"2025-06-27T18:00:00","guid":{"rendered":"https:\/\/pos.uel.br\/direito-negocial\/?p=2991"},"modified":"2025-09-01T15:06:56","modified_gmt":"2025-09-01T18:06:56","slug":"nota-de-pesar-ppgdn-uel-lamenta-o-falecimento-do-professor-roberto-wagner-marquesi","status":"publish","type":"post","link":"https:\/\/pos.uel.br\/direito-negocial\/noticias-ppgdn\/2025\/06\/27\/nota-de-pesar-ppgdn-uel-lamenta-o-falecimento-do-professor-roberto-wagner-marquesi\/","title":{"rendered":"NOTA DE PESAR &#8211; PPGDN UEL LAMENTA O FALECIMENTO DO PROFESSOR ROBERTO WAGNER MARQUESI"},"content":{"rendered":"<div class=\"wp-block-image\">\n<figure class=\"aligncenter size-full is-resized\"><img loading=\"lazy\" decoding=\"async\" width=\"837\" height=\"617\" src=\"https:\/\/pos.uel.br\/direito-negocial\/wp-content\/uploads\/2025\/06\/Imagem-do-WhatsApp-de-2025-06-27-as-09.54.05_2f65d520.jpg\" alt=\"\" class=\"wp-image-2080\" style=\"width:501px;height:auto\" srcset=\"https:\/\/pos.uel.br\/direito-negocial\/wp-content\/uploads\/2025\/06\/Imagem-do-WhatsApp-de-2025-06-27-as-09.54.05_2f65d520.jpg 837w, https:\/\/pos.uel.br\/direito-negocial\/wp-content\/uploads\/2025\/06\/Imagem-do-WhatsApp-de-2025-06-27-as-09.54.05_2f65d520-300x221.jpg 300w, https:\/\/pos.uel.br\/direito-negocial\/wp-content\/uploads\/2025\/06\/Imagem-do-WhatsApp-de-2025-06-27-as-09.54.05_2f65d520-768x566.jpg 768w\" sizes=\"auto, (max-width: 837px) 100vw, 837px\" \/><\/figure>\n<\/div>\n\n\n<p>Neste 27 de junho de 2025, um v\u00e9u de cinza e frio paira sobre nossos cora\u00e7\u00f5es, ecoando a melancolia que se espalha no ar. \u00c9 com uma tristeza imensur\u00e1vel que nos despedimos do nosso querido amigo e professor, Roberto Wagner Marquesi, que hoje, aos 58 anos, nos deixou.<\/p>\n\n\n\n<p>O professor Marquesi, como carinhosamente o cham\u00e1vamos, jamais ser\u00e1 esquecido. Ele ser\u00e1 lembrado por sua intelig\u00eancia incompar\u00e1vel, por seu esp\u00edrito que irradiava alegria contagiante e, acima de tudo, pela bravura com que viveu e lutou. Um exemplo de como enfrentar a vida com paix\u00e3o e coragem, mesmo diante dos maiores desafios.<\/p>\n\n\n\n<p>Confortamo-nos na certeza de que ele combateu o bom combate, trilhou seu caminho e concluiu sua jornada. Acreditamos que agora, nos bra\u00e7os do Pai Celestial, ele encontrar\u00e1 a paz e o descanso merecidos.<\/p>\n\n\n\n<p>Todo o nosso apoio a sua esposa e ao seu filho neste momento de profunda dor. Que o nosso amor, nossas ora\u00e7\u00f5es e as energias mais positivas os envolvam, oferecendo um alento neste per\u00edodo de despedida.<\/p>\n\n\n\n<p>Por aqui, ele segue vivo no cora\u00e7\u00e3o de cada aluno e colega que teve o privil\u00e9gio de aprender com ele e que carrega, no cotidiano acad\u00eamico e profissional, os ensinamentos que ele transmitiu com tanta generosidade.<\/p>\n\n\n\n<p>Ele segue presente nos textos que escreveu, naqueles que escreveremos utilizando seus estudos como refer\u00eancia, nas disserta\u00e7\u00f5es que orientou com dedica\u00e7\u00e3o, nas marcas que deixou em todos que cruzaram seu caminho, e nos ensinamentos sobre direitos reais, direito banc\u00e1rio e direito negocial.<\/p>\n\n\n\n<p>Prometemos que, com um sorriso no rosto, sempre que abrirmos uma lata de Coca-Cola, vamos lembrar com carinho das conversas nos corredores, das trocas leves e das risadas compartilhadas. Seu legado permanece&nbsp;vivo&nbsp;entre&nbsp;n\u00f3s.<\/p>\n\n\n\n<p>Sigamos juntos, honrando o legado de um homem que tocou tantas vidas e que sempre ser\u00e1&nbsp;parte&nbsp;de&nbsp;n\u00f3s.<\/p>\n\n\n\n<figure class=\"wp-block-gallery has-nested-images columns-default is-cropped wp-block-gallery-1 is-layout-flex wp-block-gallery-is-layout-flex\">\n<figure class=\"wp-block-image size-large\"><img loading=\"lazy\" decoding=\"async\" width=\"768\" height=\"1024\" data-id=\"2086\" src=\"https:\/\/pos.uel.br\/direito-negocial\/wp-content\/uploads\/2025\/06\/IMG-20250627-WA0063-768x1024.jpg\" alt=\"\" class=\"wp-image-2086\" srcset=\"https:\/\/pos.uel.br\/direito-negocial\/wp-content\/uploads\/2025\/06\/IMG-20250627-WA0063-768x1024.jpg 768w, https:\/\/pos.uel.br\/direito-negocial\/wp-content\/uploads\/2025\/06\/IMG-20250627-WA0063-225x300.jpg 225w, https:\/\/pos.uel.br\/direito-negocial\/wp-content\/uploads\/2025\/06\/IMG-20250627-WA0063.jpg 960w\" sizes=\"auto, (max-width: 768px) 100vw, 768px\" \/><\/figure>\n\n\n\n<figure class=\"wp-block-image size-large\"><img loading=\"lazy\" decoding=\"async\" width=\"768\" height=\"1024\" data-id=\"2084\" src=\"https:\/\/pos.uel.br\/direito-negocial\/wp-content\/uploads\/2025\/06\/IMG-20250627-WA0062-768x1024.jpg\" alt=\"\" class=\"wp-image-2084\" srcset=\"https:\/\/pos.uel.br\/direito-negocial\/wp-content\/uploads\/2025\/06\/IMG-20250627-WA0062-768x1024.jpg 768w, https:\/\/pos.uel.br\/direito-negocial\/wp-content\/uploads\/2025\/06\/IMG-20250627-WA0062-225x300.jpg 225w, https:\/\/pos.uel.br\/direito-negocial\/wp-content\/uploads\/2025\/06\/IMG-20250627-WA0062.jpg 960w\" sizes=\"auto, (max-width: 768px) 100vw, 768px\" \/><\/figure>\n\n\n\n<figure class=\"wp-block-image size-large\"><img loading=\"lazy\" decoding=\"async\" width=\"768\" height=\"1024\" data-id=\"2085\" src=\"https:\/\/pos.uel.br\/direito-negocial\/wp-content\/uploads\/2025\/06\/IMG-20250627-WA0061-768x1024.jpg\" alt=\"\" class=\"wp-image-2085\" srcset=\"https:\/\/pos.uel.br\/direito-negocial\/wp-content\/uploads\/2025\/06\/IMG-20250627-WA0061-768x1024.jpg 768w, https:\/\/pos.uel.br\/direito-negocial\/wp-content\/uploads\/2025\/06\/IMG-20250627-WA0061-225x300.jpg 225w, https:\/\/pos.uel.br\/direito-negocial\/wp-content\/uploads\/2025\/06\/IMG-20250627-WA0061.jpg 960w\" sizes=\"auto, (max-width: 768px) 100vw, 768px\" \/><\/figure>\n\n\n\n<figure class=\"wp-block-image size-large\"><img loading=\"lazy\" decoding=\"async\" width=\"768\" height=\"1024\" data-id=\"2081\" src=\"https:\/\/pos.uel.br\/direito-negocial\/wp-content\/uploads\/2025\/06\/IMG-20250627-WA0060-768x1024.jpg\" alt=\"\" class=\"wp-image-2081\" srcset=\"https:\/\/pos.uel.br\/direito-negocial\/wp-content\/uploads\/2025\/06\/IMG-20250627-WA0060-768x1024.jpg 768w, https:\/\/pos.uel.br\/direito-negocial\/wp-content\/uploads\/2025\/06\/IMG-20250627-WA0060-225x300.jpg 225w, https:\/\/pos.uel.br\/direito-negocial\/wp-content\/uploads\/2025\/06\/IMG-20250627-WA0060.jpg 960w\" sizes=\"auto, (max-width: 768px) 100vw, 768px\" \/><\/figure>\n\n\n\n<figure class=\"wp-block-image size-large\"><img loading=\"lazy\" decoding=\"async\" width=\"768\" height=\"1024\" data-id=\"2082\" src=\"https:\/\/pos.uel.br\/direito-negocial\/wp-content\/uploads\/2025\/06\/IMG-20250627-WA0059-768x1024.jpg\" alt=\"\" class=\"wp-image-2082\" srcset=\"https:\/\/pos.uel.br\/direito-negocial\/wp-content\/uploads\/2025\/06\/IMG-20250627-WA0059-768x1024.jpg 768w, https:\/\/pos.uel.br\/direito-negocial\/wp-content\/uploads\/2025\/06\/IMG-20250627-WA0059-225x300.jpg 225w, https:\/\/pos.uel.br\/direito-negocial\/wp-content\/uploads\/2025\/06\/IMG-20250627-WA0059.jpg 960w\" sizes=\"auto, (max-width: 768px) 100vw, 768px\" \/><\/figure>\n\n\n\n<figure class=\"wp-block-image size-large\"><img loading=\"lazy\" decoding=\"async\" width=\"768\" height=\"1024\" data-id=\"2083\" src=\"https:\/\/pos.uel.br\/direito-negocial\/wp-content\/uploads\/2025\/06\/IMG-20250627-WA0058-768x1024.jpg\" alt=\"\" class=\"wp-image-2083\" srcset=\"https:\/\/pos.uel.br\/direito-negocial\/wp-content\/uploads\/2025\/06\/IMG-20250627-WA0058-768x1024.jpg 768w, https:\/\/pos.uel.br\/direito-negocial\/wp-content\/uploads\/2025\/06\/IMG-20250627-WA0058-225x300.jpg 225w, https:\/\/pos.uel.br\/direito-negocial\/wp-content\/uploads\/2025\/06\/IMG-20250627-WA0058.jpg 960w\" sizes=\"auto, (max-width: 768px) 100vw, 768px\" \/><\/figure>\n<\/figure>\n\n","protected":false},"excerpt":{"rendered":"<p>Neste 27 de junho de 2025, um v\u00e9u de cinza e frio paira sobre nossos cora\u00e7\u00f5es, ecoando a melancolia que se espalha no ar. \u00c9 com uma tristeza imensur\u00e1vel que nos despedimos do nosso querido amigo e professor, Roberto Wagner Marquesi, que hoje, aos 58 anos, nos deixou. O professor Marquesi, como carinhosamente o cham\u00e1vamos, [&hellip;]<\/p>\n","protected":false},"author":16,"featured_media":2081,"comment_status":"open","ping_status":"open","sticky":false,"template":"","format":"standard","meta":{"_acf_changed":false,"footnotes":""},"categories":[12],"tags":[],"class_list":["post-2991","post","type-post","status-publish","format-standard","has-post-thumbnail","hentry","category-noticias-ppgdn"],"acf":[],"_links":{"self":[{"href":"https:\/\/pos.uel.br\/direito-negocial\/wp-json\/wp\/v2\/posts\/2991","targetHints":{"allow":["GET"]}}],"collection":[{"href":"https:\/\/pos.uel.br\/direito-negocial\/wp-json\/wp\/v2\/posts"}],"about":[{"href":"https:\/\/pos.uel.br\/direito-negocial\/wp-json\/wp\/v2\/types\/post"}],"author":[{"embeddable":true,"href":"https:\/\/pos.uel.br\/direito-negocial\/wp-json\/wp\/v2\/users\/16"}],"replies":[{"embeddable":true,"href":"https:\/\/pos.uel.br\/direito-negocial\/wp-json\/wp\/v2\/comments?post=2991"}],"version-history":[{"count":1,"href":"https:\/\/pos.uel.br\/direito-negocial\/wp-json\/wp\/v2\/posts\/2991\/revisions"}],"predecessor-version":[{"id":2992,"href":"https:\/\/pos.uel.br\/direito-negocial\/wp-json\/wp\/v2\/posts\/2991\/revisions\/2992"}],"wp:featuredmedia":[{"embeddable":true,"href":"https:\/\/pos.uel.br\/direito-negocial\/wp-json\/wp\/v2\/media\/2081"}],"wp:attachment":[{"href":"https:\/\/pos.uel.br\/direito-negocial\/wp-json\/wp\/v2\/media?parent=2991"}],"wp:term":[{"taxonomy":"category","embeddable":true,"href":"https:\/\/pos.uel.br\/direito-negocial\/wp-json\/wp\/v2\/categories?post=2991"},{"taxonomy":"post_tag","embeddable":true,"href":"https:\/\/pos.uel.br\/direito-negocial\/wp-json\/wp\/v2\/tags?post=2991"}],"curies":[{"name":"wp","href":"https:\/\/api.w.org\/{rel}","templated":true}]}}