{"id":2989,"date":"2025-06-30T14:56:00","date_gmt":"2025-06-30T17:56:00","guid":{"rendered":"https:\/\/pos.uel.br\/direito-negocial\/?p=2989"},"modified":"2025-09-01T14:59:56","modified_gmt":"2025-09-01T17:59:56","slug":"reitoria-declara-luto-oficial-pelo-falecimento-do-professor-roberto-wagner-marquesi","status":"publish","type":"post","link":"https:\/\/pos.uel.br\/direito-negocial\/noticias-ppgdn\/2025\/06\/30\/reitoria-declara-luto-oficial-pelo-falecimento-do-professor-roberto-wagner-marquesi\/","title":{"rendered":"REITORIA DECLARA LUTO OFICIAL PELO FALECIMENTO DO PROFESSOR ROBERTO WAGNER MARQUESI"},"content":{"rendered":"\n<div class=\"wp-block-media-text is-stacked-on-mobile\"><figure class=\"wp-block-media-text__media\"><img loading=\"lazy\" decoding=\"async\" width=\"724\" height=\"1024\" src=\"https:\/\/pos.uel.br\/direito-negocial\/wp-content\/uploads\/2025\/06\/Imagem-do-WhatsApp-de-2025-06-30-as-20.40.12_a686ad35-724x1024.jpg\" alt=\"\" class=\"wp-image-2089 size-full\" srcset=\"https:\/\/pos.uel.br\/direito-negocial\/wp-content\/uploads\/2025\/06\/Imagem-do-WhatsApp-de-2025-06-30-as-20.40.12_a686ad35-724x1024.jpg 724w, https:\/\/pos.uel.br\/direito-negocial\/wp-content\/uploads\/2025\/06\/Imagem-do-WhatsApp-de-2025-06-30-as-20.40.12_a686ad35-212x300.jpg 212w, https:\/\/pos.uel.br\/direito-negocial\/wp-content\/uploads\/2025\/06\/Imagem-do-WhatsApp-de-2025-06-30-as-20.40.12_a686ad35-768x1086.jpg 768w, https:\/\/pos.uel.br\/direito-negocial\/wp-content\/uploads\/2025\/06\/Imagem-do-WhatsApp-de-2025-06-30-as-20.40.12_a686ad35-1086x1536.jpg 1086w, https:\/\/pos.uel.br\/direito-negocial\/wp-content\/uploads\/2025\/06\/Imagem-do-WhatsApp-de-2025-06-30-as-20.40.12_a686ad35.jpg 1131w\" sizes=\"auto, (max-width: 724px) 100vw, 724px\" \/><\/figure><div class=\"wp-block-media-text__content\">\n<p>\u00c9 com imensa tristeza que o Programa de P\u00f3s-Gradua\u00e7\u00e3o em Direito Negocial da Universidade Estadual de Londrina comunica o falecimento do Professor Roberto Wagner Marquesi, ocorrido em 27 de junho de 2025.<\/p>\n\n\n\n<p>Em reconhecimento \u00e0 sua dedica\u00e7\u00e3o e \u00e0 sua hist\u00f3ria constru\u00edda dentro da Universidade, especialmente junto ao Departamento de Direito Privado do CESA e ao nosso Programa de P\u00f3s-Gradua\u00e7\u00e3o, a Reitoria da UEL declarou luto oficial por meio do Ato Executivo n.\u00ba 038\/2025, publicado em 30 de junho de 2025.<\/p>\n\n\n\n<p>Professor Marquesi foi exemplo de compromisso com o ensino e a pesquisa, sempre presente nas atividades acad\u00eamicas e na forma\u00e7\u00e3o de gera\u00e7\u00f5es de juristas. Foi tamb\u00e9m um amigo querido, generoso em gestos, ideias e parcerias.<\/p>\n\n\n\n<p>Mais uma vez, nossos sentimentos \u00e0 fam\u00edlia, aos amigos e a toda comunidade&nbsp;acad\u00eamica.<\/p>\n<\/div><\/div>\n","protected":false},"excerpt":{"rendered":"<p>\u00c9 com imensa tristeza que o Programa de P\u00f3s-Gradua\u00e7\u00e3o em Direito Negocial da Universidade Estadual de Londrina comunica o falecimento do Professor Roberto Wagner Marquesi, ocorrido em 27 de junho de 2025. Em reconhecimento \u00e0 sua dedica\u00e7\u00e3o e \u00e0 sua hist\u00f3ria constru\u00edda dentro da Universidade, especialmente junto ao Departamento de Direito Privado do CESA e [&hellip;]<\/p>\n","protected":false},"author":16,"featured_media":2089,"comment_status":"open","ping_status":"open","sticky":false,"template":"","format":"standard","meta":{"_acf_changed":false,"footnotes":""},"categories":[12],"tags":[],"class_list":["post-2989","post","type-post","status-publish","format-standard","has-post-thumbnail","hentry","category-noticias-ppgdn"],"acf":[],"_links":{"self":[{"href":"https:\/\/pos.uel.br\/direito-negocial\/wp-json\/wp\/v2\/posts\/2989","targetHints":{"allow":["GET"]}}],"collection":[{"href":"https:\/\/pos.uel.br\/direito-negocial\/wp-json\/wp\/v2\/posts"}],"about":[{"href":"https:\/\/pos.uel.br\/direito-negocial\/wp-json\/wp\/v2\/types\/post"}],"author":[{"embeddable":true,"href":"https:\/\/pos.uel.br\/direito-negocial\/wp-json\/wp\/v2\/users\/16"}],"replies":[{"embeddable":true,"href":"https:\/\/pos.uel.br\/direito-negocial\/wp-json\/wp\/v2\/comments?post=2989"}],"version-history":[{"count":1,"href":"https:\/\/pos.uel.br\/direito-negocial\/wp-json\/wp\/v2\/posts\/2989\/revisions"}],"predecessor-version":[{"id":2990,"href":"https:\/\/pos.uel.br\/direito-negocial\/wp-json\/wp\/v2\/posts\/2989\/revisions\/2990"}],"wp:featuredmedia":[{"embeddable":true,"href":"https:\/\/pos.uel.br\/direito-negocial\/wp-json\/wp\/v2\/media\/2089"}],"wp:attachment":[{"href":"https:\/\/pos.uel.br\/direito-negocial\/wp-json\/wp\/v2\/media?parent=2989"}],"wp:term":[{"taxonomy":"category","embeddable":true,"href":"https:\/\/pos.uel.br\/direito-negocial\/wp-json\/wp\/v2\/categories?post=2989"},{"taxonomy":"post_tag","embeddable":true,"href":"https:\/\/pos.uel.br\/direito-negocial\/wp-json\/wp\/v2\/tags?post=2989"}],"curies":[{"name":"wp","href":"https:\/\/api.w.org\/{rel}","templated":true}]}}