{"id":2987,"date":"2025-07-02T14:52:00","date_gmt":"2025-07-02T17:52:00","guid":{"rendered":"https:\/\/pos.uel.br\/direito-negocial\/?p=2987"},"modified":"2025-09-01T14:56:29","modified_gmt":"2025-09-01T17:56:29","slug":"ppgdn-uel-e-contemplado-com-tres-bolsas-de-mobilidade-internacional-pela-zicosur-universitario","status":"publish","type":"post","link":"https:\/\/pos.uel.br\/direito-negocial\/noticias-ppgdn\/2025\/07\/02\/ppgdn-uel-e-contemplado-com-tres-bolsas-de-mobilidade-internacional-pela-zicosur-universitario\/","title":{"rendered":"PPGDN-UEL \u00e9 contemplado com tr\u00eas bolsas de mobilidade internacional pela Zicosur Universit\u00e1rio"},"content":{"rendered":"\n<p>O Programa de P\u00f3s-Gradua\u00e7\u00e3o em Direito Negocial da UEL celebra a concess\u00e3o de tr\u00eas bolsas de mobilidade acad\u00eamica internacional no \u00e2mbito do Programa de Mobilidade Zicosur Universit\u00e1rio \u2013 Desenvolvimento Territorial Sustent\u00e1vel\/Miss\u00f5es de Estudos, com base na Chamada P\u00fablica 16\/2024, financiada pela Secretaria de Ci\u00eancia, Tecnologia e Ensino Superior do Paran\u00e1 (SETI) e pela Funda\u00e7\u00e3o Arauc\u00e1ria de Apoio ao Desenvolvimento Cient\u00edfico e Tecnol\u00f3gico do Paran\u00e1 (FA).<\/p>\n\n\n\n<div class=\"wp-block-group is-nowrap is-layout-flex wp-container-core-group-is-layout-ad2f72ca wp-block-group-is-layout-flex\">\n<figure class=\"wp-block-image size-full is-resized\"><img loading=\"lazy\" decoding=\"async\" width=\"415\" height=\"222\" src=\"https:\/\/pos.uel.br\/direito-negocial\/wp-content\/uploads\/2025\/07\/WhatsApp-Image-2025-07-02-at-11.17.24.jpeg\" alt=\"\" class=\"wp-image-2124\" style=\"width:372px;height:auto\" srcset=\"https:\/\/pos.uel.br\/direito-negocial\/wp-content\/uploads\/2025\/07\/WhatsApp-Image-2025-07-02-at-11.17.24.jpeg 415w, https:\/\/pos.uel.br\/direito-negocial\/wp-content\/uploads\/2025\/07\/WhatsApp-Image-2025-07-02-at-11.17.24-300x160.jpeg 300w\" sizes=\"auto, (max-width: 415px) 100vw, 415px\" \/><\/figure>\n\n\n\n<p>As bolsas foram destinadas aos seguintes pesquisadores:\n<strong>Bianca Chbane Conti<\/strong>, aluna de mestrado do programa, que realizar\u00e1 parte de suas atividades de pesquisa na Universidade Nacional de Misiones (UNaM), na Argentina;\n<strong>Adyr Garcia Ferreira Netto<\/strong>, pesquisador de p\u00f3s-doutorado vinculado ao PPGDN-UEL, que desenvolver\u00e1 seu est\u00e1gio de pesquisa na Universidad Nacional de Canindey\u00fa (UNICAN), no Paraguai;\n<strong>Maria Esmeralda Britez Miranda<\/strong>, pesquisadora de p\u00f3s-doutorado da Universidad Nacional de Canindey\u00fa (UNICAN), que realizar\u00e1 suas atividades de pesquisa junto ao nosso Programa de P\u00f3s-Gradua\u00e7\u00e3o.<\/p>\n<\/div>\n\n\n\n<p>Essas conquistas representam uma oportunidade de fortalecer os la\u00e7os de coopera\u00e7\u00e3o entre universidades latino-americanas, fomentar a internacionaliza\u00e7\u00e3o da pesquisa e promover a forma\u00e7\u00e3o de redes acad\u00eamicas comprometidas com os desafios regionais e globais do desenvolvimento sustent\u00e1vel.<\/p>\n\n\n\n<p>Nossos agradecimentos \u00e0 Assessoria de Rela\u00e7\u00f5es Internacionais da UEL (ARI), \u00e0 Zicosur Universit\u00e1rio, \u00e0 SETI e \u00e0 Funda\u00e7\u00e3o Arauc\u00e1ria pelo apoio e fomento \u00e0 mobilidade acad\u00eamica.<\/p>\n\n","protected":false},"excerpt":{"rendered":"<p>O Programa de P\u00f3s-Gradua\u00e7\u00e3o em Direito Negocial da UEL celebra a concess\u00e3o de tr\u00eas bolsas de mobilidade acad\u00eamica internacional no \u00e2mbito do Programa de Mobilidade Zicosur Universit\u00e1rio \u2013 Desenvolvimento Territorial Sustent\u00e1vel\/Miss\u00f5es de Estudos, com base na Chamada P\u00fablica 16\/2024, financiada pela Secretaria de Ci\u00eancia, Tecnologia e Ensino Superior do Paran\u00e1 (SETI) e pela Funda\u00e7\u00e3o Arauc\u00e1ria [&hellip;]<\/p>\n","protected":false},"author":16,"featured_media":2124,"comment_status":"open","ping_status":"open","sticky":false,"template":"","format":"standard","meta":{"_acf_changed":false,"footnotes":""},"categories":[32,12],"tags":[],"class_list":["post-2987","post","type-post","status-publish","format-standard","has-post-thumbnail","hentry","category-bolsas","category-noticias-ppgdn"],"acf":[],"_links":{"self":[{"href":"https:\/\/pos.uel.br\/direito-negocial\/wp-json\/wp\/v2\/posts\/2987","targetHints":{"allow":["GET"]}}],"collection":[{"href":"https:\/\/pos.uel.br\/direito-negocial\/wp-json\/wp\/v2\/posts"}],"about":[{"href":"https:\/\/pos.uel.br\/direito-negocial\/wp-json\/wp\/v2\/types\/post"}],"author":[{"embeddable":true,"href":"https:\/\/pos.uel.br\/direito-negocial\/wp-json\/wp\/v2\/users\/16"}],"replies":[{"embeddable":true,"href":"https:\/\/pos.uel.br\/direito-negocial\/wp-json\/wp\/v2\/comments?post=2987"}],"version-history":[{"count":1,"href":"https:\/\/pos.uel.br\/direito-negocial\/wp-json\/wp\/v2\/posts\/2987\/revisions"}],"predecessor-version":[{"id":2988,"href":"https:\/\/pos.uel.br\/direito-negocial\/wp-json\/wp\/v2\/posts\/2987\/revisions\/2988"}],"wp:featuredmedia":[{"embeddable":true,"href":"https:\/\/pos.uel.br\/direito-negocial\/wp-json\/wp\/v2\/media\/2124"}],"wp:attachment":[{"href":"https:\/\/pos.uel.br\/direito-negocial\/wp-json\/wp\/v2\/media?parent=2987"}],"wp:term":[{"taxonomy":"category","embeddable":true,"href":"https:\/\/pos.uel.br\/direito-negocial\/wp-json\/wp\/v2\/categories?post=2987"},{"taxonomy":"post_tag","embeddable":true,"href":"https:\/\/pos.uel.br\/direito-negocial\/wp-json\/wp\/v2\/tags?post=2987"}],"curies":[{"name":"wp","href":"https:\/\/api.w.org\/{rel}","templated":true}]}}